{"id":150266,"date":"2015-08-04T18:00:09","date_gmt":"2015-08-04T21:00:09","guid":{"rendered":"https:\/\/jundiai.sp.gov.br\/noticias\/?p=150266"},"modified":"2016-11-04T11:43:04","modified_gmt":"2016-11-04T13:43:04","slug":"prefeito-renova-convenio-com-corpo-de-bombeiros","status":"publish","type":"post","link":"https:\/\/jundiai.sp.gov.br\/noticias\/2015\/08\/04\/prefeito-renova-convenio-com-corpo-de-bombeiros\/","title":{"rendered":"Prefeito renova conv\u00eanio com Corpo de Bombeiros"},"content":{"rendered":"<p><strong>O termo de conv\u00eanio entre a Prefeitura de Jundia\u00ed e o Governo do Estado de S\u00e3o Paulo, por meio da Secretaria de Seguran\u00e7a P\u00fablica, que garante os servi\u00e7os do Corpo de Bombeiros por mais dez anos na cidade, foi assinado nesta ter\u00e7a-feira (4), no 1\u00ba andar do pr\u00e9dio da Secretaria de Seguran\u00e7a do Estado de S\u00e3o Paulo.<\/strong><\/p>\n<p>A reuni\u00e3o que sacramentou a renova\u00e7\u00e3o contou com as presen\u00e7as do prefeito Pedro Bigardi, do coordenador do Gabinete de Gest\u00e3o Integrada Municipal (GGIM), Jos\u00e9 Carlos Pires, e do secret\u00e1rio de Neg\u00f3cios Jur\u00eddicos, Edson Aparecido Rocha.<\/p>\n<p><strong>LEIA TAMB\u00c9M<br \/>\n<a href=\"https:\/\/jundiai.sp.gov.br\/noticias\/2015\/06\/29\/bombeiros-apresentam-nova-viatura-ao-prefeito\/\" target=\"_blank\"><strong>Bombeiros apresentam nova viatura ao prefeito<\/strong><\/a><br \/>\n<a href=\"https:\/\/jundiai.sp.gov.br\/noticias\/2015\/08\/04\/ronda-escolar-retoma-trabalho-apos-ferias-escolares\/\" target=\"_blank\"><strong>Ronda Escolar retoma trabalho ap\u00f3s f\u00e9rias escolares<\/strong><\/a><br \/>\n<a href=\"https:\/\/jundiai.sp.gov.br\/noticias\/2015\/08\/03\/populacao-pode-fazer-b-o-digital-no-site-da-prefeitura\/\" target=\"_blank\">Popula\u00e7\u00e3o pode fazer B.O. digital no site da Prefeitura<\/strong><br \/>\n<a href=\"https:\/\/jundiai.sp.gov.br\/noticias\/2015\/08\/03\/prefeito-participa-da-abertura-da-4a-semana-regional-do-bebe\/\" target=\"_blank\"><strong>Prefeito participa da abertura da 4\u00aa Semana Regional do Beb\u00ea<\/strong><\/a><\/p>\n<div id=\"attachment_150267\" style=\"width: 730px\" class=\"wp-caption aligncenter\"><a href=\"https:\/\/jundiai.sp.gov.br\/noticias\/wp-content\/uploads\/sites\/32\/2015\/08\/renovacao_convenio_bombeiros_P0G.jpg\"><img loading=\"lazy\" decoding=\"async\" aria-describedby=\"caption-attachment-150267\" src=\"https:\/\/jundiai.sp.gov.br\/noticias\/wp-content\/uploads\/sites\/32\/2015\/08\/renovacao_convenio_bombeiros_P0G-720x491.jpg\" alt=\"Encontro marca renova\u00e7\u00e3o do conv\u00eanio entre Jundia\u00ed e Estado \" width=\"720\" height=\"491\" class=\"size-large wp-image-150267\" srcset=\"https:\/\/jundiai.sp.gov.br\/noticias\/wp-content\/uploads\/sites\/32\/2015\/08\/renovacao_convenio_bombeiros_P0G-720x491.jpg 720w, https:\/\/jundiai.sp.gov.br\/noticias\/wp-content\/uploads\/sites\/32\/2015\/08\/renovacao_convenio_bombeiros_P0G-300x204.jpg 300w, https:\/\/jundiai.sp.gov.br\/noticias\/wp-content\/uploads\/sites\/32\/2015\/08\/renovacao_convenio_bombeiros_P0G.jpg 1240w\" sizes=\"auto, (max-width: 720px) 100vw, 720px\" \/><\/a><p id=\"caption-attachment-150267\" class=\"wp-caption-text\">Encontro marca renova\u00e7\u00e3o do conv\u00eanio entre Jundia\u00ed e Estado<\/p><\/div>\n<p>O conv\u00eanio \u00e9 no valor de R$ 7.546.883,00 por ano, sendo R$ 6.546.883,00 do or\u00e7amento do Estado e R$ 1 milh\u00e3o do municipal. Com este acordo, fica garantido \u00e0 popula\u00e7\u00e3o de Jundia\u00ed os servi\u00e7os de preven\u00e7\u00e3o e extin\u00e7\u00e3o de inc\u00eandios, busca e salvamento e outras atividades que estejam inseridas na atua\u00e7\u00e3o do Corpo de Bombeiros.<\/p>\n<p>\u201cA presen\u00e7a do Corpo de Bombeiros \u00e9 essencial para a popula\u00e7\u00e3o de Jundia\u00ed e sempre contou com o meu empenho para que a qualidade do trabalho se mantivesse no est\u00e1gio de total efici\u00eancia. Isso ocorre desde o tempo em que eu era deputado estadual. Trabalhei muito no sentido de trazer benef\u00edcios \u00e0 corpora\u00e7\u00e3o e agora n\u00e3o \u00e9 diferente\u201d, destaca.<\/p>\n<p>O Corpo de Bombeiros \u00e9 a for\u00e7a de seguran\u00e7a do Estado de S\u00e3o Paulo que tem a maior estima e traz votos de confian\u00e7a dos paulistas. O trabalho \u00e1rduo de combater inc\u00eandios, de resgate e salvamento de vidas, seja em terra como na \u00e1gua, s\u00e3o as justificativas dada pela popula\u00e7\u00e3o.<\/p>\n<p>O coordenador do gabinete de Gest\u00e3o Integrada Municipal (GGIM), Jos\u00e9 Carlos Pires, destaca que o Corpo de Bombeiros \u00e9 uma for\u00e7a fundamental dentro do plano de seguran\u00e7a integrado implantado na cidade. \u201cO servi\u00e7o \u00e9 de grande valia para a popula\u00e7\u00e3o. Em todos os eventos e ocorr\u00eancias em que \u00e9 requisitado, o Corpo de Bombeiros atua de maneira din\u00e2mica e eficaz ao lado de todas as nossas for\u00e7as de seguran\u00e7a\u201d, ressalta Pires.<\/p>\n<p><em><strong>Ivan Lopes<br \/>\nFoto: Paulo Gr\u00e9gio <\/strong><\/em><\/p>\n","protected":false},"excerpt":{"rendered":"<p>Assinatura garantiu mais dez anos dos Bombeiros na cidade. Tamb\u00e9m: B.O. digital via site est\u00e1 valendo <\/p>\n","protected":false},"author":10,"featured_media":150275,"comment_status":"closed","ping_status":"closed","sticky":false,"template":"","format":"standard","meta":{"footnotes":""},"categories":[2],"tags":[463,250,58],"ods":[],"class_list":["post-150266","post","type-post","status-publish","format-standard","has-post-thumbnail","hentry","category-noticias","tag-corpo-de-bombeiros","tag-gabinete-de-gestao-integrada-municipal-ggim","tag-prefeito"],"_links":{"self":[{"href":"https:\/\/jundiai.sp.gov.br\/noticias\/wp-json\/wp\/v2\/posts\/150266","targetHints":{"allow":["GET"]}}],"collection":[{"href":"https:\/\/jundiai.sp.gov.br\/noticias\/wp-json\/wp\/v2\/posts"}],"about":[{"href":"https:\/\/jundiai.sp.gov.br\/noticias\/wp-json\/wp\/v2\/types\/post"}],"author":[{"embeddable":true,"href":"https:\/\/jundiai.sp.gov.br\/noticias\/wp-json\/wp\/v2\/users\/10"}],"replies":[{"embeddable":true,"href":"https:\/\/jundiai.sp.gov.br\/noticias\/wp-json\/wp\/v2\/comments?post=150266"}],"version-history":[{"count":9,"href":"https:\/\/jundiai.sp.gov.br\/noticias\/wp-json\/wp\/v2\/posts\/150266\/revisions"}],"predecessor-version":[{"id":150293,"href":"https:\/\/jundiai.sp.gov.br\/noticias\/wp-json\/wp\/v2\/posts\/150266\/revisions\/150293"}],"wp:featuredmedia":[{"embeddable":true,"href":"https:\/\/jundiai.sp.gov.br\/noticias\/wp-json\/wp\/v2\/media\/150275"}],"wp:attachment":[{"href":"https:\/\/jundiai.sp.gov.br\/noticias\/wp-json\/wp\/v2\/media?parent=150266"}],"wp:term":[{"taxonomy":"category","embeddable":true,"href":"https:\/\/jundiai.sp.gov.br\/noticias\/wp-json\/wp\/v2\/categories?post=150266"},{"taxonomy":"post_tag","embeddable":true,"href":"https:\/\/jundiai.sp.gov.br\/noticias\/wp-json\/wp\/v2\/tags?post=150266"},{"taxonomy":"ods","embeddable":true,"href":"https:\/\/jundiai.sp.gov.br\/noticias\/wp-json\/wp\/v2\/ods?post=150266"}],"curies":[{"name":"wp","href":"https:\/\/api.w.org\/{rel}","templated":true}]}}