{"id":150342,"date":"2015-08-05T12:03:04","date_gmt":"2015-08-05T15:03:04","guid":{"rendered":"https:\/\/jundiai.sp.gov.br\/noticias\/?p=150342"},"modified":"2016-11-04T11:43:04","modified_gmt":"2016-11-04T13:43:04","slug":"fmj-debate-atendimento-de-saude-a-pessoa-com-deficiencia","status":"publish","type":"post","link":"https:\/\/jundiai.sp.gov.br\/noticias\/2015\/08\/05\/fmj-debate-atendimento-de-saude-a-pessoa-com-deficiencia\/","title":{"rendered":"FMJ debate atendimento de sa\u00fade \u00e0 pessoa com defici\u00eancia"},"content":{"rendered":"<p><iframe loading=\"lazy\" class=\"alignleft\" width=\"420\" height=\"315\" src=\"https:\/\/www.youtube.com\/embed\/r1pSGxic4xA\" frameborder=\"0\" allowfullscreen><\/iframe><strong>Na sexta-feira (21) e no s\u00e1bado (22), a <a href=\"http:\/\/fmj.br\/\" target=\"_blank\">Faculdade de Medicina de Jundia\u00ed (FMJ)<\/a> realiza o simp\u00f3sio \u201cNossas Defici\u00eancias\u201d, que vai discutir as principais dificuldades dos profissionais de sa\u00fade no atendimento \u00e0 pessoa com defici\u00eancia, com o objetivo de capacit\u00e1-los para um atendimento humanizado e com equidade.<\/strong><\/p>\n<p>Ser\u00e3o abordadas as <strong>defici\u00eancias visual, intelectual, auditiva, f\u00edsica e as ostomias (procedimento cir\u00fargico)<\/strong> por profissionais especialistas na \u00e1rea e refer\u00eancias na regi\u00e3o. O evento vai contar ainda com <strong>curso de libras<\/strong> e <strong>curso pr\u00e1tico de atendimento ambulatorial \u00e0 pessoa com defici\u00eancia f\u00edsica, intelectual, visual e auditiva<\/strong>.<\/p>\n<p>O simp\u00f3sio \u00e9 <strong>aberto para toda a comunidade<\/strong>. Para se inscrever, basta <strong><a href=\"http:\/\/fmj.br\/simposio\/\" target=\"_blank\">acessar o site da FMJ<\/a><\/strong>. O valor da inscri\u00e7\u00e3o, <strong>at\u00e9 este s\u00e1bado (8), para o simp\u00f3sio e o curso \u00e9 de R$ 15<\/strong>. Ap\u00f3s essa data, o valor passa para <strong>R$ 20<\/strong>.<\/p>\n<p><strong>Programa\u00e7\u00e3o do evento:<\/strong><br \/>\n<strong>Sexta-feira (21)<\/strong><\/p>\n<ul>\n<li><em> \u00c0s 18h: Credenciamento;<\/em><\/li>\n<li><em> \u00c0s 18h30: Abertura do evento;<\/em><\/li>\n<li><em> \u00c0s 18h50: O que \u00e9 defici\u00eancia? Uma vis\u00e3o baseada na Conven\u00e7\u00e3o sobre os Direitos das Pessoas com Defici\u00eancia. A nova Lei de Inclus\u00e3o da Pessoa com Defici\u00eancia;<\/em><\/li>\n<li><em> \u00c0s 20h: Mesa redonda: Rede de apoio \u00e0 pessoa com defici\u00eancia em Jundia\u00ed;<\/em><\/li>\n<\/ul>\n<p><strong>S\u00e1bado (22)<\/strong><br \/>\n<strong>BLOCO DEFICI\u00caNCIA AUDITIVA<\/strong><\/p>\n<ul>\n<li><em> \u00c0s 8h30: Fisiopatologia da defici\u00eancia auditiva e seus subtipos;<\/em><\/li>\n<li><em> \u00c0s 9h30: Enfrentando as barreiras no atendimento ao surdo;<\/em><\/li>\n<\/ul>\n<p><strong>BLOCO DEFICI\u00caNCIA VISUAL<\/strong><\/p>\n<ul>\n<li><em>\u00c0s 8h30: Defici\u00eancia visual: causas e classifica\u00e7\u00e3o;<\/em><\/li>\n<li><em> \u00c0s 9h30: Atendimento ao cego: o que n\u00e3o fazer;<\/em><\/li>\n<\/ul>\n<p><strong>BLOCO DEFICI\u00caNCIA F\u00cdSICA<\/strong><\/p>\n<ul>\n<li><em>\u00c0s 11h: Tipos de defici\u00eancias f\u00edsicas, causas principais, dificuldades no acesso aos servi\u00e7os de sa\u00fade;<\/em><\/li>\n<li><em> \u00c0s 12h: Necessidade de acesso \u2013 alternativas para acessibilidade aos servi\u00e7os de sa\u00fade, formas de abordar a pessoa com defici\u00eancia f\u00edsica;<\/em><\/li>\n<\/ul>\n<p><strong>BLOCO OSTOMIAS<\/strong><\/p>\n<ul>\n<li><em>\u00c0s 11h: Principais causas que levam \u00e0s ostomias e tipos de ostomias;<\/em><\/li>\n<li><em> \u00c0s 12h: A pessoa com ostomia na sociedade, limita\u00e7\u00f5es e preconceitos: como abordar?;<\/em><\/li>\n<\/ul>\n<p><strong>BLOCO DEFICI\u00caNCIA INTELECTUAL<\/strong><\/p>\n<ul>\n<li><em>\u00c0s 11h: Causas e principais tipos da defici\u00eancia intelectual<\/em><\/li>\n<li><em> \u00c0s 12h: Limita\u00e7\u00f5es da defici\u00eancia intelectual \u2013 como conduzir o atendimento?<\/em><\/li>\n<li><em> Curso de libras e atendimento pr\u00e1tico \u00e0 pacientes com os diversos tipos de defici\u00eancia<\/em><\/li>\n<\/ul>\n<p><strong><em>Assessoria de Imprensa FMJ<\/em><\/strong><\/p>\n","protected":false},"excerpt":{"rendered":"<p>Na sexta-feira (21) e no s\u00e1bado (22), a Faculdade de Medicina de Jundia\u00ed (FMJ) realiza o simp\u00f3sio \u201cNossas Defici\u00eancias\u201d, que vai discutir as principais dificuldades dos profissionais de sa\u00fade no atendimento \u00e0 pessoa com defici\u00eancia, com o objetivo de capacit\u00e1-los para um atendimento humanizado e com equidade. Ser\u00e3o abordadas as defici\u00eancias visual, intelectual, auditiva, f\u00edsica [&hellip;]<\/p>\n","protected":false},"author":14,"featured_media":0,"comment_status":"closed","ping_status":"closed","sticky":false,"template":"","format":"standard","meta":{"footnotes":""},"categories":[2],"tags":[378,3],"ods":[],"class_list":["post-150342","post","type-post","status-publish","format-standard","hentry","category-noticias","tag-faculdade-de-medicina-de-jundiai-fmj","tag-saude"],"_links":{"self":[{"href":"https:\/\/jundiai.sp.gov.br\/noticias\/wp-json\/wp\/v2\/posts\/150342","targetHints":{"allow":["GET"]}}],"collection":[{"href":"https:\/\/jundiai.sp.gov.br\/noticias\/wp-json\/wp\/v2\/posts"}],"about":[{"href":"https:\/\/jundiai.sp.gov.br\/noticias\/wp-json\/wp\/v2\/types\/post"}],"author":[{"embeddable":true,"href":"https:\/\/jundiai.sp.gov.br\/noticias\/wp-json\/wp\/v2\/users\/14"}],"replies":[{"embeddable":true,"href":"https:\/\/jundiai.sp.gov.br\/noticias\/wp-json\/wp\/v2\/comments?post=150342"}],"version-history":[{"count":6,"href":"https:\/\/jundiai.sp.gov.br\/noticias\/wp-json\/wp\/v2\/posts\/150342\/revisions"}],"predecessor-version":[{"id":151369,"href":"https:\/\/jundiai.sp.gov.br\/noticias\/wp-json\/wp\/v2\/posts\/150342\/revisions\/151369"}],"wp:attachment":[{"href":"https:\/\/jundiai.sp.gov.br\/noticias\/wp-json\/wp\/v2\/media?parent=150342"}],"wp:term":[{"taxonomy":"category","embeddable":true,"href":"https:\/\/jundiai.sp.gov.br\/noticias\/wp-json\/wp\/v2\/categories?post=150342"},{"taxonomy":"post_tag","embeddable":true,"href":"https:\/\/jundiai.sp.gov.br\/noticias\/wp-json\/wp\/v2\/tags?post=150342"},{"taxonomy":"ods","embeddable":true,"href":"https:\/\/jundiai.sp.gov.br\/noticias\/wp-json\/wp\/v2\/ods?post=150342"}],"curies":[{"name":"wp","href":"https:\/\/api.w.org\/{rel}","templated":true}]}}