{"id":150458,"date":"2015-08-06T12:12:22","date_gmt":"2015-08-06T15:12:22","guid":{"rendered":"https:\/\/jundiai.sp.gov.br\/noticias\/?p=150458"},"modified":"2016-11-04T11:43:08","modified_gmt":"2016-11-04T13:43:08","slug":"semana-do-bebe-primeira-dama-participa-de-atividades-no-sao-camilo","status":"publish","type":"post","link":"https:\/\/jundiai.sp.gov.br\/noticias\/2015\/08\/06\/semana-do-bebe-primeira-dama-participa-de-atividades-no-sao-camilo\/","title":{"rendered":"Semana do Beb\u00ea: S\u00e3o Camilo recebe primeira-dama para atividades"},"content":{"rendered":"<p><strong>A primeira-dama e presidente do <a href=\"https:\/\/www.facebook.com\/fundosocialsolidariedadedejundiai?fref=ts\" target=\"_blank\">Fundo Social de Solidariedade (Funss)<\/a>, Margarete Geraldo Bigardi, visitou nesta quarta-feira (5) a Unidade B\u00e1sica de Sa\u00fade (UBS) do Jardim S\u00e3o Camilo, para prestigiar as atividades da <a href=\"https:\/\/jundiai.sp.gov.br\/semana-do-bebe\/\" target=\"_blank\">4\u00aa Semana Regional e 1\u00aa Semana Municipal do Beb\u00ea<\/a>.  <\/strong><\/p>\n<p><strong>LEIA TAMB\u00c9M<br \/>\n<a href=\"https:\/\/jundiai.sp.gov.br\/noticias\/2015\/07\/31\/feira-da-amizade-abre-inscricoes-para-artistas-na-segunda-feira-3\/\" target=\"_blank\">\u2018Feira da Amizade\u2019 abre inscri\u00e7\u00f5es para artistas<\/a><br \/>\n<a href=\"https:\/\/jundiai.sp.gov.br\/noticias\/2015\/08\/04\/fundo-social-recebe-doacao-da-policia-civil\/\" target=\"_blank\">Fundo Social de Solidariedade recebe doa\u00e7\u00e3o da Pol\u00edcia Civil<\/a><\/strong><\/p>\n<div id=\"attachment_150460\" style=\"width: 730px\" class=\"wp-caption aligncenter\"><a href=\"https:\/\/jundiai.sp.gov.br\/noticias\/wp-content\/uploads\/sites\/32\/2015\/08\/semana_bebe_ubs_sao_camilo_P70G.jpg\"><img loading=\"lazy\" decoding=\"async\" aria-describedby=\"caption-attachment-150460\" src=\"https:\/\/jundiai.sp.gov.br\/noticias\/wp-content\/uploads\/sites\/32\/2015\/08\/semana_bebe_ubs_sao_camilo_P70G-720x463.jpg\" alt=\"Margarete destacou a import\u00e2ncia do evento\" width=\"720\" height=\"463\" class=\"size-large wp-image-150460\" srcset=\"https:\/\/jundiai.sp.gov.br\/noticias\/wp-content\/uploads\/sites\/32\/2015\/08\/semana_bebe_ubs_sao_camilo_P70G-720x463.jpg 720w, https:\/\/jundiai.sp.gov.br\/noticias\/wp-content\/uploads\/sites\/32\/2015\/08\/semana_bebe_ubs_sao_camilo_P70G-300x193.jpg 300w, https:\/\/jundiai.sp.gov.br\/noticias\/wp-content\/uploads\/sites\/32\/2015\/08\/semana_bebe_ubs_sao_camilo_P70G.jpg 1240w\" sizes=\"auto, (max-width: 720px) 100vw, 720px\" \/><\/a><p id=\"caption-attachment-150460\" class=\"wp-caption-text\">Margarete destacou a import\u00e2ncia do evento<\/p><\/div>\n<p>Margarete foi recebida pela equipe t\u00e9cnica da UBS e pelo vereador Jos\u00e9 Carlos Ferreira Dias. Ela conheceu os <strong>espa\u00e7os elaborados para a realiza\u00e7\u00e3o do evento<\/strong> e participou da <strong>roda de cantigas infantis<\/strong>, com as m\u00e3es e com as crian\u00e7as, comandada pelo poeta, cantador popular e contador de causos Eufra Modesto. <\/p>\n<p><div id=\"attachment_150462\" style=\"width: 410px\" class=\"wp-caption alignright\"><a href=\"https:\/\/jundiai.sp.gov.br\/noticias\/wp-content\/uploads\/sites\/32\/2015\/08\/semana_bebe_ubs_sao_camilo_P85G.jpg\"><img loading=\"lazy\" decoding=\"async\" aria-describedby=\"caption-attachment-150462\" src=\"https:\/\/jundiai.sp.gov.br\/noticias\/wp-content\/uploads\/sites\/32\/2015\/08\/semana_bebe_ubs_sao_camilo_P85G-720x461.jpg\" alt=\"Crian\u00e7as participaram das brincadeiras durante todo o dia\" width=\"400\" height=\"350\" class=\"size-large wp-image-150462\" \/><\/a><p id=\"caption-attachment-150462\" class=\"wp-caption-text\">Crian\u00e7as participaram das brincadeiras durante todo o dia<\/p><\/div>Ao final do dia, a primeira-dama participou da <strong>distribui\u00e7\u00e3o de brinquedos, doados pelo Fundo Social de Solidariedade e sorteados entre as crian\u00e7as que estavam no local<\/strong>.<\/p>\n<p><strong>Margarete fez quest\u00e3o de destacar, para as m\u00e3es presentes no local, que as atividades da Semana do Beb\u00ea s\u00e3o muito importantes. \u201cTemos que mostrar os melhores caminhos para nossos filhos desde pequenos. E, o princ\u00edpio de tudo, \u00e9 o amor que temos a passar para as crian\u00e7as\u201d<\/strong>, disse.<\/p>\n<p>A programa\u00e7\u00e3o da Semana do Beb\u00ea segue <strong>at\u00e9 s\u00e1bado (8) nas unidades de sa\u00fade, Emebs e Cras nos bairros da cidade. <a href=\"https:\/\/jundiai.sp.gov.br\/semana-do-bebe\/\" target=\"_blank\">Confira a programa\u00e7\u00e3o completa<\/a>. <\/strong><\/p>\n<p><strong><em>Carolina Namura<br \/>\nFotos: Paulo Gr\u00e9gio<\/em><\/strong><\/p>\n","protected":false},"excerpt":{"rendered":"<p>A primeira-dama e presidente do Fundo Social de Solidariedade (Funss), Margarete Geraldo Bigardi, visitou nesta quarta-feira (5) a Unidade B\u00e1sica de Sa\u00fade (UBS) do Jardim S\u00e3o Camilo, para prestigiar as atividades da 4\u00aa Semana Regional e 1\u00aa Semana Municipal do Beb\u00ea. LEIA TAMB\u00c9M \u2018Feira da Amizade\u2019 abre inscri\u00e7\u00f5es para artistas Fundo Social de Solidariedade recebe [&hellip;]<\/p>\n","protected":false},"author":14,"featured_media":0,"comment_status":"closed","ping_status":"closed","sticky":false,"template":"","format":"standard","meta":{"footnotes":""},"categories":[2],"tags":[733,731,416,720,721],"ods":[],"class_list":["post-150458","post","type-post","status-publish","format-standard","hentry","category-noticias","tag-1a-semana-municipal-do-bebe","tag-4a-semana-regional-do-bebe","tag-fundo-social-de-solidariedade-funss","tag-semana-do-bebe","tag-semana-do-bebe-2015"],"_links":{"self":[{"href":"https:\/\/jundiai.sp.gov.br\/noticias\/wp-json\/wp\/v2\/posts\/150458","targetHints":{"allow":["GET"]}}],"collection":[{"href":"https:\/\/jundiai.sp.gov.br\/noticias\/wp-json\/wp\/v2\/posts"}],"about":[{"href":"https:\/\/jundiai.sp.gov.br\/noticias\/wp-json\/wp\/v2\/types\/post"}],"author":[{"embeddable":true,"href":"https:\/\/jundiai.sp.gov.br\/noticias\/wp-json\/wp\/v2\/users\/14"}],"replies":[{"embeddable":true,"href":"https:\/\/jundiai.sp.gov.br\/noticias\/wp-json\/wp\/v2\/comments?post=150458"}],"version-history":[{"count":8,"href":"https:\/\/jundiai.sp.gov.br\/noticias\/wp-json\/wp\/v2\/posts\/150458\/revisions"}],"predecessor-version":[{"id":150468,"href":"https:\/\/jundiai.sp.gov.br\/noticias\/wp-json\/wp\/v2\/posts\/150458\/revisions\/150468"}],"wp:attachment":[{"href":"https:\/\/jundiai.sp.gov.br\/noticias\/wp-json\/wp\/v2\/media?parent=150458"}],"wp:term":[{"taxonomy":"category","embeddable":true,"href":"https:\/\/jundiai.sp.gov.br\/noticias\/wp-json\/wp\/v2\/categories?post=150458"},{"taxonomy":"post_tag","embeddable":true,"href":"https:\/\/jundiai.sp.gov.br\/noticias\/wp-json\/wp\/v2\/tags?post=150458"},{"taxonomy":"ods","embeddable":true,"href":"https:\/\/jundiai.sp.gov.br\/noticias\/wp-json\/wp\/v2\/ods?post=150458"}],"curies":[{"name":"wp","href":"https:\/\/api.w.org\/{rel}","templated":true}]}}