{"id":150469,"date":"2015-08-06T13:40:28","date_gmt":"2015-08-06T16:40:28","guid":{"rendered":"https:\/\/jundiai.sp.gov.br\/noticias\/?p=150469"},"modified":"2016-11-04T11:43:07","modified_gmt":"2016-11-04T13:43:07","slug":"mesa-rendonda-discute-cuidados-da-primeirissima-infancia-no-polytheama","status":"publish","type":"post","link":"https:\/\/jundiai.sp.gov.br\/noticias\/2015\/08\/06\/mesa-rendonda-discute-cuidados-da-primeirissima-infancia-no-polytheama\/","title":{"rendered":"Mesa-redonda discute cuidados da Primeir\u00edssima Inf\u00e2ncia"},"content":{"rendered":"<p><strong>Com o <a href=\"http:\/\/cultura.jundiai.sp.gov.br\/espacos-culturais\/teatro-polytheama\/\" target=\"_blank\">teatro Polytheama<\/a> lotado, profissionais da sa\u00fade, educa\u00e7\u00e3o e mam\u00e3es de diversas cidades da regi\u00e3o acompanharam o debate &#8220;Os diferentes olhares no cuidado da primeir\u00edssima inf\u00e2ncia&#8221;, na noite dessa quarta-feira (5). A mesa-redonda faz parte da programa\u00e7\u00e3o da <a href=\"https:\/\/jundiai.sp.gov.br\/semana-do-bebe\/\" target=\"_blank\">4\u00aa Semana Regional e 1\u00aa Semana Municipal do Beb\u00ea<\/a>.<\/strong><\/p>\n<p><strong>MAIS SEMANA DO BEB\u00ca<br \/>\n<a href=\"https:\/\/jundiai.sp.gov.br\/noticias\/2015\/08\/04\/semana-do-bebe-atividades-movimentam-os-bairros\/\" target=\"_blank\">Atividades movimentam os bairros<\/a><br \/>\n<a href=\"https:\/\/jundiai.sp.gov.br\/noticias\/2015\/08\/06\/semana-do-bebe-primeira-dama-participa-de-atividades-no-sao-camilo\/\" target=\"_blank\">S\u00e3o Camilo recebe primeira-dama para atividades<\/a><\/strong><\/p>\n<div id=\"attachment_150472\" style=\"width: 730px\" class=\"wp-caption aligncenter\"><a href=\"https:\/\/jundiai.sp.gov.br\/noticias\/wp-content\/uploads\/sites\/32\/2015\/08\/Semana-do-Beb\u00ea-mesa-rendonda-discute-cuidados-da-primeir\u00edssima-inf\u00e2ncia2.jpg\"><img loading=\"lazy\" decoding=\"async\" aria-describedby=\"caption-attachment-150472\" src=\"https:\/\/jundiai.sp.gov.br\/noticias\/wp-content\/uploads\/sites\/32\/2015\/08\/Semana-do-Beb\u00ea-mesa-rendonda-discute-cuidados-da-primeir\u00edssima-inf\u00e2ncia2-720x531.jpg\" alt=\"Durval Orlado e equipe da sa\u00fade participaram do debate\" width=\"720\" height=\"531\" class=\"size-large wp-image-150472\" srcset=\"https:\/\/jundiai.sp.gov.br\/noticias\/wp-content\/uploads\/sites\/32\/2015\/08\/Semana-do-Beb\u00ea-mesa-rendonda-discute-cuidados-da-primeir\u00edssima-inf\u00e2ncia2-720x531.jpg 720w, https:\/\/jundiai.sp.gov.br\/noticias\/wp-content\/uploads\/sites\/32\/2015\/08\/Semana-do-Beb\u00ea-mesa-rendonda-discute-cuidados-da-primeir\u00edssima-inf\u00e2ncia2-300x221.jpg 300w, https:\/\/jundiai.sp.gov.br\/noticias\/wp-content\/uploads\/sites\/32\/2015\/08\/Semana-do-Beb\u00ea-mesa-rendonda-discute-cuidados-da-primeir\u00edssima-inf\u00e2ncia2.jpg 1240w\" sizes=\"auto, (max-width: 720px) 100vw, 720px\" \/><\/a><p id=\"caption-attachment-150472\" class=\"wp-caption-text\">Durval Orlado e equipe da sa\u00fade participaram do debate<\/p><\/div>\n<p>A <strong>Prefeitura de Jundia\u00ed<\/strong> participa do evento, junto com a Funda\u00e7\u00e3o Maria Cec\u00edlia Souto Vidal, promovendo <strong>a\u00e7\u00f5es para difundir a import\u00e2ncia do tema<\/strong>.<\/p>\n<p><div id=\"attachment_150473\" style=\"width: 410px\" class=\"wp-caption alignright\"><a href=\"https:\/\/jundiai.sp.gov.br\/noticias\/wp-content\/uploads\/sites\/32\/2015\/08\/Semana-do-Beb\u00ea-mesa-rendonda-discute-cuidados-da-primeir\u00edssima-inf\u00e2ncia.jpg\"><img loading=\"lazy\" decoding=\"async\" aria-describedby=\"caption-attachment-150473\" src=\"https:\/\/jundiai.sp.gov.br\/noticias\/wp-content\/uploads\/sites\/32\/2015\/08\/Semana-do-Beb\u00ea-mesa-rendonda-discute-cuidados-da-primeir\u00edssima-inf\u00e2ncia-720x458.jpg\" alt=\"Coral da PAIM encantou o p\u00fablico no Polytheama\" width=\"400\" height=\"350\" class=\"size-large wp-image-150473\" \/><\/a><p id=\"caption-attachment-150473\" class=\"wp-caption-text\">Coral da PAIM encantou o p\u00fablico no Polytheama<\/p><\/div>Representando o prefeito Pedro Bigardi, o vice-prefeito, Durval Orlato, salientou o <strong>cuidado que o governo tem com as crian\u00e7as. \u201cAs secretarias integradas trabalham para que as crian\u00e7as de 0 a 3 anos tenham apoio da escola, das unidades b\u00e1sicas de sa\u00fade, desenvolvimento social, entre outros servi\u00e7os necess\u00e1rios nessa fase\u201d<\/strong>, afirmou.<\/p>\n<p>De acordo com a coordenadora de pediatria da Secretaria da Sa\u00fade, Maria Aparecida Ribeiro da Costa, <strong>a semana visa mobilizar a sociedade para as quest\u00f5es infantis. \u201cO desenvolvimento f\u00edsico, cognitivo e psicossocial das crian\u00e7as s\u00e3o formados na fase de 0 a 3 anos. Queremos chamar aten\u00e7\u00e3o para o cuidado e como podemos trabalhar isso\u201d<\/strong>, explicou.<\/p>\n<p><iframe loading=\"lazy\" class=\"alignleft\" width=\"420\" height=\"315\" src=\"https:\/\/www.youtube.com\/embed\/CyvNbNtvUcg\" frameborder=\"0\" allowfullscreen><\/iframe>Mediado pela consultora de Desenvolvimento Infantil da Funda\u00e7\u00e3o Maria Cec\u00edlia Souto Vidigal, Ely Harasawa, o debate contou com a participa\u00e7\u00e3o das <strong>profissionais da sa\u00fade e educa\u00e7\u00e3o<\/strong>, Giany Aparecida P\u00f3voa, Ana Maria Chiesa e Anita Viudes.<\/p>\n<p>O evento teve apresenta\u00e7\u00e3o das <strong>crian\u00e7as do coral da Pastoral de Atendimento e Integra\u00e7\u00e3o do Menor (PAIM)<\/strong>.<\/p>\n<p><strong>As atividades da Semana do Beb\u00ea continuam at\u00e9 s\u00e1bado (8) em toda a cidade. <a href=\"https:\/\/jundiai.sp.gov.br\/semana-do-bebe\/\" target=\"_blank\">Veja programa\u00e7\u00e3o completa<\/a>.<\/strong>\n<\/p>\n<p style=\"text-align: justify;\">&nbsp;<br \/>\n<strong><em>Luiza Ronchi<br \/>\nFotos: Dorival Pinheiro Filho<\/em><\/strong><\/p>\n","protected":false},"excerpt":{"rendered":"<p>LEIA MAIS: Primeira-dama participa de encontro no S\u00e3o Camilo; as atividades da Semana do Beb\u00ea continuam at\u00e9 s\u00e1bado (8) <\/p>\n","protected":false},"author":14,"featured_media":150478,"comment_status":"closed","ping_status":"closed","sticky":false,"template":"","format":"standard","meta":{"footnotes":""},"categories":[2],"tags":[733,731,6,3,73,720,721,98],"ods":[],"class_list":["post-150469","post","type-post","status-publish","format-standard","has-post-thumbnail","hentry","category-noticias","tag-1a-semana-municipal-do-bebe","tag-4a-semana-regional-do-bebe","tag-educacao","tag-saude","tag-secretaria-de-assistencia-e-desenvolvimento-social-semads","tag-semana-do-bebe","tag-semana-do-bebe-2015","tag-teatro-polytheama"],"_links":{"self":[{"href":"https:\/\/jundiai.sp.gov.br\/noticias\/wp-json\/wp\/v2\/posts\/150469","targetHints":{"allow":["GET"]}}],"collection":[{"href":"https:\/\/jundiai.sp.gov.br\/noticias\/wp-json\/wp\/v2\/posts"}],"about":[{"href":"https:\/\/jundiai.sp.gov.br\/noticias\/wp-json\/wp\/v2\/types\/post"}],"author":[{"embeddable":true,"href":"https:\/\/jundiai.sp.gov.br\/noticias\/wp-json\/wp\/v2\/users\/14"}],"replies":[{"embeddable":true,"href":"https:\/\/jundiai.sp.gov.br\/noticias\/wp-json\/wp\/v2\/comments?post=150469"}],"version-history":[{"count":14,"href":"https:\/\/jundiai.sp.gov.br\/noticias\/wp-json\/wp\/v2\/posts\/150469\/revisions"}],"predecessor-version":[{"id":150644,"href":"https:\/\/jundiai.sp.gov.br\/noticias\/wp-json\/wp\/v2\/posts\/150469\/revisions\/150644"}],"wp:featuredmedia":[{"embeddable":true,"href":"https:\/\/jundiai.sp.gov.br\/noticias\/wp-json\/wp\/v2\/media\/150478"}],"wp:attachment":[{"href":"https:\/\/jundiai.sp.gov.br\/noticias\/wp-json\/wp\/v2\/media?parent=150469"}],"wp:term":[{"taxonomy":"category","embeddable":true,"href":"https:\/\/jundiai.sp.gov.br\/noticias\/wp-json\/wp\/v2\/categories?post=150469"},{"taxonomy":"post_tag","embeddable":true,"href":"https:\/\/jundiai.sp.gov.br\/noticias\/wp-json\/wp\/v2\/tags?post=150469"},{"taxonomy":"ods","embeddable":true,"href":"https:\/\/jundiai.sp.gov.br\/noticias\/wp-json\/wp\/v2\/ods?post=150469"}],"curies":[{"name":"wp","href":"https:\/\/api.w.org\/{rel}","templated":true}]}}