{"id":150783,"date":"2015-08-08T16:50:52","date_gmt":"2015-08-08T19:50:52","guid":{"rendered":"https:\/\/jundiai.sp.gov.br\/noticias\/?p=150783"},"modified":"2016-11-04T11:43:42","modified_gmt":"2016-11-04T13:43:42","slug":"cobema-faz-castracao-250-animais-em-mutirao","status":"publish","type":"post","link":"https:\/\/jundiai.sp.gov.br\/noticias\/2015\/08\/08\/cobema-faz-castracao-250-animais-em-mutirao\/","title":{"rendered":"Cobema faz castra\u00e7\u00e3o de 250 animais em mutir\u00e3o"},"content":{"rendered":"<p><strong>O s\u00e1bado (8) foi de cuidado com os animais na vila Marlene. Isso porque a <a href=\"https:\/\/jundiai.sp.gov.br\/planejamento-e-meio-ambiente\/cobema\/\" target=\"_blank\">Coordenadoria do Bem-Estar Animal (Cobema)<\/a> realizou no bairro a castra\u00e7\u00e3o e microchipagem de 250 c\u00e3es e gatos. Todos os procedimentos foram gratuitos e agendados previamente.<\/strong><\/p>\n<p>O morador do bairro, Lucas Willians Lean, levou o gato Tody, de oito meses. <strong>\u201cA oportunidade \u00e9 \u00fanica. Muita gente n\u00e3o tem como arcar com os custos desse procedimento. Al\u00e9m disso, depois da castra\u00e7\u00e3o os animais, principalmente os gatos, ficam mais caseiros\u201d<\/strong>, comentou.<\/p>\n<p><strong>LEIA TAMB\u00c9M<br \/>\n<a href=\"https:\/\/jundiai.sp.gov.br\/noticias\/2015\/08\/07\/prefeito-prestigia-transformacao-da-cobema\/\" target=\"_blank\">Pedro Bigardi prestigia transforma\u00e7\u00e3o da Cobema<\/a><br \/>\n<a href=\"https:\/\/jundiai.sp.gov.br\/noticias\/2015\/08\/02\/cobema-estimula-adocao-e-posse-responsavel-no-estimacao\/\" target=\"_blank\">Cobema estimula ado\u00e7\u00e3o respons\u00e1vel no Estimac\u00e3o<\/a><br \/>\n<a href=\"https:\/\/jundiai.sp.gov.br\/noticias\/2015\/08\/06\/jardim-botanico-sobe-no-enquadramento-do-ministerio-do-meio-ambiente\/\" target=\"_blank\">Jardim Bot\u00e2nico sobe no enquadramento de Minist\u00e9rio<\/a><\/strong><\/p>\n<div id=\"attachment_150784\" style=\"width: 730px\" class=\"wp-caption aligncenter\"><a href=\"https:\/\/jundiai.sp.gov.br\/noticias\/wp-content\/uploads\/sites\/32\/2015\/08\/castra\u00e7\u00e3ocobema1.jpg\"><img loading=\"lazy\" decoding=\"async\" aria-describedby=\"caption-attachment-150784\" src=\"https:\/\/jundiai.sp.gov.br\/noticias\/wp-content\/uploads\/sites\/32\/2015\/08\/castra\u00e7\u00e3ocobema1-720x459.jpg\" alt=\"Castra\u00e7\u00e3o foi gratuita e atingiu 250 c\u00e3es e gatos\" width=\"720\" height=\"459\" class=\"size-large wp-image-150784\" srcset=\"https:\/\/jundiai.sp.gov.br\/noticias\/wp-content\/uploads\/sites\/32\/2015\/08\/castra\u00e7\u00e3ocobema1-720x459.jpg 720w, https:\/\/jundiai.sp.gov.br\/noticias\/wp-content\/uploads\/sites\/32\/2015\/08\/castra\u00e7\u00e3ocobema1-300x191.jpg 300w, https:\/\/jundiai.sp.gov.br\/noticias\/wp-content\/uploads\/sites\/32\/2015\/08\/castra\u00e7\u00e3ocobema1.jpg 1240w\" sizes=\"auto, (max-width: 720px) 100vw, 720px\" \/><\/a><p id=\"caption-attachment-150784\" class=\"wp-caption-text\">Castra\u00e7\u00e3o foi gratuita e atingiu 250 c\u00e3es e gatos<\/p><\/div>\n<p>Assim como ele, a protetora de animais Adriana Costa Veloso <strong>aproveitou a chance e levou dez gatinhos que ser\u00e3o destinados \u00e0 ado\u00e7\u00e3o para a castra\u00e7\u00e3o<\/strong>. \u201cRecolho todos da rua, em parceria com uma amiga, cuido e em seguida coloco \u00e0 disposi\u00e7\u00e3o de quem quer t\u00ea-los em casa. E <strong>a castra\u00e7\u00e3o \u00e9 extremamente importante nesse processo todo. Controla o n\u00famero de novos filhotes<\/strong>.\u201d<\/p>\n<p><div id=\"attachment_150785\" style=\"width: 410px\" class=\"wp-caption alignleft\"><a href=\"https:\/\/jundiai.sp.gov.br\/noticias\/wp-content\/uploads\/sites\/32\/2015\/08\/castra\u00e7a\u00f5cobema2.jpg\"><img loading=\"lazy\" decoding=\"async\" aria-describedby=\"caption-attachment-150785\" src=\"https:\/\/jundiai.sp.gov.br\/noticias\/wp-content\/uploads\/sites\/32\/2015\/08\/castra\u00e7a\u00f5cobema2-720x555.jpg\" alt=\"A\u00e7\u00e3o foi realizada pela Cobema e segue em outros bairros\" width=\"400\" height=\"350\" class=\"size-large wp-image-150785\" \/><\/a><p id=\"caption-attachment-150785\" class=\"wp-caption-text\">A\u00e7\u00e3o foi realizada pela Cobema e seguir\u00e1 em outros bairros<\/p><\/div>De acordo com o respons\u00e1vel pela Coordenadoria do Bem-Estar Animal, Jonathann Fran\u00e7a Ribeiro, <strong>o bairro conta com muitos registros de abandono e maus tratos de animais e por isso foi escolhido para a a\u00e7\u00e3o. \u201cA ideia \u00e9 fazer o controle populacional e evitar o crescimento desordenado do n\u00famero de c\u00e3es e gatos.\u201d Os moradores do bairro receberam panfletos informativos sobre posse respons\u00e1vel.<\/strong><\/p>\n<p>Segundo o coordenador, <strong>novos mutir\u00f5es, ainda sem a data agendada, ser\u00e3o realizados at\u00e9 o final do ano<\/strong>. Bairros que passar\u00e3o por <strong>reurbaniza\u00e7\u00e3o, como <a href=\"https:\/\/jundiai.sp.gov.br\/noticias\/2015\/04\/27\/prefeitura-em-acao-habitacao-e-destaque-na-zona-leste\/\" target=\"_blank\">S\u00e3o Camilo<\/a> e <a href=\"https:\/\/jundiai.sp.gov.br\/noticias\/2015\/03\/20\/primeira-fase-das-1088-moradias-do-novo-horizonte-esta-adiantada\/\" target=\"_blank\">Novo Horizonte<\/a>, no qual a <a href=\"http:\/\/fumas.jundiai.sp.gov.br\/\" target=\"_blank\">Funda\u00e7\u00e3o Municipal de A\u00e7\u00e3o Social (Fumas)<\/a> est\u00e1 construindo moradias, ser\u00e3o atendidos. \u201cA inten\u00e7\u00e3o \u00e9 castrar, conscientizar e evitar o abandono durante a \u00e9poca da mudan\u00e7a. A microchipagem ser\u00e1 muito importante nesse processo.\u201d<\/strong> Outros bairros na programa\u00e7\u00e3o s\u00e3o ainda <strong>Vila Maring\u00e1 e Ivoturucaia<\/strong>.<\/p>\n<p><strong>Cobema<\/strong><br \/>\n<a href=\"https:\/\/jundiai.sp.gov.br\/noticias\/2015\/07\/28\/reuniao-mostra-avancos-e-investimentos-na-cobema\/\" target=\"_blank\"><strong>A Cobema tem recebido diversas melhorias<\/a>. Recentemente, foram constru\u00eddos dois canis coletivos, novo espa\u00e7o para a socializa\u00e7\u00e3o animal, pintura interna e externa da sede, sistema de monitoramento, um <a href=\"https:\/\/jundiai.sp.gov.br\/noticias\/2015\/03\/25\/caes-e-gatos-contam-agora-com-centro-de-atendimento-e-cirurgia\/\" target=\"_blank\">vet cont\u00eainer para atendimentos eletivos de baixa e m\u00e9dia complexidade<\/a>, tr\u00eas novos veterin\u00e1rios, servi\u00e7os de exames veterin\u00e1rios e o programa de Educa\u00e7\u00e3o de Guarda e Posse Respons\u00e1vel.<\/strong><\/p>\n<p><strong><a href=\"https:\/\/www.flickr.com\/photos\/prefeituradejundiai\/sets\/72157656514879080\" target=\"_blank\">CONFIRA AS FOTOS DA VISITA DO PREFEITO \u00c0 COBEMA<\/a><\/strong><\/p>\n<p><strong><em>Luana Dias<br \/>\nFotos: Fot\u00f3grafos PMJ<\/em><\/strong><\/p>\n","protected":false},"excerpt":{"rendered":"<p>MAIS COBEMA: Prefeito prestigia transforma\u00e7\u00e3o da Cobema, que passou ao or\u00e7amento de R$ 1,4 milh\u00e3o em 2015<\/p>\n","protected":false},"author":14,"featured_media":150791,"comment_status":"closed","ping_status":"closed","sticky":false,"template":"","format":"standard","meta":{"footnotes":""},"categories":[2],"tags":[617,49,32],"ods":[],"class_list":["post-150783","post","type-post","status-publish","format-standard","has-post-thumbnail","hentry","category-noticias","tag-coordenadoria-de-bem-estar-animal-cobema","tag-fundacao-municipal-de-acao-social-fumas","tag-planejamento-e-meio-ambiente"],"_links":{"self":[{"href":"https:\/\/jundiai.sp.gov.br\/noticias\/wp-json\/wp\/v2\/posts\/150783","targetHints":{"allow":["GET"]}}],"collection":[{"href":"https:\/\/jundiai.sp.gov.br\/noticias\/wp-json\/wp\/v2\/posts"}],"about":[{"href":"https:\/\/jundiai.sp.gov.br\/noticias\/wp-json\/wp\/v2\/types\/post"}],"author":[{"embeddable":true,"href":"https:\/\/jundiai.sp.gov.br\/noticias\/wp-json\/wp\/v2\/users\/14"}],"replies":[{"embeddable":true,"href":"https:\/\/jundiai.sp.gov.br\/noticias\/wp-json\/wp\/v2\/comments?post=150783"}],"version-history":[{"count":10,"href":"https:\/\/jundiai.sp.gov.br\/noticias\/wp-json\/wp\/v2\/posts\/150783\/revisions"}],"predecessor-version":[{"id":150811,"href":"https:\/\/jundiai.sp.gov.br\/noticias\/wp-json\/wp\/v2\/posts\/150783\/revisions\/150811"}],"wp:featuredmedia":[{"embeddable":true,"href":"https:\/\/jundiai.sp.gov.br\/noticias\/wp-json\/wp\/v2\/media\/150791"}],"wp:attachment":[{"href":"https:\/\/jundiai.sp.gov.br\/noticias\/wp-json\/wp\/v2\/media?parent=150783"}],"wp:term":[{"taxonomy":"category","embeddable":true,"href":"https:\/\/jundiai.sp.gov.br\/noticias\/wp-json\/wp\/v2\/categories?post=150783"},{"taxonomy":"post_tag","embeddable":true,"href":"https:\/\/jundiai.sp.gov.br\/noticias\/wp-json\/wp\/v2\/tags?post=150783"},{"taxonomy":"ods","embeddable":true,"href":"https:\/\/jundiai.sp.gov.br\/noticias\/wp-json\/wp\/v2\/ods?post=150783"}],"curies":[{"name":"wp","href":"https:\/\/api.w.org\/{rel}","templated":true}]}}