{"id":150794,"date":"2015-08-08T17:36:17","date_gmt":"2015-08-08T20:36:17","guid":{"rendered":"https:\/\/jundiai.sp.gov.br\/noticias\/?p=150794"},"modified":"2016-11-04T11:43:45","modified_gmt":"2016-11-04T13:43:45","slug":"com-festa-parque-do-jardim-do-lago-e-entregue-a-populacao","status":"publish","type":"post","link":"https:\/\/jundiai.sp.gov.br\/noticias\/2015\/08\/08\/com-festa-parque-do-jardim-do-lago-e-entregue-a-populacao\/","title":{"rendered":"Com festa, Parque do Jardim do Lago \u00e9 entregue"},"content":{"rendered":"<p><strong>O prefeito Pedro Bigardi inaugurou neste s\u00e1bado (8) o Parque Ant\u00f4nio Garcia Machado, no Jardim do Lago. O evento contou com a presen\u00e7a de moradores, secret\u00e1rios e vereadores e foi aberto com uma missa celebrada por Dom Jos\u00e9 Almir Paim, da Par\u00f3quia Nossa Senhora do Montenegro. <\/strong><\/p>\n<p><strong>Atividades culturais e esportivas gratuitas atra\u00edram mais de 1.500 pessoas ao longo do dia. Cerca de 100 \u00e1rvores foram plantadas por moradores da regi\u00e3o. \u201cEspero que esse clima que vimos hoje, de comunh\u00e3o e conviv\u00eancia, permane\u00e7a neste parque no cotidiano. Queremos que esse local v\u00e1 al\u00e9m de ser um espa\u00e7o bonito. A ideia \u00e9 que seja um ponto de encontro da fam\u00edlia e de toda a comunidade\u201d<\/strong>, disse o prefeito, que <strong>plantou uma \u00e1rvore<\/strong> acompanhado pela primeira-dama e presidente do <strong><a href=\"https:\/\/www.facebook.com\/fundosocialsolidariedadedejundiai?fref=ts\" target=\"_blank\">Fundo Social de Solidariedade<\/a><\/strong>, Margarete Geraldo Bigardi.<\/p>\n<p><strong>LEIA TAMB\u00c9M<br \/>\n<a href=\"https:\/\/jundiai.sp.gov.br\/noticias\/2015\/08\/08\/cobema-faz-castracao-250-animais-em-mutirao\/\" target=\"_blank\">Cobema faz castra\u00e7\u00e3o de 250 animais em mutir\u00e3o<\/a><br \/>\n<a href=\"https:\/\/jundiai.sp.gov.br\/noticias\/2015\/08\/07\/prefeito-prestigia-transformacao-da-cobema\/\" target=\"_blank\">Pedro Bigardi prestigia transforma\u00e7\u00e3o da Cobema<\/a><br \/>\n<a href=\"https:\/\/jundiai.sp.gov.br\/noticias\/2015\/08\/06\/jardim-botanico-sobe-no-enquadramento-do-ministerio-do-meio-ambiente\/\" target=\"_blank\">Jardim Bot\u00e2nico sobe no enquadramento de Minist\u00e9rio<\/a><\/strong><\/p>\n<div id=\"attachment_150798\" style=\"width: 730px\" class=\"wp-caption aligncenter\"><a href=\"https:\/\/jundiai.sp.gov.br\/noticias\/wp-content\/uploads\/sites\/32\/2015\/08\/parquedojardimdolago1.jpg\"><img loading=\"lazy\" decoding=\"async\" aria-describedby=\"caption-attachment-150798\" src=\"https:\/\/jundiai.sp.gov.br\/noticias\/wp-content\/uploads\/sites\/32\/2015\/08\/parquedojardimdolago1-720x456.jpg\" alt=\"A inagura\u00e7\u00e3o contou com a presen\u00e7a de toda a comunidade\" width=\"720\" height=\"456\" class=\"size-large wp-image-150798\" srcset=\"https:\/\/jundiai.sp.gov.br\/noticias\/wp-content\/uploads\/sites\/32\/2015\/08\/parquedojardimdolago1-720x456.jpg 720w, https:\/\/jundiai.sp.gov.br\/noticias\/wp-content\/uploads\/sites\/32\/2015\/08\/parquedojardimdolago1-300x190.jpg 300w, https:\/\/jundiai.sp.gov.br\/noticias\/wp-content\/uploads\/sites\/32\/2015\/08\/parquedojardimdolago1.jpg 1240w\" sizes=\"auto, (max-width: 720px) 100vw, 720px\" \/><\/a><p id=\"caption-attachment-150798\" class=\"wp-caption-text\">A inagura\u00e7\u00e3o contou com a presen\u00e7a de toda a comunidade<\/p><\/div>\n<p>Ele lembrou que este <strong>equipamento p\u00fablico contar\u00e1 com o <a href=\"https:\/\/jundiai.sp.gov.br\/noticias\/tag\/parque-seguro\/\" target=\"_blank\">programa Parque Seguro<\/a>, 24 horas por dia, com a presen\u00e7a de monitores no local<\/strong>. Al\u00e9m disso, frisou que <strong>o Jardim do Lago recebe um espa\u00e7o com atra\u00e7\u00f5es para todas as idades. \u201cEstamos entregando, em toda a cidade, espa\u00e7os com essa caracter\u00edstica. \u00c9 um parque para que a popula\u00e7\u00e3o prestigie diariamente e cuide.\u201d<\/strong><\/p>\n<p>Bigardi lembrou ainda que <strong>importantes investimentos t\u00eam sido feitos naquela regi\u00e3o, como a <a href=\"https:\/\/jundiai.sp.gov.br\/noticias\/2015\/06\/12\/pavimentacao-muda-cenario-no-jardim-do-lago\/\" target=\"_blank\">pavimenta\u00e7\u00e3o da rua Nelson Vila\u00e7a, Rachid Jos\u00e9 Cury e rua S\u00e9rgio Aparecido de Souza (antiga rua Projetada)<\/a>; al\u00e9m recapeamento da Leonita Faber Ladeira.<\/strong> O prefeito falou ainda que o <strong>projeto da Unidade B\u00e1sica de Sa\u00fade do bairro foi conclu\u00eddo e ser\u00e1 licitado em breve. \u201c<a href=\"https:\/\/jundiai.sp.gov.br\/noticias\/2015\/06\/12\/prefeito-apresenta-projeto-da-upa-da-regiao-sul\/\" target=\"_blank\">A regi\u00e3o ganhar\u00e1 ainda a Unidade de Pronto Atendimento 24 horas, a UPA da Vila Progresso<\/a>. Entregaremos no pr\u00f3ximo ano.\u201d<\/strong><\/p>\n<p>O vice-prefeito Durval Orlato destacou a <strong>import\u00e2ncia do parque para toda a regi\u00e3o. \u201c\u00c9 um local de conv\u00edvio e lazer. Muita gente estava ansiosa por essa obra. Esperamos que seja muito bem utilizada por todos.\u201d<\/strong><\/p>\n<p><div id=\"attachment_150800\" style=\"width: 410px\" class=\"wp-caption alignleft\"><a href=\"https:\/\/jundiai.sp.gov.br\/noticias\/wp-content\/uploads\/sites\/32\/2015\/08\/parquedojardimdolago2.jpg\"><img loading=\"lazy\" decoding=\"async\" aria-describedby=\"caption-attachment-150800\" src=\"https:\/\/jundiai.sp.gov.br\/noticias\/wp-content\/uploads\/sites\/32\/2015\/08\/parquedojardimdolago2-720x556.jpg\" alt=\"Assim como 100 moradores, o prefeito tamb\u00e9m plantou uma \u00e1rvore\" width=\"400\" height=\"350\" class=\"size-large wp-image-150800\" \/><\/a><p id=\"caption-attachment-150800\" class=\"wp-caption-text\">Assim como 100 moradores, o prefeito tamb\u00e9m plantou uma \u00e1rvore<\/p><\/div>O secret\u00e1rio de Servi\u00e7os P\u00fablicos, Aguinaldo Leite, destacou o <strong>empenho de todos os funcion\u00e1rios da pasta para que a obra se tornasse realidade. \u201cTodos se apaixonaram pelo projeto desde o primeiro momento. Esse \u00e9 um espa\u00e7o para que voc\u00eas, moradores, sejam felizes e aproveitem ao m\u00e1ximo.\u201d<\/strong><\/p>\n<p>Representando a <strong><a href=\"http:\/\/www.jundiai.sp.leg.br\/\" target=\"_blank\">C\u00e2mara Municipal<\/a><\/strong>, o vereador Gerson Sartori lembrou que <strong><a href=\"https:\/\/jundiai.sp.gov.br\/noticias\/2015\/02\/12\/praca-na-vila-cidadania-e-o-32o-espaco-revitalizado-pela-prefeitura\/\" target=\"_blank\">a atual administra\u00e7\u00e3o, entre revitaliza\u00e7\u00f5es e novos espa\u00e7os, j\u00e1 entregou mais de 30 obras relacionadas a \u00e1reas de lazer<\/a>.<\/strong> \u201c\u00c9 um grande presente de Dia dos Pais para toda a comunidade.\u201d<\/p>\n<p>Filho de Ant\u00f4nio Garcia Machado, o saudoso <strong>morador homenageado com o nome do parque<\/strong>, o titular da <a href=\"https:\/\/jundiai.sp.gov.br\/gabinete\/gabinete-do-prefeito\/coordenadoria-do-trabalho-emprego-e-renda\/\" target=\"_blank\"><strong>Coordenadoria do Trabalho, Emprego e Renda<\/strong><\/a> da Prefeitura de Jundia\u00ed, Victor Machado, agradeceu, em nome da fam\u00edlia, a homenagem.<\/p>\n<p>Quem tamb\u00e9m agradeceu foi o presidente da Associa\u00e7\u00e3o de Moradores do Jardim do Lago, Claudinei Galdino. <strong>\u201cNosso sonho foi levado a s\u00e9rio. O Pedro Bigardi \u00e9 o padrinho desse parque. Onde h\u00e1 coopera\u00e7\u00e3o e trabalho, as coisas acontecem.\u201d<\/strong><\/p>\n<p><iframe loading=\"lazy\" class=\"alignright\" width=\"420\" height=\"315\" src=\"https:\/\/www.youtube.com\/embed\/HzmQv7ajLpg\" frameborder=\"0\" allowfullscreen><\/iframe><strong>Estrutura<\/strong><br \/>\nA \u00e1rea de lazer conta com <strong>duas quadras poliesportivas, dois playgrounds, duas academias ao ar livre, pista de skate, circuito de slackline, pista de caminhada com cerca de dois quil\u00f4metros, dois vesti\u00e1rios e duas guaritas com o Programa Parque Seguro, com monitoramento 24 horas.<\/strong><\/p>\n<p><strong>Presen\u00e7as <\/strong><br \/>\nO evento contou com a presen\u00e7a dos vereadores Jos\u00e9 Dias, Ant\u00f4nio de P\u00e1dua Pacheco, Marilena Negro, Eliezer Barbosa, Valdeci Vilar, Rafael Purgato e M\u00e1rcio Cabeleireiro.<\/p>\n<p>Entre as autoridades estavam ainda o superintendente da Caixa Econ\u00f4mica Federal, Henrique Parra Parra, e os secret\u00e1rios: Chefe de Gabinete, Alan Piccolo; de Neg\u00f3cios Jur\u00eddicos, Edson Aparecido da Rocha; de Planejamento e Meio Ambiente, Daniela da Camara Sutti; de Gest\u00e3o de Pessoas, Mary Fornari Marinho; de Obras, Jos\u00e9 Roberto Aprillanti Junior; de Administra\u00e7\u00e3o e Gest\u00e3o, Denis Crupe; de Agricultura, Abastecimento e Turismo, Marcos Brunholi; de Esportes e Lazer, Cristiano Lopes; de <strong><a href=\"http:\/\/cultura.jundiai.sp.gov.br\/\" target=\"_blank\">Cultura<\/a><\/strong>, T\u00e9rcio Marinho; de Rela\u00e7\u00f5es Institucionais, Lir\u00e1ucio Tarini Junior; al\u00e9m do superintendente da <strong><a href=\"http:\/\/www.tvejundiai.com.br\/\" target=\"_blank\">TVE<\/a><\/strong>, Thiago Godinho; o diretor-presidente da <strong><a href=\"http:\/\/www.cijun.sp.gov.br\/\" target=\"_blank\">Cijun<\/a><\/strong>, Gilberto Novaes; o diretor-presidente da <strong><a href=\"http:\/\/www.daejundiai.com.br\/\" target=\"_blank\">DAE<\/a><\/strong>, Jamil Yatim; o diretor-presidente da <strong><a href=\"http:\/\/escoladegoverno.jundiai.sp.gov.br\/\" target=\"_blank\">Escola de Governo e Gest\u00e3o<\/a><\/strong>, Marcelo L\u00f4 Monaco; e o coordenador do Gabinete de Gest\u00e3o Integrada Municipal, Jos\u00e9 Carlos Pires (GGIM). Tamb\u00e9m compareceram o titular da <strong><a href=\"https:\/\/www.facebook.com\/pages\/Coordenadoria-dos-Direitos-das-Pessoas-com-Defici%C3%AAncia-de-Jundia%C3%AD\/1441418992774268?fref=ts\" target=\"_blank\">Coordenadoria dos Direitos das Pessoas com Defici\u00eancia<\/a><\/strong>, Reinaldo Fernandes; o Assessor Especial do Gabinete para Assuntos das Coordenadorias, Vanderlei Victorino; o coordenador da Defesa Civil, Eduardo Luiz Carbonari; al\u00e9m do coordenador do Procon, Adilton Garcia.<\/p>\n<p><strong>Servi\u00e7o<br \/>\nO Parque do Jardim do Lago fica ao lado da Par\u00f3quia Nossa Senhora do Montenegro, entre as rua Jos\u00e9 Pedro de Oliveira e Avenida dos Expedicion\u00e1rios e vai funcionar diariamente das 6h \u00e0s 20h.<\/strong><\/p>\n<p><strong><em>Luana Dias<br \/>\nFotos: Fot\u00f3grafos PMJ<\/em><\/strong><\/p>\n","protected":false},"excerpt":{"rendered":"<p>Acompanhado da primeira-dama, o Prefeito plantou uma \u00e1rvore e destacou a parceria com a popula\u00e7\u00e3o do bairro<\/p>\n","protected":false},"author":14,"featured_media":150807,"comment_status":"closed","ping_status":"closed","sticky":false,"template":"","format":"standard","meta":{"footnotes":""},"categories":[2],"tags":[35,736,325,58,417,341],"ods":[],"class_list":["post-150794","post","type-post","status-publish","format-standard","has-post-thumbnail","hentry","category-noticias","tag-esporte-e-lazer","tag-parque-do-jardim-do-lago","tag-parque-seguro","tag-prefeito","tag-primeira-dama","tag-servicos-publicos"],"_links":{"self":[{"href":"https:\/\/jundiai.sp.gov.br\/noticias\/wp-json\/wp\/v2\/posts\/150794","targetHints":{"allow":["GET"]}}],"collection":[{"href":"https:\/\/jundiai.sp.gov.br\/noticias\/wp-json\/wp\/v2\/posts"}],"about":[{"href":"https:\/\/jundiai.sp.gov.br\/noticias\/wp-json\/wp\/v2\/types\/post"}],"author":[{"embeddable":true,"href":"https:\/\/jundiai.sp.gov.br\/noticias\/wp-json\/wp\/v2\/users\/14"}],"replies":[{"embeddable":true,"href":"https:\/\/jundiai.sp.gov.br\/noticias\/wp-json\/wp\/v2\/comments?post=150794"}],"version-history":[{"count":12,"href":"https:\/\/jundiai.sp.gov.br\/noticias\/wp-json\/wp\/v2\/posts\/150794\/revisions"}],"predecessor-version":[{"id":150866,"href":"https:\/\/jundiai.sp.gov.br\/noticias\/wp-json\/wp\/v2\/posts\/150794\/revisions\/150866"}],"wp:featuredmedia":[{"embeddable":true,"href":"https:\/\/jundiai.sp.gov.br\/noticias\/wp-json\/wp\/v2\/media\/150807"}],"wp:attachment":[{"href":"https:\/\/jundiai.sp.gov.br\/noticias\/wp-json\/wp\/v2\/media?parent=150794"}],"wp:term":[{"taxonomy":"category","embeddable":true,"href":"https:\/\/jundiai.sp.gov.br\/noticias\/wp-json\/wp\/v2\/categories?post=150794"},{"taxonomy":"post_tag","embeddable":true,"href":"https:\/\/jundiai.sp.gov.br\/noticias\/wp-json\/wp\/v2\/tags?post=150794"},{"taxonomy":"ods","embeddable":true,"href":"https:\/\/jundiai.sp.gov.br\/noticias\/wp-json\/wp\/v2\/ods?post=150794"}],"curies":[{"name":"wp","href":"https:\/\/api.w.org\/{rel}","templated":true}]}}