{"id":150817,"date":"2015-08-10T12:26:39","date_gmt":"2015-08-10T15:26:39","guid":{"rendered":"https:\/\/jundiai.sp.gov.br\/noticias\/?p=150817"},"modified":"2016-11-04T11:43:43","modified_gmt":"2016-11-04T13:43:43","slug":"combate-a-dengue-conta-com-acao-na-regiao-leste","status":"publish","type":"post","link":"https:\/\/jundiai.sp.gov.br\/noticias\/2015\/08\/10\/combate-a-dengue-conta-com-acao-na-regiao-leste\/","title":{"rendered":"Combate \u00e0 dengue conta com a\u00e7\u00e3o preventiva na regi\u00e3o Leste"},"content":{"rendered":"<p><iframe loading=\"lazy\" class=\"alignright\" width=\"420\" height=\"315\" src=\"https:\/\/www.youtube.com\/embed\/vFWwUbqGudg\" frameborder=\"0\" allowfullscreen><\/iframe><strong>Mesmo n\u00e3o sendo uma \u00e9poca de risco da dengue, a Secretaria de Sa\u00fade, por meio do Centro de Controle de Zoonoses, realizou uma intensifica\u00e7\u00e3o no combate dos criadouros do mosquito Aedes aegypti, transmissor da dengue, no Jardim Pacaembu. A a\u00e7\u00e3o ocorreu na manh\u00e3 desta segunda-feira (10).   <\/strong><\/p>\n<p>Em parceria com a <strong><a href=\"http:\/\/www.saude.sp.gov.br\/sucen-superintendencia-de-controle-de-endemias\/\" target=\"_blank\">Superintend\u00eancia de Controle de Endemias (Sucen)<\/a><\/strong> da Secretaria Estadual de Sa\u00fade, a a\u00e7\u00e3o continua por duas semanas, de segunda a sexta-feira, sempre das 9h \u00e0s 12h. <strong>Nos cinco primeiros dias, ser\u00e3o visitados tamb\u00e9m os bairros Col\u00f4nia, Tamoio e Vila Nambi. A previs\u00e3o \u00e9 de 1.800 im\u00f3veis por dia. <\/strong><\/p>\n<p><strong>LEIA TAMB\u00c9M<br \/>\n<a href=\"https:\/\/jundiai.sp.gov.br\/noticias\/2015\/05\/18\/acao-contra-a-dengue-vistoria-mais-de-mil-imoveis\/\" target=\"_blank\">A\u00e7\u00e3o contra a dengue vistoria mais de mil im\u00f3veis<\/a><br \/>\n<a href=\"https:\/\/jundiai.sp.gov.br\/noticias\/2015\/05\/14\/saude-faz-acao-de-combate-a-dengue-nos-bairros-agapeama-e-vila-cristo\/\" target=\"_blank\">Agapeama e Vila Cristo recebem a\u00e7\u00e3o contra dengue<\/a><\/strong><\/p>\n<p><div id=\"attachment_150819\" style=\"width: 410px\" class=\"wp-caption alignleft\"><a href=\"https:\/\/jundiai.sp.gov.br\/noticias\/wp-content\/uploads\/sites\/32\/2015\/08\/acao-zoonoses-contra-dengue_c_16_G.jpg\"><img loading=\"lazy\" decoding=\"async\" aria-describedby=\"caption-attachment-150819\" src=\"https:\/\/jundiai.sp.gov.br\/noticias\/wp-content\/uploads\/sites\/32\/2015\/08\/acao-zoonoses-contra-dengue_c_16_G-720x559.jpg\" alt=\"Agentes de campo combatem criadouros da dengue\" width=\"400\" height=\"400\" class=\"size-large wp-image-150819\" \/><\/a><p id=\"caption-attachment-150819\" class=\"wp-caption-text\">Agentes de campo combatem criadouros da dengue<\/p><\/div>A biom\u00e9dica do Zoonoses, Ana Lucia de Castro Silva, explica que a regi\u00e3o foi escolhida onde houve a maior manifesta\u00e7\u00e3o de casos de dengue neste ano. \u201cExiste a necessidade de elimina\u00e7\u00e3o de criadouros. <\/p>\n<p>A verifica\u00e7\u00e3o atual, ap\u00f3s o per\u00edodo de transmiss\u00e3o, acontece para avaliar se a popula\u00e7\u00e3o est\u00e1 tomando medidas preventivas para evitar novos casos\u201d.<\/p>\n<p>Divididos por equipes, os agentes passar\u00e3o em todas as casas dos bairros estipulados. O vendedor Hendrik Maranho Agostinho abriu as portas para a equipe vistoriar se havia algum foco. \u201cAcho a a\u00e7\u00e3o importante. Se a popula\u00e7\u00e3o n\u00e3o se conscientizar e n\u00e3o existir esse trabalho de fiscaliza\u00e7\u00e3o, os n\u00fameros s\u00f3 aumentar\u00e3o\u201d, afirma.<\/p>\n<p><strong>Os ovos do mosquito podem durar at\u00e9 um ano sem a presen\u00e7a de \u00e1gua. Esse \u00e9 um trabalho preventivo e de orienta\u00e7\u00e3o para que sejam eliminados antes do per\u00edodo das chuvas.<\/strong><\/p>\n<p>Na Col\u00f4nia, por exemplo, foram 123 casos da doen\u00e7a neste ano, de janeiro at\u00e9 julho. No mesmo per\u00edodo, foram 76 no Pacaembu; 23 no Jardim Tamoio; e outros 70 na Vila Nambi, regi\u00e3o que inclui Vila Ruy Barbosa e Cidade Nova.<\/p>\n<p><div id=\"attachment_150818\" style=\"width: 410px\" class=\"wp-caption alignright\"><a href=\"https:\/\/jundiai.sp.gov.br\/noticias\/wp-content\/uploads\/sites\/32\/2015\/08\/acao-zoonoses-contra-dengue_c_8_G.jpg\"><img loading=\"lazy\" decoding=\"async\" aria-describedby=\"caption-attachment-150818\" src=\"https:\/\/jundiai.sp.gov.br\/noticias\/wp-content\/uploads\/sites\/32\/2015\/08\/acao-zoonoses-contra-dengue_c_8_G-720x565.jpg\" alt=\"Ana L\u00facia: &quot;ovos devem ser eliminados antes do per\u00edodo das chuvas&quot;\" width=\"400\" height=\"400\" class=\"size-large wp-image-150818\" \/><\/a><p id=\"caption-attachment-150818\" class=\"wp-caption-text\">Ana L\u00facia: &#8220;ovos devem ser eliminados antes do per\u00edodo das chuvas&#8221;<\/p><\/div>Ainda de acordo com Ana L\u00facia, \u00e9 importante que as pessoas permitam que os agentes verifiquem as casas. <\/p>\n<p>\u201cSabemos que muitas pessoas t\u00eam cuidado e se preocupam com o tema, mas t\u00e9cnicos s\u00e3o treinados para isso e possuem um outro olhar.\u201d<\/p>\n<p>Os agentes est\u00e3o uniformizados e com crach\u00e1 da Sucen e da Prefeitura de Jundia\u00ed. Al\u00e9m disso, estar\u00e3o com os carros dos \u00f3rg\u00e3os para os quais prestam servi\u00e7os.<\/p>\n<p><em><strong>Luiza Ronchi<br \/>\nFotos: Cleber de Almeida <\/strong><\/em><\/p>\n","protected":false},"excerpt":{"rendered":"<p>Mobiliza\u00e7\u00e3o intensa deve percorrer aproximadamente 1,8 mil im\u00f3veis no Jardim Pacaembu, Col\u00f4nia, Tamoio e Vila Nambi<\/p>\n","protected":false},"author":10,"featured_media":115709,"comment_status":"closed","ping_status":"closed","sticky":false,"template":"","format":"standard","meta":{"footnotes":""},"categories":[2],"tags":[24,3,362],"ods":[],"class_list":["post-150817","post","type-post","status-publish","format-standard","has-post-thumbnail","hentry","category-noticias","tag-dengue","tag-saude","tag-unidade-de-vigilancia-de-zoonoses"],"_links":{"self":[{"href":"https:\/\/jundiai.sp.gov.br\/noticias\/wp-json\/wp\/v2\/posts\/150817","targetHints":{"allow":["GET"]}}],"collection":[{"href":"https:\/\/jundiai.sp.gov.br\/noticias\/wp-json\/wp\/v2\/posts"}],"about":[{"href":"https:\/\/jundiai.sp.gov.br\/noticias\/wp-json\/wp\/v2\/types\/post"}],"author":[{"embeddable":true,"href":"https:\/\/jundiai.sp.gov.br\/noticias\/wp-json\/wp\/v2\/users\/10"}],"replies":[{"embeddable":true,"href":"https:\/\/jundiai.sp.gov.br\/noticias\/wp-json\/wp\/v2\/comments?post=150817"}],"version-history":[{"count":10,"href":"https:\/\/jundiai.sp.gov.br\/noticias\/wp-json\/wp\/v2\/posts\/150817\/revisions"}],"predecessor-version":[{"id":150947,"href":"https:\/\/jundiai.sp.gov.br\/noticias\/wp-json\/wp\/v2\/posts\/150817\/revisions\/150947"}],"wp:featuredmedia":[{"embeddable":true,"href":"https:\/\/jundiai.sp.gov.br\/noticias\/wp-json\/wp\/v2\/media\/115709"}],"wp:attachment":[{"href":"https:\/\/jundiai.sp.gov.br\/noticias\/wp-json\/wp\/v2\/media?parent=150817"}],"wp:term":[{"taxonomy":"category","embeddable":true,"href":"https:\/\/jundiai.sp.gov.br\/noticias\/wp-json\/wp\/v2\/categories?post=150817"},{"taxonomy":"post_tag","embeddable":true,"href":"https:\/\/jundiai.sp.gov.br\/noticias\/wp-json\/wp\/v2\/tags?post=150817"},{"taxonomy":"ods","embeddable":true,"href":"https:\/\/jundiai.sp.gov.br\/noticias\/wp-json\/wp\/v2\/ods?post=150817"}],"curies":[{"name":"wp","href":"https:\/\/api.w.org\/{rel}","templated":true}]}}