{"id":151049,"date":"2015-08-11T17:55:21","date_gmt":"2015-08-11T20:55:21","guid":{"rendered":"https:\/\/jundiai.sp.gov.br\/noticias\/?p=151049"},"modified":"2016-11-04T11:43:47","modified_gmt":"2016-11-04T13:43:47","slug":"jundiai-se-mobiliza-para-o-municipio-verde-e-azul","status":"publish","type":"post","link":"https:\/\/jundiai.sp.gov.br\/noticias\/2015\/08\/11\/jundiai-se-mobiliza-para-o-municipio-verde-e-azul\/","title":{"rendered":"Jundia\u00ed se mobiliza para o &#8216;Munic\u00edpio Verde e Azul&#8217;"},"content":{"rendered":"<p><div id=\"attachment_151052\" style=\"width: 410px\" class=\"wp-caption alignright\"><a href=\"https:\/\/jundiai.sp.gov.br\/noticias\/wp-content\/uploads\/sites\/32\/2015\/08\/projeto_verde_azul_D9g.jpg\"><img loading=\"lazy\" decoding=\"async\" aria-describedby=\"caption-attachment-151052\" src=\"https:\/\/jundiai.sp.gov.br\/noticias\/wp-content\/uploads\/sites\/32\/2015\/08\/projeto_verde_azul_D9g-720x490.jpg\" alt=\" O encontro foi realizado na sala de situa\u00e7\u00e3o do Pa\u00e7o Municipal\" width=\"400\" height=\"350\" class=\"size-large wp-image-151052\" \/><\/a><p id=\"caption-attachment-151052\" class=\"wp-caption-text\">O encontro foi realizado na sala de situa\u00e7\u00e3o do Pa\u00e7o Municipal<\/p><\/div><strong>A Prefeitura de Jundia\u00ed promoveu nessa ter\u00e7a-feira (11) uma palestra sobre os preparativos finais para adequa\u00e7\u00e3o \u00e0 edi\u00e7\u00e3o 2015 do <a href=\"http:\/\/www.ambiente.sp.gov.br\/municipioverdeazul\/\" target=\"_blank\">programa estadual Munic\u00edpio Verde e Azul<\/a>. Os principais crit\u00e9rios de elegibilidade foram tratados por representantes das secretarias de Planejamento e Meio Ambiente, Transportes, Educa\u00e7\u00e3o, Servi\u00e7os P\u00fablicos, Obras, Agricultura, Abastecimento e Turismo, da <a href=\"http:\/\/fumas.jundiai.sp.gov.br\/\" target=\"_blank\">Funda\u00e7\u00e3o Municipal de A\u00e7\u00e3o Social (Fumas)<\/a> e da empresa municipal de saneamento <a href=\"http:\/\/www.daejundiai.com.br\/\" target=\"_blank\">DAE<\/a>.<\/strong><\/p>\n<p><strong>\u201cEsse cuidado com o meio ambiente \u00e9 uma determina\u00e7\u00e3o direta do prefeito Pedro Bigardi e continuamos analisando formas de avan\u00e7ar com a sustentabilidade no munic\u00edpio\u201d<\/strong>, afirmou a secret\u00e1ria de Planejamento e Meio Ambiente, Daniela da Camara Sutti. Entre os participantes estiveram ainda os secret\u00e1rios: de Educa\u00e7\u00e3o, Jos\u00e9 Renato Polli; e de Transportes, Wilson Folgosi, al\u00e9m do superintendente da Fumas, Waldemar Foelkel, e de diretores setoriais.<\/p>\n<p><strong>LEIA TAMB\u00c9M<br \/>\n<a href=\"https:\/\/jundiai.sp.gov.br\/noticias\/2015\/08\/08\/cobema-faz-castracao-250-animais-em-mutirao\/\" target=\"_blank\">Cobema faz castra\u00e7\u00e3o de 250 animais em mutir\u00e3o<\/a><br \/>\n<a href=\"https:\/\/jundiai.sp.gov.br\/noticias\/2015\/08\/06\/plano-diretor-participativo-ajusta-criterios-para-2o-forum\/\" target=\"_blank\">Plano Diretor Participativo ajusta crit\u00e9rios para 2\u00ba F\u00f3rum<\/a><br \/>\n<a href=\"https:\/\/jundiai.sp.gov.br\/noticias\/2015\/08\/10\/projetos-propoem-mais-vida-no-centro-historico-de-jundiai\/\" target=\"_blank\">Projetos prop\u00f5em mais vida no Centro Hist\u00f3rico de Jundia\u00ed<\/a><\/strong><\/p>\n<p><strong>Em 2013, as medidas adotadas pela Prefeitura de Jundia\u00ed alcan\u00e7aram um in\u00e9dito terceiro lugar estadual e tamb\u00e9m o Pr\u00eamio Franco Montoro como melhor colocado na unidade de gerenciamento de recursos h\u00eddricos da Bacia do Piracicaba, Capivari e Jundia\u00ed<\/strong>. Desde 2007, quando o programa foi criado, a melhor coloca\u00e7\u00e3o atingida pela cidade tinha sido um <strong>27\u00ba lugar, em 2012. Dois anos antes, Jundia\u00ed amargou a 311\u00aa posi\u00e7\u00e3o<\/strong>.<\/p>\n<p>As linhas abordadas no programa, que receber\u00e1 os relat\u00f3rios municipais no dia 30 de setembro, s\u00e3o chamadas de diretivas. De forma geral, s\u00e3o elas: <strong>o esgoto tratado, os res\u00edduos s\u00f3lidos, a biodiversidade, a arboriza\u00e7\u00e3o urbana, a educa\u00e7\u00e3o ambiental, a cidade sustent\u00e1vel, a gest\u00e3o das \u00e1guas, a qualidade do ar, a estrutura ambiental e o conselho ambiental<\/strong>.<\/p>\n<p><strong>Apesar de avan\u00e7os implementados pelo prefeito Pedro Bigardi como o <a href=\"https:\/\/jundiai.sp.gov.br\/noticias\/2015\/05\/09\/prefeitura-concede-subsidio-a-agricultores\/\" target=\"_blank\">subs\u00eddio de seguro agr\u00edcola para produtores de uva<\/a>, a <a href=\"https:\/\/jundiai.sp.gov.br\/noticias\/2015\/07\/31\/com-laboratorio-equipado-geresol-e-espaco-para-conhecimento\/\" target=\"_blank\">renova\u00e7\u00e3o t\u00e9cnica da \u00e1rea de res\u00edduos<\/a>, os refor\u00e7os de <a href=\"https:\/\/jundiai.sp.gov.br\/noticias\/2015\/06\/26\/cameras-de-monitoramento-da-fauna-sao-colocadas-na-serra\/\" target=\"_blank\">monitoramento da Serra do Japi<\/a> e o debate <a href=\"http:\/\/planodiretor.jundiai.sp.gov.br\/\" target=\"_blank\">participativo do Plano Diretor<\/a> (e outros planos), por exemplo, a reuni\u00e3o mostrou preocupa\u00e7\u00e3o com a \u201cimporta\u00e7\u00e3o de poluentes\u201d no setor de qualidade do ar por causa das rodovias e da proximidade da regi\u00e3o metropolitana<\/strong>. Esses e outros aspectos foram abordados na palestra.<\/p>\n<p>O encontro faz parte do processo previsto no Munic\u00edpio Verde e Azul, que tem entre seus objetivos <strong>fortalecer os planejamentos ambientais, descentralizar a agenda ambiental paulista e avaliar o empenho dos munic\u00edpios diante das diretivas<\/strong>. A equipe da coordena\u00e7\u00e3o local esteve presente com o diretor de meio ambiente, Fl\u00e1vio Gramolelli J\u00fanior, e as t\u00e9cnicas Maria Helena de Souza Tiraboschi e Luciana Maretti. <\/p>\n<div id=\"attachment_151050\" style=\"width: 730px\" class=\"wp-caption aligncenter\"><a href=\"https:\/\/jundiai.sp.gov.br\/noticias\/wp-content\/uploads\/sites\/32\/2015\/08\/cascatacachoeiraserradojapi.jpg\"><img loading=\"lazy\" decoding=\"async\" aria-describedby=\"caption-attachment-151050\" src=\"https:\/\/jundiai.sp.gov.br\/noticias\/wp-content\/uploads\/sites\/32\/2015\/08\/cascatacachoeiraserradojapi-720x469.jpg\" alt=\"Serra do Japi (foto) \u00e9 s\u00edmbolo ambiental mas an\u00e1lise abrange v\u00e1rias diretivas\" width=\"720\" height=\"469\" class=\"size-large wp-image-151050\" srcset=\"https:\/\/jundiai.sp.gov.br\/noticias\/wp-content\/uploads\/sites\/32\/2015\/08\/cascatacachoeiraserradojapi-720x469.jpg 720w, https:\/\/jundiai.sp.gov.br\/noticias\/wp-content\/uploads\/sites\/32\/2015\/08\/cascatacachoeiraserradojapi-300x195.jpg 300w, https:\/\/jundiai.sp.gov.br\/noticias\/wp-content\/uploads\/sites\/32\/2015\/08\/cascatacachoeiraserradojapi.jpg 1240w\" sizes=\"auto, (max-width: 720px) 100vw, 720px\" \/><\/a><p id=\"caption-attachment-151050\" class=\"wp-caption-text\">Serra do Japi (foto) \u00e9 s\u00edmbolo ambiental mas an\u00e1lise abrange v\u00e1rias diretivas<\/p><\/div>\n<p><strong><em>Jos\u00e9 Arnaldo de Oliveira<br \/>\nFotos: Dorival Pinheiro Filho e Arquivo PMJ<\/em><\/strong><\/p>\n","protected":false},"excerpt":{"rendered":"<p>A Prefeitura de Jundia\u00ed promoveu nessa ter\u00e7a-feira (11) uma palestra sobre os preparativos finais para adequa\u00e7\u00e3o \u00e0 edi\u00e7\u00e3o 2015 do programa estadual Munic\u00edpio Verde e Azul. Os principais crit\u00e9rios de elegibilidade foram tratados por representantes das secretarias de Planejamento e Meio Ambiente, Transportes, Educa\u00e7\u00e3o, Servi\u00e7os P\u00fablicos, Obras, Agricultura, Abastecimento e Turismo, da Funda\u00e7\u00e3o Municipal de [&hellip;]<\/p>\n","protected":false},"author":14,"featured_media":0,"comment_status":"closed","ping_status":"closed","sticky":false,"template":"","format":"standard","meta":{"footnotes":""},"categories":[2],"tags":[41,66,6,49,347,32,341,338],"ods":[],"class_list":["post-151049","post","type-post","status-publish","format-standard","hentry","category-noticias","tag-agricultura-abastecimento-e-turismo","tag-dae","tag-educacao","tag-fundacao-municipal-de-acao-social-fumas","tag-obras","tag-planejamento-e-meio-ambiente","tag-servicos-publicos","tag-transportes"],"_links":{"self":[{"href":"https:\/\/jundiai.sp.gov.br\/noticias\/wp-json\/wp\/v2\/posts\/151049","targetHints":{"allow":["GET"]}}],"collection":[{"href":"https:\/\/jundiai.sp.gov.br\/noticias\/wp-json\/wp\/v2\/posts"}],"about":[{"href":"https:\/\/jundiai.sp.gov.br\/noticias\/wp-json\/wp\/v2\/types\/post"}],"author":[{"embeddable":true,"href":"https:\/\/jundiai.sp.gov.br\/noticias\/wp-json\/wp\/v2\/users\/14"}],"replies":[{"embeddable":true,"href":"https:\/\/jundiai.sp.gov.br\/noticias\/wp-json\/wp\/v2\/comments?post=151049"}],"version-history":[{"count":8,"href":"https:\/\/jundiai.sp.gov.br\/noticias\/wp-json\/wp\/v2\/posts\/151049\/revisions"}],"predecessor-version":[{"id":151066,"href":"https:\/\/jundiai.sp.gov.br\/noticias\/wp-json\/wp\/v2\/posts\/151049\/revisions\/151066"}],"wp:attachment":[{"href":"https:\/\/jundiai.sp.gov.br\/noticias\/wp-json\/wp\/v2\/media?parent=151049"}],"wp:term":[{"taxonomy":"category","embeddable":true,"href":"https:\/\/jundiai.sp.gov.br\/noticias\/wp-json\/wp\/v2\/categories?post=151049"},{"taxonomy":"post_tag","embeddable":true,"href":"https:\/\/jundiai.sp.gov.br\/noticias\/wp-json\/wp\/v2\/tags?post=151049"},{"taxonomy":"ods","embeddable":true,"href":"https:\/\/jundiai.sp.gov.br\/noticias\/wp-json\/wp\/v2\/ods?post=151049"}],"curies":[{"name":"wp","href":"https:\/\/api.w.org\/{rel}","templated":true}]}}