{"id":151155,"date":"2015-08-12T15:17:33","date_gmt":"2015-08-12T18:17:33","guid":{"rendered":"https:\/\/jundiai.sp.gov.br\/noticias\/?p=151155"},"modified":"2016-11-04T11:36:51","modified_gmt":"2016-11-04T13:36:51","slug":"secretario-visita-novas-academias-ao-ar-livre-do-sororoca-e-jardim-martins","status":"publish","type":"post","link":"https:\/\/jundiai.sp.gov.br\/noticias\/2015\/08\/12\/secretario-visita-novas-academias-ao-ar-livre-do-sororoca-e-jardim-martins\/","title":{"rendered":"Secret\u00e1rio visita academias ao ar livre do Sororoca e Jardim Martins"},"content":{"rendered":"<p><strong>O secret\u00e1rio de Esportes e Lazer, Cristiano Lopes, esteve no Centro Esportivo Jos\u00e9 Brenna, o Sororoca, nesta quarta-feira (12), em visita t\u00e9cnica \u00e0 academia ao ar livre entregue recentemente \u00e0 popula\u00e7\u00e3o. A instala\u00e7\u00e3o faz parte do cronograma estabelecido pela pasta em parceria com a Secretaria de Obras e Secretaria de Servi\u00e7os P\u00fablicos, de acordo com o plano de revitaliza\u00e7\u00e3o dos espa\u00e7os p\u00fablicos idealizado pela atual administra\u00e7\u00e3o.<\/strong><\/p>\n<p>\u201cEstamos atendendo uma demanda antiga dos pr\u00f3prios usu\u00e1rios deste espa\u00e7o, que t\u00eam o direito a um local de qualidade para se exercitar, caminhar e se divertir de forma saud\u00e1vel e ativa\u201d, disse Cristiano, que aproveitou a oportunidade de estar com a popula\u00e7\u00e3o e conversar sobre os <strong>principais projetos e os avan\u00e7os do Esporte na cidade<\/strong>.<\/p>\n<p><strong>LEIA TAMB\u00c9M<br \/>\n<a href=\"https:\/\/jundiai.sp.gov.br\/noticias\/2015\/08\/11\/populacao-abraca-parque-do-jardim-do-lago\/\" target=\"_blank\">Popula\u00e7\u00e3o \u2018abra\u00e7a\u2019 o novo Parque do Jardim do Lago<\/a><br \/>\n<a href=\"https:\/\/jundiai.sp.gov.br\/noticias\/2015\/08\/11\/circuito-municipal-de-handebol-estudantil-sera-nesta-quarta-12-no-romao\/\" target=\"_blank\">Circuito de Handebol Estudantil ser\u00e1 nesta quarta (12) no Rom\u00e3o<\/a><\/strong><\/p>\n<div id=\"attachment_151159\" style=\"width: 730px\" class=\"wp-caption aligncenter\"><a href=\"https:\/\/jundiai.sp.gov.br\/noticias\/wp-content\/uploads\/sites\/32\/2015\/08\/academia_ar_livre_sororoca_P48G.jpg\"><img loading=\"lazy\" decoding=\"async\" aria-describedby=\"caption-attachment-151159\" class=\"size-large wp-image-151159\" src=\"https:\/\/jundiai.sp.gov.br\/noticias\/wp-content\/uploads\/sites\/32\/2015\/08\/academia_ar_livre_sororoca_P48G-720x490.jpg\" alt=\"Popula\u00e7\u00e3o j\u00e1 desfruta dos novos aparelhos\" width=\"720\" height=\"490\" srcset=\"https:\/\/jundiai.sp.gov.br\/noticias\/wp-content\/uploads\/sites\/32\/2015\/08\/academia_ar_livre_sororoca_P48G-720x490.jpg 720w, https:\/\/jundiai.sp.gov.br\/noticias\/wp-content\/uploads\/sites\/32\/2015\/08\/academia_ar_livre_sororoca_P48G-300x204.jpg 300w, https:\/\/jundiai.sp.gov.br\/noticias\/wp-content\/uploads\/sites\/32\/2015\/08\/academia_ar_livre_sororoca_P48G.jpg 1240w\" sizes=\"auto, (max-width: 720px) 100vw, 720px\" \/><\/a><p id=\"caption-attachment-151159\" class=\"wp-caption-text\">Popula\u00e7\u00e3o j\u00e1 desfruta dos novos aparelhos<\/p><\/div>\n<p><strong>A academia do Sororoca integra o pacote de equipamentos ao ar livre adquiridos a partir de emendas parlamentares de 2013 que s\u00f3 foram liberadas em novembro do ano passado pelo Governo do Estado.<\/strong><\/p>\n<div id=\"attachment_151162\" style=\"width: 410px\" class=\"wp-caption alignleft\"><a href=\"https:\/\/jundiai.sp.gov.br\/noticias\/wp-content\/uploads\/sites\/32\/2015\/08\/academia_ar_livre_jd_martins_P44G.jpg\"><img loading=\"lazy\" decoding=\"async\" aria-describedby=\"caption-attachment-151162\" class=\"size-large wp-image-151162\" src=\"https:\/\/jundiai.sp.gov.br\/noticias\/wp-content\/uploads\/sites\/32\/2015\/08\/academia_ar_livre_jd_martins_P44G-720x519.jpg\" alt=\"Local escolhido vai intregrar centro esportivo e pista de BMX\" width=\"400\" height=\"350\" \/><\/a><p id=\"caption-attachment-151162\" class=\"wp-caption-text\">Local escolhido vai intregrar centro esportivo e pista de BMX<\/p><\/div>\n<p>Al\u00e9m dos aparelhos de gin\u00e1stica, o <strong>piso de concreto no p\u00e1tio do centro esportivo foi todo refeito, as ra\u00edzes das \u00e1rvores que causavam as rachaduras foram acomodadas dentro da terra e o paisagismo em torno do local incrementou o visual. Mais ilumina\u00e7\u00e3o tamb\u00e9m foi inclu\u00edda na manuten\u00e7\u00e3o, aumentando a seguran\u00e7a do local para quem se exercita \u00e0 noite.<\/strong><\/p>\n<p>Maria Teresa e Eli Moraes frequentam o Sororoca h\u00e1 15 anos e est\u00e3o muito <strong>felizes com as melhorias no espa\u00e7o<\/strong>. \u201cAqui n\u00f3s <strong>fazemos caminhada, gin\u00e1stica, jogamos v\u00f4lei<\/strong> e o que mais tiver. O <strong>ambiente est\u00e1 mais verde e agrad\u00e1vel, tem gente aqui o dia todo<\/strong>. Isso \u00e9 uma prova de que <strong>\u00e9 um lugar importante para o povo e tem acolhido muito bem a todos<\/strong>\u201d, disseram as duas mulheres que fazem parte do grupo de gin\u00e1stica corporal com o educador esportivo Marcelo Moda.<\/p>\n<p>A visita do secret\u00e1rio se estendeu tamb\u00e9m ao <strong>Centro Esportivo Francisco \u00c1lvaro Siqueira Neto, no Jardim Martins, onde ser\u00e1 instalado o pr\u00f3ximo conjunto de academia ao ar livre. O local escolhido para instala\u00e7\u00e3o busca integrar o espa\u00e7o e aumentar a seguran\u00e7a dos frequentadores.<\/strong><\/p>\n<div id=\"attachment_151164\" style=\"width: 410px\" class=\"wp-caption alignright\"><a href=\"https:\/\/jundiai.sp.gov.br\/noticias\/wp-content\/uploads\/sites\/32\/2015\/08\/academia_ar_livre_jd_martins_P5G.jpg\"><img loading=\"lazy\" decoding=\"async\" aria-describedby=\"caption-attachment-151164\" class=\"size-large wp-image-151164\" src=\"https:\/\/jundiai.sp.gov.br\/noticias\/wp-content\/uploads\/sites\/32\/2015\/08\/academia_ar_livre_jd_martins_P5G-720x480.jpg\" alt=\"Pista de BMX \u00e9 um dos legados dos Jogos Regionais, disputados na cidade em julho\" width=\"400\" height=\"350\" \/><\/a><p id=\"caption-attachment-151164\" class=\"wp-caption-text\">Pista de BMX \u00e9 um dos legados dos Jogos Regionais, disputados na cidade em julho<\/p><\/div>\n<p>\u201c<strong>Antes aqui era um matagal, agora, com a <a href=\"https:\/\/jundiai.sp.gov.br\/noticias\/2015\/06\/09\/obras-da-pista-de-bmx-e-academia-ao-ar-livre-sao-vistoriadas\/\" target=\"_blank\">constru\u00e7\u00e3o da pista de BMX, entregue no m\u00eas de junho<\/a>, e com essa etapa de fixa\u00e7\u00e3o dos aparelhos de gin\u00e1stica, integramos e qualificamos o espa\u00e7o<\/strong>. Um trabalho de <strong>paisagismo<\/strong> tamb\u00e9m est\u00e1 programado em parceria com a Secretaria de Servi\u00e7os P\u00fablicos\u201d, disse Cristiano Lopes, ressaltando que <strong>a obra \u00e9 complexa, mas que trar\u00e1 bons frutos para regi\u00e3o no quesito esporte e lazer.<\/strong><\/p>\n<p><strong>Todos os aparelhos de academia ao ar livre instalados em Jundia\u00ed foram desenvolvidos para ser utilizados por adultos<\/strong>. Os praticantes usam a pr\u00f3pria for\u00e7a corporal para a execu\u00e7\u00e3o dos exerc\u00edcios, com o objetivo de <strong>garantir sa\u00fade, conforto e lazer. A manuten\u00e7\u00e3o \u00e9 feita de maneira preventiva e corretiva conforme normas da Associa\u00e7\u00e3o Brasileira de Normas T\u00e9cnicas (ABNT). Quanto ao laudo t\u00e9cnico, ele j\u00e1 consta no processo, no ato de aquisi\u00e7\u00e3o das academias<\/strong>.<\/p>\n<p><strong><em>Assessoria de Imprensa<br \/>\nFotos: Paulo Gr\u00e9gio<\/em><\/strong><\/p>\n","protected":false},"excerpt":{"rendered":"<p>Aquisi\u00e7\u00e3o de equipamentos adequados faz parte do plano de revitaliza\u00e7\u00e3o dos espa\u00e7os p\u00fablicos idealizado pela atual administra\u00e7\u00e3o<\/p>\n","protected":false},"author":14,"featured_media":151171,"comment_status":"closed","ping_status":"closed","sticky":false,"template":"","format":"standard","meta":{"footnotes":""},"categories":[2],"tags":[609,35,347,341],"ods":[],"class_list":["post-151155","post","type-post","status-publish","format-standard","has-post-thumbnail","hentry","category-noticias","tag-bicicross","tag-esporte-e-lazer","tag-obras","tag-servicos-publicos"],"_links":{"self":[{"href":"https:\/\/jundiai.sp.gov.br\/noticias\/wp-json\/wp\/v2\/posts\/151155","targetHints":{"allow":["GET"]}}],"collection":[{"href":"https:\/\/jundiai.sp.gov.br\/noticias\/wp-json\/wp\/v2\/posts"}],"about":[{"href":"https:\/\/jundiai.sp.gov.br\/noticias\/wp-json\/wp\/v2\/types\/post"}],"author":[{"embeddable":true,"href":"https:\/\/jundiai.sp.gov.br\/noticias\/wp-json\/wp\/v2\/users\/14"}],"replies":[{"embeddable":true,"href":"https:\/\/jundiai.sp.gov.br\/noticias\/wp-json\/wp\/v2\/comments?post=151155"}],"version-history":[{"count":12,"href":"https:\/\/jundiai.sp.gov.br\/noticias\/wp-json\/wp\/v2\/posts\/151155\/revisions"}],"predecessor-version":[{"id":183814,"href":"https:\/\/jundiai.sp.gov.br\/noticias\/wp-json\/wp\/v2\/posts\/151155\/revisions\/183814"}],"wp:featuredmedia":[{"embeddable":true,"href":"https:\/\/jundiai.sp.gov.br\/noticias\/wp-json\/wp\/v2\/media\/151171"}],"wp:attachment":[{"href":"https:\/\/jundiai.sp.gov.br\/noticias\/wp-json\/wp\/v2\/media?parent=151155"}],"wp:term":[{"taxonomy":"category","embeddable":true,"href":"https:\/\/jundiai.sp.gov.br\/noticias\/wp-json\/wp\/v2\/categories?post=151155"},{"taxonomy":"post_tag","embeddable":true,"href":"https:\/\/jundiai.sp.gov.br\/noticias\/wp-json\/wp\/v2\/tags?post=151155"},{"taxonomy":"ods","embeddable":true,"href":"https:\/\/jundiai.sp.gov.br\/noticias\/wp-json\/wp\/v2\/ods?post=151155"}],"curies":[{"name":"wp","href":"https:\/\/api.w.org\/{rel}","templated":true}]}}