{"id":151313,"date":"2015-08-13T17:32:52","date_gmt":"2015-08-13T20:32:52","guid":{"rendered":"https:\/\/jundiai.sp.gov.br\/noticias\/?p=151313"},"modified":"2019-09-13T16:37:19","modified_gmt":"2019-09-13T19:37:19","slug":"cultura-promove-simposio-sobre-patrimonio-material-e-imaterial","status":"publish","type":"post","link":"https:\/\/jundiai.sp.gov.br\/noticias\/2015\/08\/13\/cultura-promove-simposio-sobre-patrimonio-material-e-imaterial\/","title":{"rendered":"Secretaria de Cultura realiza Simp\u00f3sio sobre Patrim\u00f4nio"},"content":{"rendered":"<p><strong>Palestras, cursos, workshops e debates fazem parte da programa\u00e7\u00e3o do 3\u00ba Simp\u00f3sio sobre Patrim\u00f4nio Material e Imaterial, de quarta-feira (26) a s\u00e1bado (29), no Complexo Fepasa. Promovido pela <a href=\"http:\/\/cultura.jundiai.sp.gov.br\/\" target=\"_blank\" rel=\"noopener noreferrer\">Secretaria de Cultura<\/a>, por meio da Diretoria de Patrim\u00f4nio Hist\u00f3rico e Cultural, o evento conta com a participa\u00e7\u00e3o de especialistas como os professores Fernando Atique (Unifesp), Eduardo Tomascevicius Filho (Usp), Pier Paolo Pizzolato (Unip), o arquiteto Toninho Saras\u00e1, o advogado Eraz\u00ea Sutti e o engenheiro Jorge Vecchi.<\/strong><\/p>\n<p>Os historiadores Donizetti Aparecido Pinto, Jos\u00e9 Fel\u00edcio Ribeiro Cezare, Jean Caum Camoleze, Alexandre Oliveira e Jos\u00e9 Renato Polli tamb\u00e9m ir\u00e3o participar dos debates, assim como as pedagogas Maria Ang\u00e9lica Ribeiro e Aurea Lemos, e o jornalista Luiz Antonio de Oliveira (Cobrinha), que mediar\u00e1 as discuss\u00f5es sobre o Paulista Futebol Clube. Completam o time o vereador Rafael Purgato, o arquiteto D\u00e9cio Pradella e o soci\u00f3logo e jornalista Jos\u00e9 Arnaldo de Oliveira. <strong>A programa\u00e7\u00e3o inclui, ainda, apresenta\u00e7\u00e3o dos trabalhos inscritos.<\/strong><\/p>\n<p><strong>LEIA TAMB\u00c9M<br \/>\n<a href=\"https:\/\/jundiai.sp.gov.br\/noticias\/2015\/08\/11\/jundiai-se-mobiliza-para-o-municipio-verde-e-azul\/\" target=\"_blank\" rel=\"noopener noreferrer\">Jundia\u00ed se mobiliza para o \u2018Munic\u00edpio Verde e Azul\u2019<\/a><br \/>\n<a href=\"https:\/\/jundiai.sp.gov.br\/noticias\/2015\/08\/12\/sexta-no-centro-agita-a-noite-do-centro-com-pluralidade-musical\/\" target=\"_blank\" rel=\"noopener noreferrer\">\u2018Sexta no Centro\u2019 agita a noite com pluralidade musical<\/a><br \/>\n<a href=\"https:\/\/jundiai.sp.gov.br\/noticias\/2015\/08\/13\/circuito-cultural-propoe-mapeamento-de-pontos-criativos\/\" target=\"_blank\" rel=\"noopener noreferrer\">\u2018Circuito Cultural\u2019 prop\u00f5e mapeamento de pontos criativos<\/a><br \/>\n<a href=\"https:\/\/jundiai.sp.gov.br\/noticias\/2015\/08\/12\/feira-da-amizade-2015-tem-inscricoes-para-artistas-ate-esta-sexta-14\/\" target=\"_blank\" rel=\"noopener noreferrer\">\u2018Feira da Amizade 2015\u2019 tem inscri\u00e7\u00f5es para artistas at\u00e9 sexta (14)<\/a><\/strong><\/p>\n<div id=\"attachment_151315\" style=\"width: 730px\" class=\"wp-caption aligncenter\"><a href=\"https:\/\/jundiai.sp.gov.br\/noticias\/wp-content\/uploads\/sites\/32\/2015\/08\/ponte_torta_com_veu_P_7G.jpg\"><img loading=\"lazy\" decoding=\"async\" aria-describedby=\"caption-attachment-151315\" class=\"size-large wp-image-151315\" src=\"https:\/\/jundiai.sp.gov.br\/noticias\/wp-content\/uploads\/sites\/32\/2015\/08\/ponte_torta_com_veu_P_7G-720x545.jpg\" alt=\"Patrim\u00f4nio de Jundia\u00ed, Ponte Torta \u00e9 tema de palestra no simp\u00f3sio\" width=\"720\" height=\"545\" srcset=\"https:\/\/jundiai.sp.gov.br\/noticias\/wp-content\/uploads\/sites\/32\/2015\/08\/ponte_torta_com_veu_P_7G-720x545.jpg 720w, https:\/\/jundiai.sp.gov.br\/noticias\/wp-content\/uploads\/sites\/32\/2015\/08\/ponte_torta_com_veu_P_7G-300x227.jpg 300w, https:\/\/jundiai.sp.gov.br\/noticias\/wp-content\/uploads\/sites\/32\/2015\/08\/ponte_torta_com_veu_P_7G.jpg 1240w\" sizes=\"auto, (max-width: 720px) 100vw, 720px\" \/><\/a><p id=\"caption-attachment-151315\" class=\"wp-caption-text\">Patrim\u00f4nio de Jundia\u00ed, Ponte Torta \u00e9 tema de palestra no simp\u00f3sio<\/p><\/div>\n<p>Durante o simp\u00f3sio vai ser <strong>lan\u00e7ado o site do patrim\u00f4nio hist\u00f3rico de Jundia\u00ed e anunciada a revista digital elaborada a partir dos trabalhos inscritos.<\/strong> \u201cO lan\u00e7amento do site e da revista mostra o <strong>interesse da cidade em preservar sua hist\u00f3ria<\/strong>\u201d, assinala o diretor de Patrim\u00f4nio Hist\u00f3rico e Cultural, Donizetti Aparecido Filho.<\/p>\n<p><strong>Programa\u00e7\u00e3o do Simp\u00f3sio<\/strong><\/p>\n<p><strong>Quarta-feira (26)<\/strong><\/p>\n<ul>\n<li><em>8h &#8211; Credenciamento e entrega dos materiais;<\/em><\/li>\n<li><em> 8h30 &#8211; Cerim\u00f4nia de abertura &#8211; Tema: O atual cen\u00e1rio da preserva\u00e7\u00e3o do patrim\u00f4nio hist\u00f3rico em Jundia\u00ed (T\u00e9rcio Marinho, D\u00e9cio Pradela, Donizetti Aparecido Pinto e Maria Ang\u00e9lica Ribeiro);<\/em><\/li>\n<li><em> 9h30 \u2013 Caf\u00e9;<\/em><\/li>\n<li><em> 10h \u2013 Mesa-redonda \u2013 A hist\u00f3ria da preserva\u00e7\u00e3o do Patrim\u00f4nio: Passado e Presente (Fernando Atique);<\/em><\/li>\n<li><em> 13h \u2013 Primeira op\u00e7\u00e3o: Apresenta\u00e7\u00e3o dos trabalhos &#8211; 1\u00aa op\u00e7\u00e3o;<\/em><\/li>\n<li><em> 13h \u2013 Segunda op\u00e7\u00e3o: Desenhos e Fotos de im\u00f3veis hist\u00f3ricos na cidade com pr\u00e9 roteiro estabelecido (roteiro do <strong>Projeto Urbanismo Caminh\u00e1vel<\/strong>);<\/em><\/li>\n<\/ul>\n<p><strong>Quinta-feira (27)<\/strong><\/p>\n<ul>\n<li><em>8h \u2013 <strong>Ponte Torta<\/strong>, resgate hist\u00f3rico, zeladoria e restauro (Felipe Andrade e Toninho Saras\u00e1);<\/em><\/li>\n<li><em> 9h \u2013 Interven\u00e7\u00f5es contempor\u00e2neas em im\u00f3veis hist\u00f3ricos (Pier Paolo Pizzolato);<\/em><\/li>\n<li><em> 10h \u2013 Fazenda Ermida \u2013 restauro e disponibilidade ao p\u00fablico (Jorge Vecchi);<\/em><\/li>\n<li><em> 11h \u2013 Apresenta\u00e7\u00e3o dos trabalhos da Comiss\u00e3o da Verdade de Jundia\u00ed (Aurea Lemos);<\/em><\/li>\n<li><em> 12h \u2013 Visita t\u00e9cnica \u2013 Centro de Mem\u00f3ria;<\/em><\/li>\n<li><em> 13h30 \u2013 A hist\u00f3ria oper\u00e1ria de Jundia\u00ed e sua origem ferrovi\u00e1ria (Jos\u00e9 Renato Polli, Alexandre Oliveira e Jos\u00e9 Fel\u00edcio);<\/em><\/li>\n<li><em> 14h45 \u2013 Intervalo;<\/em><\/li>\n<li><em> 15h \u2013 Reencontro: Paulista e Complexo Fepasa, hist\u00f3rias e resgates; (Donizetti Aparecido Pinto e Cobrinha);<\/em><\/li>\n<\/ul>\n<p><strong>Sexta-feira (28)<\/strong><\/p>\n<ul>\n<li><em>8h \u2013 Interven\u00e7\u00e3o art\u00edstica;<\/em><\/li>\n<li><em> 9h30 \u2013 O papel do poder p\u00fablico no processo de preserva\u00e7\u00e3o do patrim\u00f4nio (Rafael Purgato e Jean Camoleze);<\/em><\/li>\n<li><em> 11h \u2013 Compac \u2013 registros e tombamentos (Maria Ang\u00e9lica Ribeiro e Eraz\u00ea Sutti);<\/em><\/li>\n<li><em> 11h30 \u2013 Funda\u00e7\u00e3o de Energia e Saneamento: n\u00facleo de documenta\u00e7\u00e3o e pesquisa em Jundia\u00ed;<\/em><\/li>\n<li><em> 13h \u2013 Curso \u2013 Tombamentos: Lei 443, tramites e m\u00e9todos (Jorge Vecchi, Donizetti Aparecido Pinto e Eduardo Tomascevicius Filho);<\/em><\/li>\n<li><em> 15h30 \u2013 Apresenta\u00e7\u00e3o dos desenhos e fotos;<\/em><\/li>\n<li><em> 16h30 \u2013 An\u00fancio da escolha da placa;<\/em><\/li>\n<li><em> 17h \u2013 Sarau cultural da alma po\u00e9tica e musical de Jundiahy;<\/em><\/li>\n<li><em> 19h \u2013 Orquestra de viola;<\/em><\/li>\n<\/ul>\n<p><strong>S\u00e1bado (29)<\/strong><\/p>\n<ul>\n<li><em>9h \u2013 Visita t\u00e9cnica ao Centro Cultural Ermida<\/em>.<\/li>\n<\/ul>\n<p><strong><em>Assessoria de Imprensa<br \/>\nFoto: Arquivo PMJ<\/em><\/strong><\/p>\n","protected":false},"excerpt":{"rendered":"<p>LEIA MAIS: \u2018Circuito Cultural\u2019 prop\u00f5e mapa colaborativo em di\u00e1logo com oficinas do Urbanismo Caminh\u00e1vel<\/p>\n","protected":false},"author":14,"featured_media":151378,"comment_status":"closed","ping_status":"closed","sticky":false,"template":"","format":"standard","meta":{"footnotes":""},"categories":[2],"tags":[683,29,449,32,427,659,682],"ods":[],"class_list":["post-151313","post","type-post","status-publish","format-standard","has-post-thumbnail","hentry","category-noticias","tag-3o-simposio-sobre-patrimonio-material-e-imaterial","tag-cultura","tag-espaco-expressa","tag-planejamento-e-meio-ambiente","tag-ponte-torta","tag-projeto-urbanismo-caminhavel","tag-simposio-sobre-patrimonio-material-e-imaterial"],"_links":{"self":[{"href":"https:\/\/jundiai.sp.gov.br\/noticias\/wp-json\/wp\/v2\/posts\/151313","targetHints":{"allow":["GET"]}}],"collection":[{"href":"https:\/\/jundiai.sp.gov.br\/noticias\/wp-json\/wp\/v2\/posts"}],"about":[{"href":"https:\/\/jundiai.sp.gov.br\/noticias\/wp-json\/wp\/v2\/types\/post"}],"author":[{"embeddable":true,"href":"https:\/\/jundiai.sp.gov.br\/noticias\/wp-json\/wp\/v2\/users\/14"}],"replies":[{"embeddable":true,"href":"https:\/\/jundiai.sp.gov.br\/noticias\/wp-json\/wp\/v2\/comments?post=151313"}],"version-history":[{"count":18,"href":"https:\/\/jundiai.sp.gov.br\/noticias\/wp-json\/wp\/v2\/posts\/151313\/revisions"}],"predecessor-version":[{"id":234225,"href":"https:\/\/jundiai.sp.gov.br\/noticias\/wp-json\/wp\/v2\/posts\/151313\/revisions\/234225"}],"wp:featuredmedia":[{"embeddable":true,"href":"https:\/\/jundiai.sp.gov.br\/noticias\/wp-json\/wp\/v2\/media\/151378"}],"wp:attachment":[{"href":"https:\/\/jundiai.sp.gov.br\/noticias\/wp-json\/wp\/v2\/media?parent=151313"}],"wp:term":[{"taxonomy":"category","embeddable":true,"href":"https:\/\/jundiai.sp.gov.br\/noticias\/wp-json\/wp\/v2\/categories?post=151313"},{"taxonomy":"post_tag","embeddable":true,"href":"https:\/\/jundiai.sp.gov.br\/noticias\/wp-json\/wp\/v2\/tags?post=151313"},{"taxonomy":"ods","embeddable":true,"href":"https:\/\/jundiai.sp.gov.br\/noticias\/wp-json\/wp\/v2\/ods?post=151313"}],"curies":[{"name":"wp","href":"https:\/\/api.w.org\/{rel}","templated":true}]}}