{"id":151495,"date":"2015-08-14T17:34:26","date_gmt":"2015-08-14T20:34:26","guid":{"rendered":"https:\/\/jundiai.sp.gov.br\/noticias\/?p=151495"},"modified":"2016-11-04T11:29:17","modified_gmt":"2016-11-04T13:29:17","slug":"forca-bonfa-e-gavioes-da-japy-fazem-final-do-regional-de-futebol-no-domingo-16","status":"publish","type":"post","link":"https:\/\/jundiai.sp.gov.br\/noticias\/2015\/08\/14\/forca-bonfa-e-gavioes-da-japy-fazem-final-do-regional-de-futebol-no-domingo-16\/","title":{"rendered":"For\u00e7a Bonfa e Gavi\u00f5es da Japy fazem final do Regional de Futebol"},"content":{"rendered":"<p><strong>O campe\u00e3o da 3\u00aa edi\u00e7\u00e3o do Campeonato Regional de Futebol Adulto, competi\u00e7\u00e3o criada pela Secretaria de Esportes e Lazer na administra\u00e7\u00e3o do prefeito Pedro Bigardi, ser\u00e1 conhecido neste domingo (16), \u00e0s 10h. A final, no Centro Esportivo Francisco Dal Santo, ser\u00e1 entre For\u00e7a Bonfa, do Bonfiglioli, e Gavi\u00f5es da Japy, do Eloy Chaves, que pela segunda vez disputa o t\u00edtulo.<\/strong><\/p>\n<p>Na <strong>semifinal<\/strong>, o Gavi\u00f5es venceu o M2 Amigos por 1 a 0, conquistando vaga para a decis\u00e3o. O For\u00e7a Bonfa se classificou nos p\u00eanaltis em cima do Uni\u00e3o Cacha\u00e7a por 6 a 5, ap\u00f3s empate sem gols no tempo normal.<\/p>\n<p><strong>LEIA TAMB\u00c9M<br \/>\n<a href=\"https:\/\/jundiai.sp.gov.br\/noticias\/2015\/08\/14\/campo-de-futebol-do-santa-gertrudes-esta-em-fase-final-de-revitalizacao\/\" target=\"_blank\">Obras no campo do Santa Gertrudes est\u00e3o em fase final<\/a><br \/>\n<a href=\"https:\/\/jundiai.sp.gov.br\/noticias\/2015\/08\/14\/barracas-de-alimentacao-e-artesanato-sao-novidades-no-7-de-setembro\/\" target=\"_blank\">7 de setembro vai ter barracas de alimenta\u00e7\u00e3o e artesanato<\/a><br \/>\n<a href=\"https:\/\/jundiai.sp.gov.br\/noticias\/2015\/08\/12\/secretario-visita-novas-academias-ao-ar-livre-do-sororoca-e-jardim-martins\/\" target=\"_blank\">Secret\u00e1rio visita academias ao ar livre do Sororoca e Jardim Martins<\/a><\/strong><\/p>\n<div id=\"attachment_151500\" style=\"width: 730px\" class=\"wp-caption aligncenter\"><a href=\"https:\/\/jundiai.sp.gov.br\/noticias\/wp-content\/uploads\/sites\/32\/2015\/08\/final_futebol_regional_D40G.jpg\"><img loading=\"lazy\" decoding=\"async\" aria-describedby=\"caption-attachment-151500\" src=\"https:\/\/jundiai.sp.gov.br\/noticias\/wp-content\/uploads\/sites\/32\/2015\/08\/final_futebol_regional_D40G-720x456.jpg\" alt=\"No ano passado, o Gavi\u00f5es do Japy ficou com o vice-campeonato\" width=\"720\" height=\"456\" class=\"size-large wp-image-151500\" srcset=\"https:\/\/jundiai.sp.gov.br\/noticias\/wp-content\/uploads\/sites\/32\/2015\/08\/final_futebol_regional_D40G-720x456.jpg 720w, https:\/\/jundiai.sp.gov.br\/noticias\/wp-content\/uploads\/sites\/32\/2015\/08\/final_futebol_regional_D40G-300x190.jpg 300w, https:\/\/jundiai.sp.gov.br\/noticias\/wp-content\/uploads\/sites\/32\/2015\/08\/final_futebol_regional_D40G.jpg 1240w\" sizes=\"auto, (max-width: 720px) 100vw, 720px\" \/><\/a><p id=\"caption-attachment-151500\" class=\"wp-caption-text\">No ano passado, o Gavi\u00f5es do Japy ficou com o vice-campeonato<\/p><\/div>\n<p><strong>O 3\u00ba e 4\u00ba colocados tamb\u00e9m ser\u00e3o decididos no domingo (16), com o jogo entre Uni\u00e3o Cacha\u00e7a e M2 Amigos, \u00e0s 8h30, no mesmo local.<\/strong><\/p>\n<p>Segundo o secret\u00e1rio de Esportes e Lazer, Cristiano Lopes, <strong>o objetivo da competi\u00e7\u00e3o \u00e9 promover a integra\u00e7\u00e3o entre os bairros e proporcionar atividades nos fins de semana. \u201cEsse campeonato re\u00fane a fam\u00edlia jundiaiense por meio do futebol. Temos crian\u00e7as e mulheres que vieram prestigiar todos os jogos. Tamb\u00e9m \u00e9 mais um legado dessa administra\u00e7\u00e3o, que busca descentralizar as pr\u00e1ticas esportivas e levar esporte e lazer para toda a popula\u00e7\u00e3o\u201d<\/strong>, disse.<\/p>\n<p><strong>No ano passado, <a href=\"https:\/\/jundiai.sp.gov.br\/noticias\/2014\/08\/31\/koko-bongo-conquista-o-titulo-do-campeonato-regional-de-futebol\/\" target=\"_blank\">o Gavi\u00f5es foi vice-campe\u00e3o ao perder para o Kokobongo por 1 a 0 em cobran\u00e7a de p\u00eanalti<\/a>. O For\u00e7a Bonfa \u00e9 estreante no torneio.<\/strong><\/p>\n<p><strong>Campeonato <\/strong><br \/>\nPromovido pela Secretaria de Esportes e Lazer, <strong>a terceira edi\u00e7\u00e3o do Campeonato Regional de Futebol Adulto teve a participa\u00e7\u00e3o de 48 equipes. A competi\u00e7\u00e3o foi dividida em quatro regi\u00f5es \u2013 norte, sul, leste e oeste \u2013 que decidiram seus campe\u00f5es na primeira fase. Na segunda, os dois primeiros colocados de cada regi\u00e3o se enfrentaram em quartas de final, semifinal e, posteriormente, na final, que decidir\u00e1 o grande campe\u00e3o.<\/strong><\/p>\n<p><strong><em>Assessoria de Imprensa<br \/>\nFoto: Dorival Pinheiro Filho<\/em><\/strong><\/p>\n","protected":false},"excerpt":{"rendered":"<p>O campe\u00e3o da 3\u00aa edi\u00e7\u00e3o do Campeonato Regional de Futebol Adulto, competi\u00e7\u00e3o criada pela Secretaria de Esportes e Lazer na administra\u00e7\u00e3o do prefeito Pedro Bigardi, ser\u00e1 conhecido neste domingo (16), \u00e0s 10h. A final, no Centro Esportivo Francisco Dal Santo, ser\u00e1 entre For\u00e7a Bonfa, do Bonfiglioli, e Gavi\u00f5es da Japy, do Eloy Chaves, que pela [&hellip;]<\/p>\n","protected":false},"author":14,"featured_media":0,"comment_status":"closed","ping_status":"closed","sticky":false,"template":"","format":"standard","meta":{"footnotes":""},"categories":[2],"tags":[529,640,35,99,402],"ods":[],"class_list":["post-151495","post","type-post","status-publish","format-standard","hentry","category-noticias","tag-3o-campeonato-regional-de-futebol-adulto","tag-campeonato-regional-de-futebol-adulto","tag-esporte-e-lazer","tag-futebol","tag-futebol-masculino"],"_links":{"self":[{"href":"https:\/\/jundiai.sp.gov.br\/noticias\/wp-json\/wp\/v2\/posts\/151495","targetHints":{"allow":["GET"]}}],"collection":[{"href":"https:\/\/jundiai.sp.gov.br\/noticias\/wp-json\/wp\/v2\/posts"}],"about":[{"href":"https:\/\/jundiai.sp.gov.br\/noticias\/wp-json\/wp\/v2\/types\/post"}],"author":[{"embeddable":true,"href":"https:\/\/jundiai.sp.gov.br\/noticias\/wp-json\/wp\/v2\/users\/14"}],"replies":[{"embeddable":true,"href":"https:\/\/jundiai.sp.gov.br\/noticias\/wp-json\/wp\/v2\/comments?post=151495"}],"version-history":[{"count":4,"href":"https:\/\/jundiai.sp.gov.br\/noticias\/wp-json\/wp\/v2\/posts\/151495\/revisions"}],"predecessor-version":[{"id":151505,"href":"https:\/\/jundiai.sp.gov.br\/noticias\/wp-json\/wp\/v2\/posts\/151495\/revisions\/151505"}],"wp:attachment":[{"href":"https:\/\/jundiai.sp.gov.br\/noticias\/wp-json\/wp\/v2\/media?parent=151495"}],"wp:term":[{"taxonomy":"category","embeddable":true,"href":"https:\/\/jundiai.sp.gov.br\/noticias\/wp-json\/wp\/v2\/categories?post=151495"},{"taxonomy":"post_tag","embeddable":true,"href":"https:\/\/jundiai.sp.gov.br\/noticias\/wp-json\/wp\/v2\/tags?post=151495"},{"taxonomy":"ods","embeddable":true,"href":"https:\/\/jundiai.sp.gov.br\/noticias\/wp-json\/wp\/v2\/ods?post=151495"}],"curies":[{"name":"wp","href":"https:\/\/api.w.org\/{rel}","templated":true}]}}