{"id":151668,"date":"2015-08-17T18:12:49","date_gmt":"2015-08-17T21:12:49","guid":{"rendered":"https:\/\/jundiai.sp.gov.br\/noticias\/?p=151668"},"modified":"2020-02-10T10:32:46","modified_gmt":"2020-02-10T12:32:46","slug":"rotas-turisticas-iniciam-oficinas-de-memoria","status":"publish","type":"post","link":"https:\/\/jundiai.sp.gov.br\/noticias\/2015\/08\/17\/rotas-turisticas-iniciam-oficinas-de-memoria\/","title":{"rendered":"Rotas Tur\u00edsticas iniciam &#8216;oficinas de mem\u00f3ria&#8217;"},"content":{"rendered":"<p><div id=\"attachment_151673\" style=\"width: 410px\" class=\"wp-caption alignright\"><a href=\"https:\/\/jundiai.sp.gov.br\/noticias\/wp-content\/uploads\/sites\/32\/2015\/08\/Rotas-Tur\u00edsticas-iniciam-oficinas-de-mem\u00f3ria1.jpg\"><img loading=\"lazy\" decoding=\"async\" aria-describedby=\"caption-attachment-151673\" src=\"https:\/\/jundiai.sp.gov.br\/noticias\/wp-content\/uploads\/sites\/32\/2015\/08\/Rotas-Tur\u00edsticas-iniciam-oficinas-de-mem\u00f3ria1-720x497.jpg\" alt=\"A oficina pr\u00e1tica apontou que objetos antigos podem valorizar a hist\u00f3ria de atrativos locais\" width=\"400\" height=\"350\" class=\"size-large wp-image-151673\" \/><\/a><p id=\"caption-attachment-151673\" class=\"wp-caption-text\">A oficina pr\u00e1tica apontou que objetos antigos podem valorizar a hist\u00f3ria de atrativos locais<\/p><\/div><strong>Quase 30 empreendedores ligados \u00e0 <a href=\"https:\/\/jundiai.sp.gov.br\/noticias\/2015\/07\/16\/rota-da-uva-confirma-mobilizacao-turistica-em-jundiai\/\" target=\"_blank\" rel=\"noopener noreferrer\">Rota da Uva<\/a> e \u00e0 <a href=\"https:\/\/jundiai.sp.gov.br\/noticias\/2015\/06\/23\/terra-nova-inicia-debate-sobre-rota-turistica\/\" target=\"_blank\" rel=\"noopener noreferrer\">Rota da Terra Nova<\/a>, as primeiras em implementa\u00e7\u00e3o, participaram da primeira edi\u00e7\u00e3o das Oficinas Culturais de Estrutura\u00e7\u00e3o das Rotas Tur\u00edsticas de Jundia\u00ed. Em um trabalho integrado entre as Secretarias de Agricultura, Abastecimento e Turismo e de <a href=\"http:\/\/cultura.jundiai.sp.gov.br\/\" target=\"_blank\" rel=\"noopener noreferrer\">Cultura<\/a>, o tema abordado no audit\u00f3rio do <a href=\"http:\/\/cultura.jundiai.sp.gov.br\/espacos-culturais\/museu-historico-e-cultural-de-jundiai\/\" target=\"_blank\" rel=\"noopener noreferrer\">Solar do Bar\u00e3o<\/a> foi a viv\u00eancia de hist\u00f3ria e mem\u00f3ria usando objetos do acervo que j\u00e1 foram de uso cotidiano.<\/strong><\/p>\n<p><strong>\u201c\u00c9 a primeira vez que desenvolvemos um trabalho de maneira t\u00e3o integrada entre as secretarias\u201d<\/strong>, afirmou o diretor do Museu Hist\u00f3rico e Cultural de Jundia\u00ed, Edgar Borges J\u00fanior.<\/p>\n<p><strong>LEIA TAMB\u00c9M<br \/>\n<a href=\"https:\/\/jundiai.sp.gov.br\/noticias\/2015\/08\/15\/sexta-no-centro-atrai-mais-de-duas-mil-pessoas\/\" target=\"_blank\" rel=\"noopener noreferrer\">Sexta no Centro atrai mais de duas mil pessoas<\/a><br \/>\n<a href=\"https:\/\/jundiai.sp.gov.br\/noticias\/2015\/08\/13\/circuito-cultural-propoe-mapeamento-de-pontos-criativos\/\" target=\"_blank\" rel=\"noopener noreferrer\">\u2018Circuito Cultural\u2019 prop\u00f5e mapeamento de pontos criativos<\/a><br \/>\n<a href=\"https:\/\/jundiai.sp.gov.br\/noticias\/2015\/08\/15\/jundiai-analisa-custo-da-infraestrutura-de-imoveis-desocupados\/\" target=\"_blank\" rel=\"noopener noreferrer\">Jundia\u00ed analisa custo da infraestrutura de im\u00f3veis desocupados<\/a><\/strong><\/p>\n<p>O m\u00e9todo, que contou com a presen\u00e7a da equipe t\u00e9cnica do museu, usou <strong>objetos antigos para mostrar como atribuir valor para as chamadas coisas antigas, como um r\u00e1dio de v\u00e1lvulas, uma m\u00e1quina fotogr\u00e1fica de fole, uma m\u00e1quina de escrever cl\u00e1ssica, uma leiteira de ferro ou uma plaina de madeira<\/strong>.<\/p>\n<p>Em um dos casos, um objeto met\u00e1lico era estranho para diversos participantes e foi o grupo formado por Ver\u00f4nica e Marcela Pavan, da Rota da Terra Nova, e Solange Beatriz (Vendinha), da Rota da Uva, que explicou ser um <strong>debulhadeira de milho ainda presente na casa de muitos \u201cnonos\u201d<\/strong>. A reflex\u00e3o sobre o processo que leva ao fub\u00e1 e depois \u00e0 polenta <strong>mostrou como a hist\u00f3ria social acarreta as demandas de produtos e guarda casos<\/strong>. Se Ver\u00f4nica citou a familiaridade com o objeto, foi Solange que pontuou o <strong>risco de se perderem hist\u00f3rias dos antepassados por falta de informa\u00e7\u00e3o<\/strong>.<\/p>\n<p><div id=\"attachment_151675\" style=\"width: 410px\" class=\"wp-caption alignleft\"><a href=\"https:\/\/jundiai.sp.gov.br\/noticias\/wp-content\/uploads\/sites\/32\/2015\/08\/Rotas-Tur\u00edsticas-iniciam-oficinas-de-mem\u00f3ria2.jpg\"><img loading=\"lazy\" decoding=\"async\" aria-describedby=\"caption-attachment-151675\" src=\"https:\/\/jundiai.sp.gov.br\/noticias\/wp-content\/uploads\/sites\/32\/2015\/08\/Rotas-Tur\u00edsticas-iniciam-oficinas-de-mem\u00f3ria2-720x515.jpg\" alt=\"A debulhadeira foi um dos alvos de trabalho em grupo: do milho \u00e0 polenta\" width=\"400\" height=\"350\" class=\"size-large wp-image-151675\" \/><\/a><p id=\"caption-attachment-151675\" class=\"wp-caption-text\">A debulhadeira foi um dos alvos de trabalho em grupo: do milho \u00e0 polenta<\/p><\/div><strong>\u201cN\u00e3o estamos restringindo o acesso \u00e0s oficinas. Esse projeto, que tem o apoio do prefeito Pedro Bigardi e dos secret\u00e1rios Marcos Brunholi e T\u00e9rcio Marinho, vai envolver diversos setores\u201d<\/strong>, afirmou a diretora de <strong><a href=\"http:\/\/turismo.jundiai.sp.gov.br\/\" target=\"_blank\" rel=\"noopener noreferrer\">Turismo<\/a><\/strong>, Marcela Moro. <strong>Outras duas oficinas ser\u00e3o nas pr\u00f3ximas segundas-feiras (24) e (31) a partir das 15h, tamb\u00e9m no Solar.<\/strong><\/p>\n<p><strong>A ideia \u00e9 que os princ\u00edpios sobre hist\u00f3ria e mem\u00f3ria sejam usados pelos empreendimentos e comunidades das rotas tur\u00edsticas <\/strong>(outras ainda em fase de estudo devem surgir futuramente no Travi\u00fa, no Centro Hist\u00f3rico e na Serra do Japi), mas tamb\u00e9m por qualquer <strong>atrativo de turismo da cidade.<\/strong> A meta \u00e9 <strong>qualificar diferenciais que potencializem a import\u00e2ncia desses aspectos para visitantes e comunidade<\/strong>.<\/p>\n<p>Os moradores e simpatizantes interessados no projeto podem entrar em contato com a Diretoria de Turismo, na Secretaria de Agricultura, Abastecimento e Turismo pelo telefone (11) 4589-8580, na ala norte do 5\u00ba andar do Pa\u00e7o Municipal, ou pelo <strong><a href=\"http:\/\/turismo.jundiai.sp.gov.br\/\" target=\"_blank\" rel=\"noopener noreferrer\">portal Turismo Jundia\u00ed<\/a><\/strong>.<\/p>\n<p><strong><em>Jos\u00e9 Arnaldo de Oliveira<br \/>\nFotos: Fot\u00f3grafos PMJ<\/em><\/strong><\/p>\n","protected":false},"excerpt":{"rendered":"<p>Quase 30 empreendedores ligados \u00e0 Rota da Uva e \u00e0 Rota da Terra Nova, as primeiras em implementa\u00e7\u00e3o, participaram da primeira edi\u00e7\u00e3o das Oficinas Culturais de Estrutura\u00e7\u00e3o das Rotas Tur\u00edsticas de Jundia\u00ed. Em um trabalho integrado entre as Secretarias de Agricultura, Abastecimento e Turismo e de Cultura, o tema abordado no audit\u00f3rio do Solar do [&hellip;]<\/p>\n","protected":false},"author":14,"featured_media":0,"comment_status":"closed","ping_status":"closed","sticky":false,"template":"","format":"standard","meta":{"footnotes":""},"categories":[2],"tags":[41,29,290,741],"ods":[],"class_list":["post-151668","post","type-post","status-publish","format-standard","hentry","category-noticias","tag-agricultura-abastecimento-e-turismo","tag-cultura","tag-museu-historico-e-cultural-solar-do-barao","tag-rotas-turisticas"],"_links":{"self":[{"href":"https:\/\/jundiai.sp.gov.br\/noticias\/wp-json\/wp\/v2\/posts\/151668","targetHints":{"allow":["GET"]}}],"collection":[{"href":"https:\/\/jundiai.sp.gov.br\/noticias\/wp-json\/wp\/v2\/posts"}],"about":[{"href":"https:\/\/jundiai.sp.gov.br\/noticias\/wp-json\/wp\/v2\/types\/post"}],"author":[{"embeddable":true,"href":"https:\/\/jundiai.sp.gov.br\/noticias\/wp-json\/wp\/v2\/users\/14"}],"replies":[{"embeddable":true,"href":"https:\/\/jundiai.sp.gov.br\/noticias\/wp-json\/wp\/v2\/comments?post=151668"}],"version-history":[{"count":6,"href":"https:\/\/jundiai.sp.gov.br\/noticias\/wp-json\/wp\/v2\/posts\/151668\/revisions"}],"predecessor-version":[{"id":244666,"href":"https:\/\/jundiai.sp.gov.br\/noticias\/wp-json\/wp\/v2\/posts\/151668\/revisions\/244666"}],"wp:attachment":[{"href":"https:\/\/jundiai.sp.gov.br\/noticias\/wp-json\/wp\/v2\/media?parent=151668"}],"wp:term":[{"taxonomy":"category","embeddable":true,"href":"https:\/\/jundiai.sp.gov.br\/noticias\/wp-json\/wp\/v2\/categories?post=151668"},{"taxonomy":"post_tag","embeddable":true,"href":"https:\/\/jundiai.sp.gov.br\/noticias\/wp-json\/wp\/v2\/tags?post=151668"},{"taxonomy":"ods","embeddable":true,"href":"https:\/\/jundiai.sp.gov.br\/noticias\/wp-json\/wp\/v2\/ods?post=151668"}],"curies":[{"name":"wp","href":"https:\/\/api.w.org\/{rel}","templated":true}]}}