{"id":151693,"date":"2015-08-17T18:52:07","date_gmt":"2015-08-17T21:52:07","guid":{"rendered":"https:\/\/jundiai.sp.gov.br\/noticias\/?p=151693"},"modified":"2016-11-04T11:30:16","modified_gmt":"2016-11-04T13:30:16","slug":"jundiai-transforma-casa-rosa-em-patrimonio-historico","status":"publish","type":"post","link":"https:\/\/jundiai.sp.gov.br\/noticias\/2015\/08\/17\/jundiai-transforma-casa-rosa-em-patrimonio-historico\/","title":{"rendered":"Jundia\u00ed transforma Casa Rosa em patrim\u00f4nio hist\u00f3rico"},"content":{"rendered":"<p><div id=\"attachment_151708\" style=\"width: 410px\" class=\"wp-caption alignleft\"><a href=\"https:\/\/jundiai.sp.gov.br\/noticias\/wp-content\/uploads\/sites\/32\/2015\/08\/prefeito_casa_rosa_D4g.jpg\"><img loading=\"lazy\" decoding=\"async\" aria-describedby=\"caption-attachment-151708\" src=\"https:\/\/jundiai.sp.gov.br\/noticias\/wp-content\/uploads\/sites\/32\/2015\/08\/prefeito_casa_rosa_D4g-720x558.jpg\" alt=\"O prefeito assina decreto de tombamento encaminhado pelo Compac\" width=\"400\" height=\"350\" class=\"size-large wp-image-151708\" \/><\/a><p id=\"caption-attachment-151708\" class=\"wp-caption-text\">O prefeito assina decreto de tombamento encaminhado pelo Compac<\/p><\/div><strong>O prefeito Pedro Bigardi assinou, nesta segunda-feira (17), o tombamento da Casa Rosa, na rua Bar\u00e3o de Jundia\u00ed, marcando o Dia Nacional do Patrim\u00f4nio Hist\u00f3rico. O casar\u00e3o, situado no Pol\u00edgono de Prote\u00e7\u00e3o Hist\u00f3rico e Cultural, \u00e9 alvo de discuss\u00e3o desde 2008 e <a href=\"https:\/\/jundiai.sp.gov.br\/noticias\/2015\/06\/03\/por-unanimidade-compac-aprova-tombamento-da-casa-rosa\/\" target=\"_blank\">teve esse encaminhamento decidido pelo Conselho Municipal do Patrim\u00f4nio Cultural (Compac) no dia 2 de junho deste ano<\/a>.<\/strong><\/p>\n<p><strong>\u201cA decis\u00e3o acompanha a delibera\u00e7\u00e3o do conselho. Agora, devemos buscar um acordo comum com os propriet\u00e1rios para um laudo t\u00e9cnico que oriente uma proposta comum, talvez com apoio da sociedade civil\u201d, afirmou Bigardi.<\/strong><\/p>\n<p>A novidade faz parte das <strong>a\u00e7\u00f5es mais amplas adotadas pela Prefeitura de Jundia\u00ed<\/strong> no sentido de <strong>fortalecimento da identidade hist\u00f3rica e cultural da cidade e que incluem a <a href=\"http:\/\/pontetorta.jundiai.sp.gov.br\/\" target=\"_blank\">revitaliza\u00e7\u00e3o da Ponte Torta<\/a>, a <a href=\"https:\/\/jundiai.sp.gov.br\/noticias\/2015\/07\/16\/pa-central-tera-novo-fluxo-de-atendimento\/\" target=\"_blank\">reforma de pra\u00e7as no Centro<\/a>, a <a href=\"https:\/\/jundiai.sp.gov.br\/noticias\/2015\/05\/16\/pedro-bigardi-marca-presenca-na-101a-romaria-de-jundiai-a-pirapora\/\" target=\"_blank\">produ\u00e7\u00e3o de materiais do centen\u00e1rio da Romaria a Pirapora<\/a> e diversas outras iniciativas de diversas pastas de governo<\/strong>. <\/p>\n<p><strong>LEIA TAMB\u00c9M<br \/>\n<a href=\"https:\/\/jundiai.sp.gov.br\/noticias\/2015\/08\/17\/rotas-turisticas-iniciam-oficinas-de-memoria\/\" target=\"_blank\">Rotas Tur\u00edsticas iniciam \u2018oficinas de mem\u00f3ria\u2019<\/a><br \/>\n<a href=\"https:\/\/jundiai.sp.gov.br\/noticias\/2015\/08\/15\/sexta-no-centro-atrai-mais-de-duas-mil-pessoas\/\" target=\"_blank\">Sexta no Centro atrai mais de duas mil pessoas<\/a><br \/>\n<a href=\"https:\/\/jundiai.sp.gov.br\/noticias\/2015\/07\/17\/patrimonio-historico-e-fonte-de-analise-no-plano-diretor\/\" target=\"_blank\">Patrim\u00f4nio hist\u00f3rico \u00e9 fonte de an\u00e1lise no Plano Diretor<\/a><br \/>\n<a href=\"https:\/\/jundiai.sp.gov.br\/noticias\/2015\/08\/14\/barracas-de-alimentacao-e-artesanato-sao-novidades-no-7-de-setembro\/\" target=\"_blank\">7 de setembro vai ter barracas de alimenta\u00e7\u00e3o e artesanato<\/a><br \/>\n<a href=\"https:\/\/jundiai.sp.gov.br\/noticias\/2015\/08\/14\/violonista-daniel-murray-faz-apresentacao-gratuita-na-pinacoteca\/\" target=\"_blank\">Violonista Daniel Murray faz apresenta\u00e7\u00e3o gratuita na Pinacoteca<\/a><\/strong><\/p>\n<p><iframe loading=\"lazy\" class=\"alignright\" width=\"420\" height=\"315\" src=\"https:\/\/www.youtube.com\/embed\/mouKqEc4H6Y\" frameborder=\"0\" allowfullscreen><\/iframe>O Compac \u00e9 um colegiado vinculado \u00e0 Secretaria Municipal de Cultura. De acordo com sua presidente, a educadora Maria Ang\u00e9lica Ribeiro, a <strong>conscientiza\u00e7\u00e3o \u00e9 o mais importante. \u201cOs propriet\u00e1rios de im\u00f3veis do Invent\u00e1rio de Prote\u00e7\u00e3o ao Patrim\u00f4nio Art\u00edstico e Cultural (IPPAC), a sua grande maioria na regi\u00e3o central, n\u00e3o devem confundir tombamento com a perda do im\u00f3vel, pois ele ter\u00e1 de preservar alguns aspectos e existem formas de incentivos para o restauro\u201d<\/strong>, afirma.<\/p>\n<p>Em resumo, <strong>a propriedade particular segue a mesma e apenas as interven\u00e7\u00f5es no im\u00f3vel precisam ser aprovadas previamente<\/strong>.<\/p>\n<p><strong>MAIS SOBRE O TOMBAMENTO<br \/>\n<a href=\"https:\/\/jundiai.sp.gov.br\/noticias\/2015\/02\/20\/prefeitura-cria-proposta-contra-demolicao-da-casa-rosa\/\" target=\"_blank\">Prefeitura cria plano contra demoli\u00e7\u00e3o<\/a><\/strong><\/p>\n<p><strong>Data<\/strong><br \/>\nO <strong>Dia Nacional do Patrim\u00f4nio Hist\u00f3rico<\/strong> passou a ser comemorado desde 1998 quando o jornalista e fundador do <strong><a href=\"http:\/\/portal.iphan.gov.br\/\" target=\"_blank\">Instituto do Patrim\u00f4nio Hist\u00f3rico e Art\u00edstico Nacional (Iphan)<\/a><\/strong>, Rodrigo Melo Franco de Andrade, completaria 100 anos. <strong><a href=\"https:\/\/jundiai.sp.gov.br\/noticias\/2015\/08\/13\/cultura-promove-simposio-sobre-patrimonio-material-e-imaterial\/\" target=\"_blank\">Em Jundia\u00ed, o tema vai ser destacado com o Simp\u00f3sio sobre Patrim\u00f4nio Material e Imaterial a partir da quarta-feira (26)<\/a><\/strong>. <\/p>\n<div id=\"attachment_152115\" style=\"width: 730px\" class=\"wp-caption aligncenter\"><a href=\"https:\/\/jundiai.sp.gov.br\/noticias\/wp-content\/uploads\/sites\/32\/2015\/08\/casa-rosa-barao-jundiai-01_g1.jpg\"><img loading=\"lazy\" decoding=\"async\" aria-describedby=\"caption-attachment-152115\" src=\"https:\/\/jundiai.sp.gov.br\/noticias\/wp-content\/uploads\/sites\/32\/2015\/08\/casa-rosa-barao-jundiai-01_g1-720x470.jpg\" alt=\"Casa Rosa agora \u00e9 oficialmente um patrim\u00f4nio hist\u00f3rico da cidade\" width=\"720\" height=\"470\" class=\"size-large wp-image-152115\" srcset=\"https:\/\/jundiai.sp.gov.br\/noticias\/wp-content\/uploads\/sites\/32\/2015\/08\/casa-rosa-barao-jundiai-01_g1-720x470.jpg 720w, https:\/\/jundiai.sp.gov.br\/noticias\/wp-content\/uploads\/sites\/32\/2015\/08\/casa-rosa-barao-jundiai-01_g1-300x195.jpg 300w, https:\/\/jundiai.sp.gov.br\/noticias\/wp-content\/uploads\/sites\/32\/2015\/08\/casa-rosa-barao-jundiai-01_g1.jpg 1240w\" sizes=\"auto, (max-width: 720px) 100vw, 720px\" \/><\/a><p id=\"caption-attachment-152115\" class=\"wp-caption-text\">Casa Rosa agora \u00e9 oficialmente um patrim\u00f4nio hist\u00f3rico da cidade<\/p><\/div>\n<p><strong><em>Jos\u00e9 Arnaldo de Oliveira<br \/>\nFotos: Dorival Pinheiro Filho e Arquivo PMJ<\/em><\/strong><\/p>\n","protected":false},"excerpt":{"rendered":"<p>Prefeito Pedro Bigardi assinou na tarde desta segunda-feira (17) o tombamento do casar\u00e3o da rua Bar\u00e3o de Jundia\u00ed<\/p>\n","protected":false},"author":14,"featured_media":151705,"comment_status":"closed","ping_status":"closed","sticky":false,"template":"","format":"standard","meta":{"footnotes":""},"categories":[2],"tags":[256,29,58],"ods":[],"class_list":["post-151693","post","type-post","status-publish","format-standard","has-post-thumbnail","hentry","category-noticias","tag-conselho-do-patrimonio-cultural-compac","tag-cultura","tag-prefeito"],"_links":{"self":[{"href":"https:\/\/jundiai.sp.gov.br\/noticias\/wp-json\/wp\/v2\/posts\/151693","targetHints":{"allow":["GET"]}}],"collection":[{"href":"https:\/\/jundiai.sp.gov.br\/noticias\/wp-json\/wp\/v2\/posts"}],"about":[{"href":"https:\/\/jundiai.sp.gov.br\/noticias\/wp-json\/wp\/v2\/types\/post"}],"author":[{"embeddable":true,"href":"https:\/\/jundiai.sp.gov.br\/noticias\/wp-json\/wp\/v2\/users\/14"}],"replies":[{"embeddable":true,"href":"https:\/\/jundiai.sp.gov.br\/noticias\/wp-json\/wp\/v2\/comments?post=151693"}],"version-history":[{"count":12,"href":"https:\/\/jundiai.sp.gov.br\/noticias\/wp-json\/wp\/v2\/posts\/151693\/revisions"}],"predecessor-version":[{"id":152117,"href":"https:\/\/jundiai.sp.gov.br\/noticias\/wp-json\/wp\/v2\/posts\/151693\/revisions\/152117"}],"wp:featuredmedia":[{"embeddable":true,"href":"https:\/\/jundiai.sp.gov.br\/noticias\/wp-json\/wp\/v2\/media\/151705"}],"wp:attachment":[{"href":"https:\/\/jundiai.sp.gov.br\/noticias\/wp-json\/wp\/v2\/media?parent=151693"}],"wp:term":[{"taxonomy":"category","embeddable":true,"href":"https:\/\/jundiai.sp.gov.br\/noticias\/wp-json\/wp\/v2\/categories?post=151693"},{"taxonomy":"post_tag","embeddable":true,"href":"https:\/\/jundiai.sp.gov.br\/noticias\/wp-json\/wp\/v2\/tags?post=151693"},{"taxonomy":"ods","embeddable":true,"href":"https:\/\/jundiai.sp.gov.br\/noticias\/wp-json\/wp\/v2\/ods?post=151693"}],"curies":[{"name":"wp","href":"https:\/\/api.w.org\/{rel}","templated":true}]}}