{"id":151932,"date":"2015-08-19T16:58:53","date_gmt":"2015-08-19T19:58:53","guid":{"rendered":"https:\/\/jundiai.sp.gov.br\/noticias\/?p=151932"},"modified":"2016-11-04T11:30:24","modified_gmt":"2016-11-04T13:30:24","slug":"conferencia-da-juventude-teve-121-propostas-para-eixos-tematicos","status":"publish","type":"post","link":"https:\/\/jundiai.sp.gov.br\/noticias\/2015\/08\/19\/conferencia-da-juventude-teve-121-propostas-para-eixos-tematicos\/","title":{"rendered":"Confer\u00eancia da Juventude teve 121 propostas para eixos tem\u00e1ticos"},"content":{"rendered":"<p><strong>Diversos grupos de jovens participaram da Confer\u00eancia da Juventude, organizada pela <a href=\"https:\/\/www.facebook.com\/pages\/Coordenadoria-da-Juventude-de-Jundia%C3%AD\/227034494027268?fref=ts\" target=\"_blank\">Coordenadoria da Juventude<\/a>. Dentre eles, estudantes de escolas estaduais, universit\u00e1rios e adolescentes em geral, que apresentaram 121 propostas em prol da juventude dentro dos 11 eixos tem\u00e1ticos.<\/strong><\/p>\n<p>\u201cFoi <strong>tudo muito positivo<\/strong>. Esse momento serviu como <strong>espa\u00e7o de discuss\u00f5es, trazendo propostas novas e, dessa maneira, tivemos um feedback grande para as a\u00e7\u00f5es da Coordenadoria da Juventude<\/strong>&#8220;, esclarece a titular da Coordenadoria, Narrinam Camargo.<\/p>\n<p><strong>LEIA TAMB\u00c9M<br \/>\n<a href=\"https:\/\/jundiai.sp.gov.br\/noticias\/2015\/08\/15\/conferencia-reune-mais-de-duas-centenas-de-jovens\/\" target=\"_blank\">Confer\u00eancia re\u00fane mais de 300 jovens no s\u00e1bado (15)<\/a><br \/>\n<a href=\"https:\/\/jundiai.sp.gov.br\/noticias\/2015\/08\/19\/estacao-juventude-abre-inscricoes-para-teatro-musical-e-futebol-de-bolha\/\" target=\"_blank\">Esta\u00e7\u00e3o Juventude abre inscri\u00e7\u00e3o para teatro musical e futebol de bolha<\/a><\/strong><\/p>\n<div id=\"attachment_151935\" style=\"width: 730px\" class=\"wp-caption aligncenter\"><a href=\"https:\/\/jundiai.sp.gov.br\/noticias\/wp-content\/uploads\/sites\/32\/2015\/08\/Jovens-puderam-debater-e-apresentaram-121-propostas.jpg\"><img loading=\"lazy\" decoding=\"async\" aria-describedby=\"caption-attachment-151935\" src=\"https:\/\/jundiai.sp.gov.br\/noticias\/wp-content\/uploads\/sites\/32\/2015\/08\/Jovens-puderam-debater-e-apresentaram-121-propostas-720x483.jpg\" alt=\"Jovens puderam debater e apresentaram 121 propostas\" width=\"720\" height=\"483\" class=\"size-large wp-image-151935\" srcset=\"https:\/\/jundiai.sp.gov.br\/noticias\/wp-content\/uploads\/sites\/32\/2015\/08\/Jovens-puderam-debater-e-apresentaram-121-propostas-720x483.jpg 720w, https:\/\/jundiai.sp.gov.br\/noticias\/wp-content\/uploads\/sites\/32\/2015\/08\/Jovens-puderam-debater-e-apresentaram-121-propostas-300x201.jpg 300w, https:\/\/jundiai.sp.gov.br\/noticias\/wp-content\/uploads\/sites\/32\/2015\/08\/Jovens-puderam-debater-e-apresentaram-121-propostas.jpg 1240w\" sizes=\"auto, (max-width: 720px) 100vw, 720px\" \/><\/a><p id=\"caption-attachment-151935\" class=\"wp-caption-text\">Jovens puderam debater e apresentaram 121 propostas<\/p><\/div>\n<p>Entre as propostas, algumas ganharam mais for\u00e7a do que as demais. Como por exemplo, <strong>a cria\u00e7\u00e3o dos Jogos Interescolares nas escolas estaduais<\/strong>, proposta constru\u00edda dentro do processo de mobiliza\u00e7\u00e3o para a Confer\u00eancia. \u201cEnquanto cumpr\u00edamos com a <strong><a href=\"https:\/\/jundiai.sp.gov.br\/noticias\/2015\/08\/06\/jovens-sao-convidados-para-conferencia-da-juventude-2015\/\" target=\"_blank\">agenda de visitas nas escolas para convidar os alunos<\/a><\/strong>, essa ideia surgiu espontaneamente\u201d, acrescenta a coordenadora.<\/p>\n<p>Al\u00e9m de proposta de <strong>cria\u00e7\u00e3o de outros espa\u00e7os para que os jovens possam fazer debates, discuss\u00f5es e dialogar<\/strong>, assim como foi o evento da Confer\u00eancia.<\/p>\n<p><strong>Dos mais de 300 jovens credenciados, foram eleitos 30 delegados para representar a etapa regional da Confer\u00eancia Estadual da Juventude. E tamb\u00e9m a escolha dos 28 novos membros do Conselho Municipal da Juventude.<\/strong><\/p>\n<p><strong>\u201cA Confer\u00eancia foi um term\u00f4metro para medirmos o alcance das pol\u00edticas que constru\u00edmos\u201d<\/strong>, conclui a coordenadora.<\/p>\n<p><strong><em>Assessoria de Imprensa<br \/>\nFoto: Arquivo PMJ<\/em><\/strong><\/p>\n","protected":false},"excerpt":{"rendered":"<p>Diversos grupos de jovens participaram da Confer\u00eancia da Juventude, organizada pela Coordenadoria da Juventude. Dentre eles, estudantes de escolas estaduais, universit\u00e1rios e adolescentes em geral, que apresentaram 121 propostas em prol da juventude dentro dos 11 eixos tem\u00e1ticos. \u201cFoi tudo muito positivo. Esse momento serviu como espa\u00e7o de discuss\u00f5es, trazendo propostas novas e, dessa maneira, [&hellip;]<\/p>\n","protected":false},"author":14,"featured_media":0,"comment_status":"closed","ping_status":"closed","sticky":false,"template":"","format":"standard","meta":{"footnotes":""},"categories":[2],"tags":[719,296,174],"ods":[],"class_list":["post-151932","post","type-post","status-publish","format-standard","hentry","category-noticias","tag-conferencia-municipal-de-juventude","tag-conselho-da-juventude-comjuve","tag-coordenadoria-da-juventude"],"_links":{"self":[{"href":"https:\/\/jundiai.sp.gov.br\/noticias\/wp-json\/wp\/v2\/posts\/151932","targetHints":{"allow":["GET"]}}],"collection":[{"href":"https:\/\/jundiai.sp.gov.br\/noticias\/wp-json\/wp\/v2\/posts"}],"about":[{"href":"https:\/\/jundiai.sp.gov.br\/noticias\/wp-json\/wp\/v2\/types\/post"}],"author":[{"embeddable":true,"href":"https:\/\/jundiai.sp.gov.br\/noticias\/wp-json\/wp\/v2\/users\/14"}],"replies":[{"embeddable":true,"href":"https:\/\/jundiai.sp.gov.br\/noticias\/wp-json\/wp\/v2\/comments?post=151932"}],"version-history":[{"count":3,"href":"https:\/\/jundiai.sp.gov.br\/noticias\/wp-json\/wp\/v2\/posts\/151932\/revisions"}],"predecessor-version":[{"id":151938,"href":"https:\/\/jundiai.sp.gov.br\/noticias\/wp-json\/wp\/v2\/posts\/151932\/revisions\/151938"}],"wp:attachment":[{"href":"https:\/\/jundiai.sp.gov.br\/noticias\/wp-json\/wp\/v2\/media?parent=151932"}],"wp:term":[{"taxonomy":"category","embeddable":true,"href":"https:\/\/jundiai.sp.gov.br\/noticias\/wp-json\/wp\/v2\/categories?post=151932"},{"taxonomy":"post_tag","embeddable":true,"href":"https:\/\/jundiai.sp.gov.br\/noticias\/wp-json\/wp\/v2\/tags?post=151932"},{"taxonomy":"ods","embeddable":true,"href":"https:\/\/jundiai.sp.gov.br\/noticias\/wp-json\/wp\/v2\/ods?post=151932"}],"curies":[{"name":"wp","href":"https:\/\/api.w.org\/{rel}","templated":true}]}}