{"id":152096,"date":"2015-08-20T12:47:19","date_gmt":"2015-08-20T15:47:19","guid":{"rendered":"https:\/\/jundiai.sp.gov.br\/noticias\/?p=152096"},"modified":"2016-11-04T11:30:31","modified_gmt":"2016-11-04T13:30:31","slug":"primeira-dama-prestigia-abertura-dos-19o-jogos-regionais-do-idoso","status":"publish","type":"post","link":"https:\/\/jundiai.sp.gov.br\/noticias\/2015\/08\/20\/primeira-dama-prestigia-abertura-dos-19o-jogos-regionais-do-idoso\/","title":{"rendered":"Primeira-dama prestigia abertura dos 19\u00ba Jogos Regionais do Idoso"},"content":{"rendered":"<p><strong>A abertura dos 19\u00ba Jogos Regionais do Idoso (Jori) 2015 reuniu centenas de pessoas no Est\u00e1dio Municipal Carlos Nelson Bueno, em Mogi-Gua\u00e7u, nesta quinta-feira (20). A cerim\u00f4nia contou com a presen\u00e7a das primeiras-damas, Margarete Geraldo Bigardi, presidente do <a href=\"https:\/\/www.facebook.com\/fundosocialsolidariedadedejundiai?fref=ts\" target=\"_blank\">Fundo Social de Solidariedade de Jundia\u00ed<\/a>; e Lu Alckmin, presidente do Fundo Social de Solidariedade de S\u00e3o Paulo.<\/strong><\/p>\n<p><strong>\u201cO Jori mostra como \u00e9 importante investir na qualidade de vida das pessoas. \u00c9 vis\u00edvel a diferen\u00e7a entre idosos que buscam uma vida ativa e n\u00e3o deixam o cansa\u00e7o e o des\u00e2nimo os abater. S\u00e3o exemplos a seguir. \u00c9 v\u00e1lido parabenizar tamb\u00e9m todos os parlamentares envolvidos. N\u00e3o \u00e9 uma tarefa f\u00e1cil, mas \u00e9 extremamente gratificante ver que todos os esfor\u00e7os est\u00e3o resultando em algo t\u00e3o bom\u201d<\/strong>, falou Margarete.<\/p>\n<p><strong>LEIA TAMB\u00c9M<br \/>\n<a href=\"https:\/\/jundiai.sp.gov.br\/noticias\/2015\/08\/19\/terceira-idade-parte-rumo-aos-jogos-regionais-do-idoso\/\" target=\"_blank\">Terceira Idade parte rumo aos Jogos Regionais do Idoso<\/a><br \/>\n<a href=\"https:\/\/jundiai.sp.gov.br\/noticias\/2015\/08\/20\/secretario-de-esportes-e-lazer-elogia-tecnico-campeao-do-pan-de-goalball\/\" target=\"_blank\">Secret\u00e1rio de Esportes e Lazer elogia t\u00e9cnico campe\u00e3o do Pan de goalball<\/a><\/strong><\/p>\n<div id=\"attachment_152098\" style=\"width: 730px\" class=\"wp-caption aligncenter\"><a href=\"https:\/\/jundiai.sp.gov.br\/noticias\/wp-content\/uploads\/sites\/32\/2015\/08\/abertura_jori_mogi_guacu_P228G.jpg\"><img loading=\"lazy\" decoding=\"async\" aria-describedby=\"caption-attachment-152098\" src=\"https:\/\/jundiai.sp.gov.br\/noticias\/wp-content\/uploads\/sites\/32\/2015\/08\/abertura_jori_mogi_guacu_P228G-720x577.jpg\" alt=\"Margarete Bigardi e Lu Alckmin estiveram no evento\" width=\"720\" height=\"577\" class=\"size-large wp-image-152098\" srcset=\"https:\/\/jundiai.sp.gov.br\/noticias\/wp-content\/uploads\/sites\/32\/2015\/08\/abertura_jori_mogi_guacu_P228G-720x577.jpg 720w, https:\/\/jundiai.sp.gov.br\/noticias\/wp-content\/uploads\/sites\/32\/2015\/08\/abertura_jori_mogi_guacu_P228G-300x240.jpg 300w, https:\/\/jundiai.sp.gov.br\/noticias\/wp-content\/uploads\/sites\/32\/2015\/08\/abertura_jori_mogi_guacu_P228G.jpg 1240w\" sizes=\"auto, (max-width: 720px) 100vw, 720px\" \/><\/a><p id=\"caption-attachment-152098\" class=\"wp-caption-text\">Margarete Bigardi e Lu Alckmin estiveram no evento<\/p><\/div>\n<p>A festa deu in\u00edcio \u00e0s competi\u00e7\u00f5es do Jori com a apresenta\u00e7\u00e3o dos <strong>56 munic\u00edpios participantes<\/strong>. O acendimento da pira ol\u00edmpica foi realizado pelas atletas Terezinha Oliveira Vioto e Janice da Silva Lira. Os atletas foram representados por Wanderley Tadeu Cipoli no juramento.<\/p>\n<p>Lu Alckmin ficou emocionada com a recep\u00e7\u00e3o calorosa de todos os presentes e elogiou o empenho dos atletas. \u201c\u00c9 uma <strong>alegria imensa estar aqui<\/strong>. Voc\u00eas que se dedicaram o ano todo, se preparando para os jogos j\u00e1 s\u00e3o <strong>mais que vencedores, merecem honrarias. O trabalho social que realizo me ajuda a superar a perda do meu filho Thomaz, que mostrou que bens materiais n\u00e3o valem de nada se n\u00e3o fizermos coisas boas aos nossos semelhantes<\/strong>. Meu cora\u00e7\u00e3o se enche de alegria em v\u00ea-los todos aqui, animados e dispostos a tudo, \u00e9 para isso que luto todos os dias\u201d, disse ela recepcionando tamb\u00e9m as demais primeiras-damas presentes do evento.<\/p>\n<p>As boas vindas aos atletas foram dadas pelos anfitri\u00f5es da casa: a primeira-dama e presidente do Funss de Mogi-Gua\u00e7u, Maria Am\u00e9lia Franco de Oliveira Caveanha e o prefeito Walter Caveanha.<\/p>\n<p>\u201c\u00c9 uma <strong>responsabilidade imensa iniciar um momento t\u00e3o importante como esse<\/strong>. Agrade\u00e7o a todos os funcion\u00e1rios que n\u00e3o mediram esfor\u00e7os para que esse evento acontecesse.<strong> Quanto aos atletas, j\u00e1 aplaudo a todos, pois s\u00e3o exemplos de dedica\u00e7\u00e3o e disposi\u00e7\u00e3o. Envelhecer \u00e9 redescobrir a vida a cada dia sem esquecer do passado, aproveitando o momento com muita sabedoria\u201d<\/strong>, disse Maria Am\u00e9lia.<\/p>\n<p>O prefeito da cidade anfitri\u00e3 ressaltou ainda a <strong>import\u00e2ncia do evento para todos<\/strong>. \u201cRecebemos uma energia muito boa desde a organiza\u00e7\u00e3o at\u00e9 o \u00faltimo minuto de competi\u00e7\u00e3o. <strong>Voc\u00eas, atletas da terceira idade, motivam, inspiram e nos surpreendem com tamanha anima\u00e7\u00e3o e esp\u00edrito de vit\u00f3ria<\/strong>\u201d, comentou Walter Cavenha.<\/p>\n<p>Estavam presentes tamb\u00e9m o secret\u00e1rio de Esportes, Juventude e Lazer do Estado, Jean Madeira, acompanhado de sua esposa, Vanessa Madeira.<\/p>\n<p><strong>O Jori \u00e9 uma iniciativa do Fundo Social de Solidariedade do Estado de S\u00e3o Paulo (FUNSSEP) em parceria com as secretarias de Estado e prefeituras, que sediam o evento. Para participar o idoso deve ter no m\u00ednimo 60 anos e atuar em projetos sociais desenvolvidos ou apoiados pelo FUNSSEP.<\/strong><\/p>\n<p><strong>Jundia\u00ed<br \/>\nAp\u00f3s a abertura oficial, as equipe iniciaram as disputas. As modalidades disputadas nesta quinta-feira foram: coreografia, bocha e v\u00f4lei adaptado.<\/strong><\/p>\n<p>Esse ano Jundia\u00ed viajou com uma delega\u00e7\u00e3o com <strong>114 pessoas, entre elas 96 atletas, 12 profissionais que v\u00e3o compor as comiss\u00f5es t\u00e9cnicas, quatro na \u00e1rea administrativa e dois na \u00e1rea m\u00e9dica<\/strong>. Eles ficar\u00e3o alojados na Emef Professora Cleonice Aparecida Cruz Kilbur Thielle.<\/p>\n<div id=\"attachment_152099\" style=\"width: 730px\" class=\"wp-caption aligncenter\"><a href=\"https:\/\/jundiai.sp.gov.br\/noticias\/wp-content\/uploads\/sites\/32\/2015\/08\/abertura_jori_mogi_guacu_P51G.jpg\"><img loading=\"lazy\" decoding=\"async\" aria-describedby=\"caption-attachment-152099\" src=\"https:\/\/jundiai.sp.gov.br\/noticias\/wp-content\/uploads\/sites\/32\/2015\/08\/abertura_jori_mogi_guacu_P51G-720x477.jpg\" alt=\"Os atletas esbanjaram anima\u00e7\u00e3o na abertura do Jori\" width=\"720\" height=\"477\" class=\"size-large wp-image-152099\" srcset=\"https:\/\/jundiai.sp.gov.br\/noticias\/wp-content\/uploads\/sites\/32\/2015\/08\/abertura_jori_mogi_guacu_P51G-720x477.jpg 720w, https:\/\/jundiai.sp.gov.br\/noticias\/wp-content\/uploads\/sites\/32\/2015\/08\/abertura_jori_mogi_guacu_P51G-300x198.jpg 300w, https:\/\/jundiai.sp.gov.br\/noticias\/wp-content\/uploads\/sites\/32\/2015\/08\/abertura_jori_mogi_guacu_P51G.jpg 1240w\" sizes=\"auto, (max-width: 720px) 100vw, 720px\" \/><\/a><p id=\"caption-attachment-152099\" class=\"wp-caption-text\">Os atletas esbanjaram anima\u00e7\u00e3o na abertura do Jori<\/p><\/div>\n<p><strong><em>Assessoria de Imprensa<br \/>\nFotos: Paulo Gr\u00e9gio<\/em><\/strong><\/p>\n","protected":false},"excerpt":{"rendered":"<p>Jundia\u00ed viajou para Mogi-Gua\u00e7u com delega\u00e7\u00e3o de 114 pessoas, entre elas 96 atletas, comiss\u00f5es t\u00e9cnicas e m\u00e9dicos<\/p>\n","protected":false},"author":14,"featured_media":152139,"comment_status":"closed","ping_status":"closed","sticky":false,"template":"","format":"standard","meta":{"footnotes":""},"categories":[2],"tags":[750,35,416,749,417],"ods":[],"class_list":["post-152096","post","type-post","status-publish","format-standard","has-post-thumbnail","hentry","category-noticias","tag-19o-jogos-regionais-do-idoso","tag-esporte-e-lazer","tag-fundo-social-de-solidariedade-funss","tag-jogos-regionais-do-idoso","tag-primeira-dama"],"_links":{"self":[{"href":"https:\/\/jundiai.sp.gov.br\/noticias\/wp-json\/wp\/v2\/posts\/152096","targetHints":{"allow":["GET"]}}],"collection":[{"href":"https:\/\/jundiai.sp.gov.br\/noticias\/wp-json\/wp\/v2\/posts"}],"about":[{"href":"https:\/\/jundiai.sp.gov.br\/noticias\/wp-json\/wp\/v2\/types\/post"}],"author":[{"embeddable":true,"href":"https:\/\/jundiai.sp.gov.br\/noticias\/wp-json\/wp\/v2\/users\/14"}],"replies":[{"embeddable":true,"href":"https:\/\/jundiai.sp.gov.br\/noticias\/wp-json\/wp\/v2\/comments?post=152096"}],"version-history":[{"count":8,"href":"https:\/\/jundiai.sp.gov.br\/noticias\/wp-json\/wp\/v2\/posts\/152096\/revisions"}],"predecessor-version":[{"id":152140,"href":"https:\/\/jundiai.sp.gov.br\/noticias\/wp-json\/wp\/v2\/posts\/152096\/revisions\/152140"}],"wp:featuredmedia":[{"embeddable":true,"href":"https:\/\/jundiai.sp.gov.br\/noticias\/wp-json\/wp\/v2\/media\/152139"}],"wp:attachment":[{"href":"https:\/\/jundiai.sp.gov.br\/noticias\/wp-json\/wp\/v2\/media?parent=152096"}],"wp:term":[{"taxonomy":"category","embeddable":true,"href":"https:\/\/jundiai.sp.gov.br\/noticias\/wp-json\/wp\/v2\/categories?post=152096"},{"taxonomy":"post_tag","embeddable":true,"href":"https:\/\/jundiai.sp.gov.br\/noticias\/wp-json\/wp\/v2\/tags?post=152096"},{"taxonomy":"ods","embeddable":true,"href":"https:\/\/jundiai.sp.gov.br\/noticias\/wp-json\/wp\/v2\/ods?post=152096"}],"curies":[{"name":"wp","href":"https:\/\/api.w.org\/{rel}","templated":true}]}}