{"id":152147,"date":"2015-08-21T14:33:27","date_gmt":"2015-08-21T17:33:27","guid":{"rendered":"https:\/\/jundiai.sp.gov.br\/noticias\/?p=152147"},"modified":"2016-11-04T11:43:51","modified_gmt":"2016-11-04T13:43:51","slug":"prefeitura-da-mais-um-passo-no-plano-de-mobilidade-urbana","status":"publish","type":"post","link":"https:\/\/jundiai.sp.gov.br\/noticias\/2015\/08\/21\/prefeitura-da-mais-um-passo-no-plano-de-mobilidade-urbana\/","title":{"rendered":"Prefeitura d\u00e1 mais um passo no Plano de Mobilidade Urbana"},"content":{"rendered":"<p><iframe loading=\"lazy\" class=\"alignright\" width=\"420\" height=\"315\" src=\"https:\/\/www.youtube.com\/embed\/71jDh0_RV-U\" frameborder=\"0\" allowfullscreen><\/iframe><strong>O prefeito Pedro Bigardi participou da Oficina para a Elabora\u00e7\u00e3o do Plano de Mobilidade Urbana, no Pa\u00e7o Municipal, na manh\u00e3 desta sexta-feira (21).<\/strong><\/p>\n<p>A oficina \u00e9 realizada pela Secretaria de Transportes, em parceria com a <strong><a href=\"http:\/\/www.cidades.gov.br\/transporte-e-mobilidade\" target=\"_blank\">Secretaria Nacional de Transporte e da Mobilidade Urbana (SEMOB)<\/a><\/strong>, com objetivo de <strong>orientar cidades da regi\u00e3o e discutir temas fundamentais para a elabora\u00e7\u00e3o do Plano de Mobilidade Urbana, regulamentada pela <a href=\"http:\/\/www.planalto.gov.br\/ccivil_03\/_ato2011-2014\/2012\/lei\/l12587.htm\" target=\"_blank\">Lei n\u00ba 12.587\/2012<\/a><\/strong>.<\/p>\n<p><strong>\u201cTodos os Estados enfrentam o desafio de melhorar a mobilidade urbana, vinculada ao planejamento das cidades. Esse \u00e9 um assunto importante, que engloba o tr\u00e1fego em geral, o transporte coletivo e os pedestres\u201d<\/strong>, afirmou Bigardi.<\/p>\n<p><strong>LEIA TAMB\u00c9M<br \/>\n<a href=\"https:\/\/jundiai.sp.gov.br\/noticias\/2015\/08\/18\/obra-de-contrapartida-garante-readequacao-viaria-da-9-de-julho\/\" target=\"_blank\">Contrapartida garante obras vi\u00e1rias da Nove de Julho<\/a><br \/>\n<a href=\"https:\/\/jundiai.sp.gov.br\/noticias\/2015\/08\/21\/alckmin-promete-a-bigardi-inicio-das-obras-das-alcas-em-setembro\/\" target=\"_blank\">Alckmin promete a Bigardi obras das Al\u00e7as em setembro<\/a><br \/>\n<a href=\"https:\/\/jundiai.sp.gov.br\/noticias\/2015\/08\/20\/sao-camilo-ecoponto-e-novas-linhas-de-onibus-sao-tema-de-reuniao\/\" target=\"_blank\">S\u00e3o Camilo: ecoponto e novas linhas de \u00f4nibus s\u00e3o tema de reuni\u00e3o<\/a><br \/>\n<a href=\"https:\/\/jundiai.sp.gov.br\/noticias\/2015\/08\/20\/prefeito-participa-do-lancamento-do-movimento-estadual-de-seguranca-no-transito\/\" target=\"_blank\">Prefeito participa do \u2018Movimento Estadual de Seguran\u00e7a no Tr\u00e2nsito\u2019<\/a><\/strong><\/p>\n<div id=\"attachment_152149\" style=\"width: 730px\" class=\"wp-caption aligncenter\"><a href=\"https:\/\/jundiai.sp.gov.br\/noticias\/wp-content\/uploads\/sites\/32\/2015\/08\/oficina-mobilidade-urbana_c_30_G.jpg\"><img loading=\"lazy\" decoding=\"async\" aria-describedby=\"caption-attachment-152149\" src=\"https:\/\/jundiai.sp.gov.br\/noticias\/wp-content\/uploads\/sites\/32\/2015\/08\/oficina-mobilidade-urbana_c_30_G-720x552.jpg\" alt=\"Prefeito Pedro Bigardi participou da oficina\" width=\"720\" height=\"552\" class=\"size-large wp-image-152149\" srcset=\"https:\/\/jundiai.sp.gov.br\/noticias\/wp-content\/uploads\/sites\/32\/2015\/08\/oficina-mobilidade-urbana_c_30_G-720x552.jpg 720w, https:\/\/jundiai.sp.gov.br\/noticias\/wp-content\/uploads\/sites\/32\/2015\/08\/oficina-mobilidade-urbana_c_30_G-300x230.jpg 300w, https:\/\/jundiai.sp.gov.br\/noticias\/wp-content\/uploads\/sites\/32\/2015\/08\/oficina-mobilidade-urbana_c_30_G.jpg 1240w\" sizes=\"auto, (max-width: 720px) 100vw, 720px\" \/><\/a><p id=\"caption-attachment-152149\" class=\"wp-caption-text\">Prefeito Pedro Bigardi participou da oficina<\/p><\/div>\n<p>O evento tamb\u00e9m conta com apoio do F\u00f3rum Paulista de Secret\u00e1rios e Dirigentes P\u00fablicos de Mobilidade Urbana. O secret\u00e1rio de Transportes, Wilson Folgozi, <strong><a href=\"https:\/\/jundiai.sp.gov.br\/noticias\/2015\/03\/05\/secretario-de-transportes-e-eleito-vice-presidente-do-forum-paulista\/\" target=\"_blank\">vice-presidente de Tr\u00e2nsito do F\u00f3rum<\/a>, ressaltou um tema atual na mobilidade. \u201cQuando falamos em mobilidade, as pessoas s\u00f3 pensam em transporte ou tr\u00e2nsito. Tratamos aqui de assuntos de que n\u00e3o se falavam muito antes, ciclovia e pedestres. Al\u00e9m disso, para conseguirmos recursos com o Governo Federal dependemos do Plano de Mobilidade Urbana.\u201d<\/strong><\/p>\n<p><div id=\"attachment_152150\" style=\"width: 410px\" class=\"wp-caption alignleft\"><a href=\"https:\/\/jundiai.sp.gov.br\/noticias\/wp-content\/uploads\/sites\/32\/2015\/08\/oficina-mobilidade-urbana_c_36_G.jpg\"><img loading=\"lazy\" decoding=\"async\" aria-describedby=\"caption-attachment-152150\" src=\"https:\/\/jundiai.sp.gov.br\/noticias\/wp-content\/uploads\/sites\/32\/2015\/08\/oficina-mobilidade-urbana_c_36_G-720x512.jpg\" alt=\"Representantes da regi\u00e3o discutem Plano de Mobilidade Urbana\" width=\"400\" height=\"350\" class=\"size-large wp-image-152150\" \/><\/a><p id=\"caption-attachment-152150\" class=\"wp-caption-text\">Representantes da regi\u00e3o discutem Plano de Mobilidade Urbana<\/p><\/div>A oficina foi dirigida pela analista de Infraestrutura da Secretaria Nacional de Transporte e Mobilidade Urbana, Martha Martorelli. Ela \u00e9 especialista em Gest\u00e3o P\u00fablica, respons\u00e1vel pela coordena\u00e7\u00e3o para as a\u00e7\u00f5es de implementa\u00e7\u00e3o da <strong>Pol\u00edtica Nacional de Mobilidade Urbana<\/strong> e elabora\u00e7\u00e3o dos Planos de Mobilidade Urbana. <strong>\u201cA troca de experi\u00eancias entre as cidades possibilita um bom planejamento para todos\u201d<\/strong>, explicou Martha.<\/p>\n<p>Participaram da oficina representantes de <em>V\u00e1rzea Paulista, Campo Limpo Paulista, Jarinu, Louveira, Itupeva, Cabre\u00fava, Sorocaba, Cajamar, Vinhedo, Valinhos, Itatiba, Atibaia, Francisco Morato, Franco da Rocha, Bragan\u00e7a, Caieiras e It\u00e1polis<\/em>.<\/p>\n<p><strong>Lei<\/strong><br \/>\nA Lei 12.587, de janeiro de 2012, instituiu as <strong>\u201cDiretrizes da Pol\u00edtica Nacional de Mobilidade Urbana\u201d e prev\u00ea que cidades com mais de 20 mil habitantes devem elaborar o Plano de Mobilidade Urbana<\/strong>.<\/p>\n<p>Conforme a lei, os <strong>munic\u00edpios devem planejar e executar a Pol\u00edtica de Mobilidade Urbana, prestar direta ou indiretamente os servi\u00e7os de transporte p\u00fablico e capacitar os agentes<\/strong>. A lei fixo prazo de <strong>3 anos<\/strong> para os munic\u00edpios elaborarem o Plano e o integrarem ao <strong><a href=\"http:\/\/planodiretor.jundiai.sp.gov.br\/\" target=\"_blank\">Plano Diretor Municipal<\/a><\/strong>.<\/p>\n<p><strong><em>Luiza Ronchi<br \/>\nFotos: Cleber de Almeida<\/em><\/strong><\/p>\n","protected":false},"excerpt":{"rendered":"<p>Evento em parceria com Secretaria Nacional visa orientar cidades da regi\u00e3o e discutir temas fundamentais para a elabora\u00e7\u00e3o do Plano<\/p>\n","protected":false},"author":14,"featured_media":152154,"comment_status":"closed","ping_status":"closed","sticky":false,"template":"","format":"standard","meta":{"footnotes":""},"categories":[2],"tags":[39,559,58,338],"ods":[],"class_list":["post-152147","post","type-post","status-publish","format-standard","has-post-thumbnail","hentry","category-noticias","tag-mobilidade-urbana","tag-plano-diretor-participativo","tag-prefeito","tag-transportes"],"_links":{"self":[{"href":"https:\/\/jundiai.sp.gov.br\/noticias\/wp-json\/wp\/v2\/posts\/152147","targetHints":{"allow":["GET"]}}],"collection":[{"href":"https:\/\/jundiai.sp.gov.br\/noticias\/wp-json\/wp\/v2\/posts"}],"about":[{"href":"https:\/\/jundiai.sp.gov.br\/noticias\/wp-json\/wp\/v2\/types\/post"}],"author":[{"embeddable":true,"href":"https:\/\/jundiai.sp.gov.br\/noticias\/wp-json\/wp\/v2\/users\/14"}],"replies":[{"embeddable":true,"href":"https:\/\/jundiai.sp.gov.br\/noticias\/wp-json\/wp\/v2\/comments?post=152147"}],"version-history":[{"count":8,"href":"https:\/\/jundiai.sp.gov.br\/noticias\/wp-json\/wp\/v2\/posts\/152147\/revisions"}],"predecessor-version":[{"id":152401,"href":"https:\/\/jundiai.sp.gov.br\/noticias\/wp-json\/wp\/v2\/posts\/152147\/revisions\/152401"}],"wp:featuredmedia":[{"embeddable":true,"href":"https:\/\/jundiai.sp.gov.br\/noticias\/wp-json\/wp\/v2\/media\/152154"}],"wp:attachment":[{"href":"https:\/\/jundiai.sp.gov.br\/noticias\/wp-json\/wp\/v2\/media?parent=152147"}],"wp:term":[{"taxonomy":"category","embeddable":true,"href":"https:\/\/jundiai.sp.gov.br\/noticias\/wp-json\/wp\/v2\/categories?post=152147"},{"taxonomy":"post_tag","embeddable":true,"href":"https:\/\/jundiai.sp.gov.br\/noticias\/wp-json\/wp\/v2\/tags?post=152147"},{"taxonomy":"ods","embeddable":true,"href":"https:\/\/jundiai.sp.gov.br\/noticias\/wp-json\/wp\/v2\/ods?post=152147"}],"curies":[{"name":"wp","href":"https:\/\/api.w.org\/{rel}","templated":true}]}}