{"id":152431,"date":"2015-08-24T15:32:03","date_gmt":"2015-08-24T18:32:03","guid":{"rendered":"https:\/\/jundiai.sp.gov.br\/noticias\/?p=152431"},"modified":"2016-11-04T11:43:57","modified_gmt":"2016-11-04T13:43:57","slug":"educacao-investe-r-179-mil-para-equipar-cozinhas-das-escolas","status":"publish","type":"post","link":"https:\/\/jundiai.sp.gov.br\/noticias\/2015\/08\/24\/educacao-investe-r-179-mil-para-equipar-cozinhas-das-escolas\/","title":{"rendered":"Educa\u00e7\u00e3o investe R$ 179 mil para equipar cozinhas das escolas"},"content":{"rendered":"<p><strong>A Secretaria de Educa\u00e7\u00e3o adquiriu 54 novos fog\u00f5es para equipar as cozinhas das escolas municipais. O primeiro lote, com 24 unidades, j\u00e1 foi entregue e est\u00e1 em fase de instala\u00e7\u00e3o. Em torno de R$ 179,5 mil foram investidos. Nesta segunda-feira (24), o secret\u00e1rio de Educa\u00e7\u00e3o, Jos\u00e9 Renato Polli, esteve na Emeb Pedro de Oliveira, na Ponte S\u00e3o Jo\u00e3o, para verificar a utiliza\u00e7\u00e3o do equipamento. Acompanharam a visita as diretoras de Alimenta\u00e7\u00e3o e Nutri\u00e7\u00e3o, e Ensino Fundamental, Roseli Gomes da Silva Pereira, e Suzette Longo Verm\u00edglio, respectivamente.<\/strong><br \/>\n<strong><br \/>\n\u201c\u00c9 mais uma a\u00e7\u00e3o do governo Pedro Bigardi que faz parte do que foi planejado para a melhoria das condi\u00e7\u00f5es de trabalho e do atendimento \u00e0s crian\u00e7as. Al\u00e9m da compra desses fog\u00f5es, a secretaria tem investido na adequa\u00e7\u00e3o das cozinhas das escolas, com a reforma de arm\u00e1rios e instala\u00e7\u00e3o de lava-lou\u00e7as\u201d<\/strong>, ressaltou o secret\u00e1rio de Educa\u00e7\u00e3o, lembrando que recentemente <strong><a href=\"https:\/\/jundiai.sp.gov.br\/noticias\/2015\/08\/18\/equipe-da-educacao-visita-etec-benedito-storani\/\" target=\"_blank\">esteve na escola T\u00e9cnica Estadual (Etec) Benedito Storani discutindo parcerias tamb\u00e9m para a oferta de forma\u00e7\u00e3o para os cozinheiros da rede<\/a><\/strong>.<\/p>\n<p><strong>LEIA TAMB\u00c9M<br \/>\n<a href=\"https:\/\/jundiai.sp.gov.br\/noticias\/2015\/08\/22\/dia-da-familia-lota-parque-do-jardim-do-lago\/\" target=\"_blank\">Dia da Fam\u00edlia lota o novo Parque do Jardim do Lago<\/a><br \/>\n<a href=\"https:\/\/jundiai.sp.gov.br\/noticias\/2015\/08\/20\/educacao-abre-na-segunda-24-as-inscricoes-para-as-emebs\/\" target=\"_blank\">Educa\u00e7\u00e3o abre inscri\u00e7\u00f5es para Emebs nesta segunda (24)<\/a><br \/>\n<a href=\"https:\/\/jundiai.sp.gov.br\/noticias\/2015\/08\/21\/educacao-divulga-vencedores-do-3o-concurso-semana-da-patria\/\" target=\"_blank\">Educa\u00e7\u00e3o divulga vencedores do 3\u00ba Concurso Semana da P\u00e1tria<\/a><\/strong><\/p>\n<div id=\"attachment_152435\" style=\"width: 730px\" class=\"wp-caption aligncenter\"><a href=\"https:\/\/jundiai.sp.gov.br\/noticias\/wp-content\/uploads\/sites\/32\/2015\/08\/cozinha_educacao_3G.jpg\"><img loading=\"lazy\" decoding=\"async\" aria-describedby=\"caption-attachment-152435\" src=\"https:\/\/jundiai.sp.gov.br\/noticias\/wp-content\/uploads\/sites\/32\/2015\/08\/cozinha_educacao_3G-720x519.jpg\" alt=\" Jos\u00e9 Renato Polli durante visita \u00e0 Emeb Pedro de Oliveira, na Ponte S\u00e3o Jo\u00e3o\" width=\"720\" height=\"519\" class=\"size-large wp-image-152435\" srcset=\"https:\/\/jundiai.sp.gov.br\/noticias\/wp-content\/uploads\/sites\/32\/2015\/08\/cozinha_educacao_3G-720x519.jpg 720w, https:\/\/jundiai.sp.gov.br\/noticias\/wp-content\/uploads\/sites\/32\/2015\/08\/cozinha_educacao_3G-300x216.jpg 300w, https:\/\/jundiai.sp.gov.br\/noticias\/wp-content\/uploads\/sites\/32\/2015\/08\/cozinha_educacao_3G.jpg 1240w\" sizes=\"auto, (max-width: 720px) 100vw, 720px\" \/><\/a><p id=\"caption-attachment-152435\" class=\"wp-caption-text\">Jos\u00e9 Renato Polli durante visita \u00e0 Emeb Pedro de Oliveira, na Ponte S\u00e3o Jo\u00e3o<\/p><\/div>\n<p><strong>Aprova\u00e7\u00e3o<\/strong><br \/>\nOs fog\u00f5es possuem <strong>quatro bocas, fornos, s\u00e3o de inox e foram fabricados para atender as necessidades das escolas da rede municipal de educa\u00e7\u00e3o<\/strong>. Ao todo, <strong>45 Emebs ser\u00e3o atendidas com a troca. Algumas est\u00e3o recebendo mais de uma unidade<\/strong>.<\/p>\n<p><div id=\"attachment_152439\" style=\"width: 410px\" class=\"wp-caption alignleft\"><a href=\"https:\/\/jundiai.sp.gov.br\/noticias\/wp-content\/uploads\/sites\/32\/2015\/08\/cozinha_educacao_1G.jpg\"><img loading=\"lazy\" decoding=\"async\" aria-describedby=\"caption-attachment-152439\" src=\"https:\/\/jundiai.sp.gov.br\/noticias\/wp-content\/uploads\/sites\/32\/2015\/08\/cozinha_educacao_1G-720x522.jpg\" alt=\"Ao todo, 45 Emebs v\u00e3o ser atendidas com a troca\" width=\"400\" height=\"350\" class=\"size-large wp-image-152439\" \/><\/a><p id=\"caption-attachment-152439\" class=\"wp-caption-text\">Ao todo, 45 Emebs v\u00e3o ser atendidas com a troca<\/p><\/div>\u201cO principal diferencial \u00e9 que eles <strong>s\u00e3o maiores do que os industriais normais. Foram feitos de acordo com o tamanho das panelas utilizadas e do peso. Al\u00e9m de otimizar o preparo dos alimentos, eles trazem mais seguran\u00e7a e deixam os profissionais satisfeitos\u201d<\/strong>, destaca a diretora de Alimenta\u00e7\u00e3o e Nutri\u00e7\u00e3o.<\/p>\n<p>A cozinheira Elisabete Fernandes Maziero est\u00e1 usando o novo equipamento h\u00e1 uma semana. <strong>\u201cFicou mais f\u00e1cil para trabalhar. Antes era necess\u00e1rio fazer manobras com as panelas. Agora ficou perfeito. Cabem certinho.\u201d<\/strong><\/p>\n<p>\u201cSem d\u00favida, <strong>\u00e9 mais um investimento que vai refletir diretamente no aluno<\/strong>\u201d, acrescentou a diretora da escola Pedro de Oliveira, Luciana Zaniratto.<\/p>\n<p><strong>A previs\u00e3o \u00e9 que at\u00e9 a segunda quinzena de setembro todos os fog\u00f5es sejam entregues. <\/strong><\/p>\n<p><strong><em>Roberta de S\u00e1<br \/>\nFotos: Fot\u00f3grafos PMJ<\/em><\/strong><\/p>\n","protected":false},"excerpt":{"rendered":"<p>A Secretaria de Educa\u00e7\u00e3o adquiriu 54 novos fog\u00f5es para equipar as cozinhas das escolas municipais. O primeiro lote, com 24 unidades, j\u00e1 foi entregue e est\u00e1 em fase de instala\u00e7\u00e3o. Em torno de R$ 179,5 mil foram investidos. Nesta segunda-feira (24), o secret\u00e1rio de Educa\u00e7\u00e3o, Jos\u00e9 Renato Polli, esteve na Emeb Pedro de Oliveira, na [&hellip;]<\/p>\n","protected":false},"author":14,"featured_media":0,"comment_status":"closed","ping_status":"closed","sticky":false,"template":"","format":"standard","meta":{"footnotes":""},"categories":[2],"tags":[6,630],"ods":[],"class_list":["post-152431","post","type-post","status-publish","format-standard","hentry","category-noticias","tag-educacao","tag-emeb"],"_links":{"self":[{"href":"https:\/\/jundiai.sp.gov.br\/noticias\/wp-json\/wp\/v2\/posts\/152431","targetHints":{"allow":["GET"]}}],"collection":[{"href":"https:\/\/jundiai.sp.gov.br\/noticias\/wp-json\/wp\/v2\/posts"}],"about":[{"href":"https:\/\/jundiai.sp.gov.br\/noticias\/wp-json\/wp\/v2\/types\/post"}],"author":[{"embeddable":true,"href":"https:\/\/jundiai.sp.gov.br\/noticias\/wp-json\/wp\/v2\/users\/14"}],"replies":[{"embeddable":true,"href":"https:\/\/jundiai.sp.gov.br\/noticias\/wp-json\/wp\/v2\/comments?post=152431"}],"version-history":[{"count":4,"href":"https:\/\/jundiai.sp.gov.br\/noticias\/wp-json\/wp\/v2\/posts\/152431\/revisions"}],"predecessor-version":[{"id":152442,"href":"https:\/\/jundiai.sp.gov.br\/noticias\/wp-json\/wp\/v2\/posts\/152431\/revisions\/152442"}],"wp:attachment":[{"href":"https:\/\/jundiai.sp.gov.br\/noticias\/wp-json\/wp\/v2\/media?parent=152431"}],"wp:term":[{"taxonomy":"category","embeddable":true,"href":"https:\/\/jundiai.sp.gov.br\/noticias\/wp-json\/wp\/v2\/categories?post=152431"},{"taxonomy":"post_tag","embeddable":true,"href":"https:\/\/jundiai.sp.gov.br\/noticias\/wp-json\/wp\/v2\/tags?post=152431"},{"taxonomy":"ods","embeddable":true,"href":"https:\/\/jundiai.sp.gov.br\/noticias\/wp-json\/wp\/v2\/ods?post=152431"}],"curies":[{"name":"wp","href":"https:\/\/api.w.org\/{rel}","templated":true}]}}