{"id":152493,"date":"2015-08-24T18:25:49","date_gmt":"2015-08-24T21:25:49","guid":{"rendered":"https:\/\/jundiai.sp.gov.br\/noticias\/?p=152493"},"modified":"2019-09-13T16:34:41","modified_gmt":"2019-09-13T19:34:41","slug":"praca-rui-barbosa-testa-modulos-de-marcenaria-urbana","status":"publish","type":"post","link":"https:\/\/jundiai.sp.gov.br\/noticias\/2015\/08\/24\/praca-rui-barbosa-testa-modulos-de-marcenaria-urbana\/","title":{"rendered":"No Centro, Pra\u00e7a Rui Barbosa testa m\u00f3dulos de marcenaria urbana"},"content":{"rendered":"<div id=\"attachment_152497\" style=\"width: 410px\" class=\"wp-caption alignleft\"><a href=\"https:\/\/jundiai.sp.gov.br\/noticias\/wp-content\/uploads\/sites\/32\/2015\/08\/escorregador_G.jpg\"><img loading=\"lazy\" decoding=\"async\" aria-describedby=\"caption-attachment-152497\" class=\"size-large wp-image-152497\" src=\"https:\/\/jundiai.sp.gov.br\/noticias\/wp-content\/uploads\/sites\/32\/2015\/08\/escorregador_G-720x581.jpg\" alt=\"Crian\u00e7as testam os m\u00f3dulos na pra\u00e7a\" width=\"400\" height=\"400\" \/><\/a><p id=\"caption-attachment-152497\" class=\"wp-caption-text\">Crian\u00e7as testam os m\u00f3dulos na pra\u00e7a<\/p><\/div>\n<p><strong><strong>Uma oficina de marcenaria, no s\u00e1bado (22), como parte do projeto Urbanismo Caminh\u00e1vel, promoveu a cria\u00e7\u00e3o de uma s\u00e9rie de novos mobili\u00e1rios para a <a href=\"https:\/\/jundiai.sp.gov.br\/noticias\/2015\/08\/03\/praca-rui-barbosa-revela-muita-vida-e-historias\/\" target=\"_blank\" rel=\"noopener noreferrer\">pra\u00e7a Rui Barbosa<\/a>.<\/strong><\/strong><\/p>\n<p>Uma interven\u00e7\u00e3o marcada por elementos l\u00fadicos, incluindo at\u00e9 mesmo um pequeno escorregador adotado por crian\u00e7as.<\/p>\n<p><strong>O resultado \u00e9 parte do car\u00e1ter experimental e de prototipagem (testes) dessa fase do projeto, coordenado pela Secretaria de Planejamento e Meio Ambiente e custeado em contrapartida da iniciativa privada. <\/strong><\/p>\n<p style=\"text-align: justify;\">\n<p><strong>LEIA TAMB\u00c9M<br \/>\n<a href=\"https:\/\/jundiai.sp.gov.br\/noticias\/tag\/projeto-urbanismo-caminhavel\/\" target=\"_blank\" rel=\"noopener noreferrer\">Mais sobre o Urbanismo Caminh\u00e1vel<\/a><\/strong><strong><br \/>\n<a href=\"https:\/\/jundiai.sp.gov.br\/noticias\/2015\/08\/19\/obra-do-escadao-recebe-intervencao-artistica-neste-sabado\/\" target=\"_blank\" rel=\"noopener noreferrer\"><strong>Obra do Escad\u00e3o recebe interven\u00e7\u00e3o art\u00edstica<\/strong><\/a><br \/>\n<a href=\"https:\/\/jundiai.sp.gov.br\/noticias\/2015\/08\/04\/centro-historico-vira-museu-ao-ar-livre-para-estudantes\/\" target=\"_blank\" rel=\"noopener noreferrer\"><strong>Centro Hist\u00f3rico vira museu ao ar livre para estudantes<\/strong><br \/>\n<\/a><a href=\"https:\/\/jundiai.sp.gov.br\/noticias\/2015\/08\/03\/marcenaria-urbana-devolve-espaco-publico-a-moradores\/\" target=\"_blank\" rel=\"noopener noreferrer\"><strong>Marcenaria urbana \u2018devolve\u2019 espa\u00e7o p\u00fablico a moradores<\/strong><\/a><a href=\"https:\/\/jundiai.sp.gov.br\/noticias\/2015\/08\/04\/centro-historico-vira-museu-ao-ar-livre-para-estudantes\/\" target=\"_blank\" rel=\"noopener noreferrer\"><br \/>\nPlano Diretor Participativo socializa propostas e levantamentos<\/a><\/strong><\/p>\n<p>De acordo com Guilherme Ortenblad, do coletivo formado por Instituto Mobilidade Verde, Zoom Urbanismo, Escrit\u00f3rio Tha\u00edsa Froes e Contain (it), <strong>o objetivo foi desenvolver com os volunt\u00e1rios a constru\u00e7\u00e3o de mobili\u00e1rios \u201cmodulares e multifuncionais como espa\u00e7os para descanso, conviv\u00eancia e brincadeira\u201d<\/strong>.<\/p>\n<div id=\"attachment_152496\" style=\"width: 410px\" class=\"wp-caption alignright\"><a href=\"https:\/\/jundiai.sp.gov.br\/noticias\/wp-content\/uploads\/sites\/32\/2015\/08\/DSC7535_G.jpg\"><img loading=\"lazy\" decoding=\"async\" aria-describedby=\"caption-attachment-152496\" class=\"size-large wp-image-152496\" src=\"https:\/\/jundiai.sp.gov.br\/noticias\/wp-content\/uploads\/sites\/32\/2015\/08\/DSC7535_G-720x497.jpg\" alt=\"M\u00f3dulos chamaram a aten\u00e7\u00e3o de frequentadores\" width=\"400\" height=\"400\" \/><\/a><p id=\"caption-attachment-152496\" class=\"wp-caption-text\">M\u00f3dulos chamaram a aten\u00e7\u00e3o de frequentadores<\/p><\/div>\n<p>Ao longo dos tr\u00eas meses de interven\u00e7\u00f5es experimentais, o projeto n\u00e3o s\u00f3 analisou as condi\u00e7\u00f5es de caminhabilidade, como promoveu oficinas de sensibiliza\u00e7\u00e3o, de ativa\u00e7\u00e3o e de execu\u00e7\u00e3o de forma colaborativa com a popula\u00e7\u00e3o.<\/p>\n<p>Uma segunda etapa vai estar voltada mais para o trabalho t\u00e9cnico de desenvolvimento de manuais e planejamento de interven\u00e7\u00f5es urbanas.<\/p>\n<p>Os testes de mobili\u00e1rios na pra\u00e7a Rui Barbosa foram precedidos de uma oficina de estudos de comportamento no espa\u00e7o p\u00fablico, que ouviu frequentadores do local, mapeou h\u00e1bitos e resgatou sinais de que o lugar tem uma hist\u00f3ria desde o s\u00e9culo 17 como antigo Largo do Pelourinho.<\/p>\n<p><strong>Assista<\/strong><br \/>\n<iframe loading=\"lazy\" src=\"https:\/\/www.youtube.com\/embed\/uJelW5jJV2g\" width=\"420\" height=\"315\" frameborder=\"0\" allowfullscreen=\"allowfullscreen\"><\/iframe><\/p>\n<p><em><strong>Jos\u00e9 Arnaldo de Oliveira<br \/>\nFotos: Reprodu\u00e7\u00e3o <\/strong><\/em><\/p>\n","protected":false},"excerpt":{"rendered":"<p>Nova oficina do programa &#8220;Urbanismo Caminh\u00e1vel&#8221; criou uma s\u00e9rie de novos mobili\u00e1rios que j\u00e1 caiu no gosto da popula\u00e7\u00e3o<\/p>\n","protected":false},"author":5,"featured_media":152516,"comment_status":"closed","ping_status":"closed","sticky":false,"template":"","format":"standard","meta":{"footnotes":""},"categories":[2],"tags":[32,659],"ods":[],"class_list":["post-152493","post","type-post","status-publish","format-standard","has-post-thumbnail","hentry","category-noticias","tag-planejamento-e-meio-ambiente","tag-projeto-urbanismo-caminhavel"],"_links":{"self":[{"href":"https:\/\/jundiai.sp.gov.br\/noticias\/wp-json\/wp\/v2\/posts\/152493","targetHints":{"allow":["GET"]}}],"collection":[{"href":"https:\/\/jundiai.sp.gov.br\/noticias\/wp-json\/wp\/v2\/posts"}],"about":[{"href":"https:\/\/jundiai.sp.gov.br\/noticias\/wp-json\/wp\/v2\/types\/post"}],"author":[{"embeddable":true,"href":"https:\/\/jundiai.sp.gov.br\/noticias\/wp-json\/wp\/v2\/users\/5"}],"replies":[{"embeddable":true,"href":"https:\/\/jundiai.sp.gov.br\/noticias\/wp-json\/wp\/v2\/comments?post=152493"}],"version-history":[{"count":23,"href":"https:\/\/jundiai.sp.gov.br\/noticias\/wp-json\/wp\/v2\/posts\/152493\/revisions"}],"predecessor-version":[{"id":234217,"href":"https:\/\/jundiai.sp.gov.br\/noticias\/wp-json\/wp\/v2\/posts\/152493\/revisions\/234217"}],"wp:featuredmedia":[{"embeddable":true,"href":"https:\/\/jundiai.sp.gov.br\/noticias\/wp-json\/wp\/v2\/media\/152516"}],"wp:attachment":[{"href":"https:\/\/jundiai.sp.gov.br\/noticias\/wp-json\/wp\/v2\/media?parent=152493"}],"wp:term":[{"taxonomy":"category","embeddable":true,"href":"https:\/\/jundiai.sp.gov.br\/noticias\/wp-json\/wp\/v2\/categories?post=152493"},{"taxonomy":"post_tag","embeddable":true,"href":"https:\/\/jundiai.sp.gov.br\/noticias\/wp-json\/wp\/v2\/tags?post=152493"},{"taxonomy":"ods","embeddable":true,"href":"https:\/\/jundiai.sp.gov.br\/noticias\/wp-json\/wp\/v2\/ods?post=152493"}],"curies":[{"name":"wp","href":"https:\/\/api.w.org\/{rel}","templated":true}]}}