{"id":152685,"date":"2015-08-26T15:44:43","date_gmt":"2015-08-26T18:44:43","guid":{"rendered":"https:\/\/jundiai.sp.gov.br\/noticias\/?p=152685"},"modified":"2020-11-06T10:38:00","modified_gmt":"2020-11-06T13:38:00","slug":"simposio-de-patrimonio-comeca-com-mesa-redonda","status":"publish","type":"post","link":"https:\/\/jundiai.sp.gov.br\/noticias\/2015\/08\/26\/simposio-de-patrimonio-comeca-com-mesa-redonda\/","title":{"rendered":"Simp\u00f3sio de Patrim\u00f4nio come\u00e7a com mesa-redonda"},"content":{"rendered":"<p><strong>O 3\u00ba Simp\u00f3sio sobre Patrim\u00f4nio Material e Imaterial \u201cJundia\u00ed: Hist\u00f3rias e Mem\u00f3rias\u201d iniciou suas atividades na manh\u00e3 desta quarta-feira (26), na Sala dos Rel\u00f3gios do Complexo Fepasa. Entre os presentes, o secret\u00e1rio de <a href=\"http:\/\/cultura.jundiai.sp.gov.br\/\" target=\"_blank\" rel=\"noopener noreferrer\">Cultura<\/a>, T\u00e9rcio Marinho, o Diretor de Patrim\u00f4nio, Donizetti Aparecido Pinto, e a presidente do Compac, Maria Ang\u00e9lica Ribeiro, compuseram a mesa na cerim\u00f4nia de abertura.<\/strong><\/p>\n<p>Um dos t\u00f3picos abordados previamente foi o <strong>lan\u00e7amento do site do Patrim\u00f4nio Hist\u00f3rico de Jundia\u00ed<\/strong>, que contempla o maior n\u00famero de informa\u00e7\u00f5es sobre os espa\u00e7os tombados da cidade. \u201cO conceito da nova ferramenta \u00e9 ser um <strong>espa\u00e7o de pesquisa do patrim\u00f4nio material e imaterial, com f\u00e1cil acesso<\/strong>\u201d, contou o diretor Donizetti.<\/p>\n<p>Ele ainda ressaltou a realiza\u00e7\u00e3o do <strong>terceiro simp\u00f3sio<\/strong>. \u201cEsperamos que essa iniciativa <strong>fortale\u00e7a e incentive as pessoas a cuidarem mais do patrim\u00f4nio hist\u00f3rico de sua cidade, sob uma nova perspectiva<\/strong>, a de saber que os <strong>espa\u00e7os e conte\u00fado culturais em Jundia\u00ed s\u00e3o parte tamb\u00e9m de suas hist\u00f3rias individuais<\/strong>\u201d, finalizou.<\/p>\n<p><strong>LEIA TAMB\u00c9M<br \/>\n<\/strong><a href=\"https:\/\/jundiai.sp.gov.br\/noticias\/2015\/08\/26\/exposicao-sobre-a-grecia-antiga-chega-a-jundiai\/\" target=\"_blank\" rel=\"noopener noreferrer\">Exposi\u00e7\u00e3o sobre a Gr\u00e9cia Antiga chega a Jundia\u00ed<\/a><br \/>\n<a href=\"https:\/\/jundiai.sp.gov.br\/noticias\/2015\/08\/25\/intervencao-de-grafite-agita-o-sao-camilo-neste-sabado-29\/\" target=\"_blank\" rel=\"noopener noreferrer\">Interven\u00e7\u00e3o de grafite agita o S\u00e3o Camilo neste s\u00e1bado (29)<\/a><br \/>\n<a href=\"https:\/\/jundiai.sp.gov.br\/noticias\/2015\/08\/25\/no-mes-do-folclore-contacao-de-historias-anima-tardes-no-solar\/\" target=\"_blank\" rel=\"noopener noreferrer\">No m\u00eas do folclore, conta\u00e7\u00e3o de hist\u00f3rias anima tardes no \u2018Solar\u2019<\/a><br \/>\n<a href=\"https:\/\/jundiai.sp.gov.br\/noticias\/2015\/08\/25\/semana-do-idoso-vai-serrealizada-de-17-a-26-de-setembro\/\" target=\"_blank\" rel=\"noopener noreferrer\">Com a\u00e7\u00f5es nos bairros, Semana do Idoso come\u00e7a no dia 17 de setembro<\/a><\/p>\n<div id=\"attachment_152689\" style=\"width: 730px\" class=\"wp-caption aligncenter\"><a href=\"https:\/\/jundiai.sp.gov.br\/noticias\/wp-content\/uploads\/sites\/32\/2015\/08\/3\u00ba-Simposio-sobre-Patrimonio-Historico_c_16_G.jpg\"><img loading=\"lazy\" decoding=\"async\" aria-describedby=\"caption-attachment-152689\" class=\"size-large wp-image-152689\" src=\"https:\/\/jundiai.sp.gov.br\/noticias\/wp-content\/uploads\/sites\/32\/2015\/08\/3\u00ba-Simposio-sobre-Patrimonio-Historico_c_16_G-720x550.jpg\" alt=\" Secret\u00e1rio de Cultura se pronunciou sobre as atividades de preserva\u00e7\u00e3o patrimonial\" width=\"720\" height=\"550\" srcset=\"https:\/\/jundiai.sp.gov.br\/noticias\/wp-content\/uploads\/sites\/32\/2015\/08\/3\u00ba-Simposio-sobre-Patrimonio-Historico_c_16_G-720x550.jpg 720w, https:\/\/jundiai.sp.gov.br\/noticias\/wp-content\/uploads\/sites\/32\/2015\/08\/3\u00ba-Simposio-sobre-Patrimonio-Historico_c_16_G-300x229.jpg 300w, https:\/\/jundiai.sp.gov.br\/noticias\/wp-content\/uploads\/sites\/32\/2015\/08\/3\u00ba-Simposio-sobre-Patrimonio-Historico_c_16_G.jpg 1240w\" sizes=\"auto, (max-width: 720px) 100vw, 720px\" \/><\/a><p id=\"caption-attachment-152689\" class=\"wp-caption-text\">Secret\u00e1rio de Cultura se pronunciou sobre as atividades de preserva\u00e7\u00e3o patrimonial<\/p><\/div>\n<p>Como representante do prefeito Pedro Bigardi, T\u00e9rcio se pronunciou sobre as <strong>a\u00e7\u00f5es que favorecem a preserva\u00e7\u00e3o do patrim\u00f4nio. \u201cO governo Pedro Bigardi se destaca pelo exerc\u00edcio da supera\u00e7\u00e3o no que se refere ao resguardo do patrim\u00f4nio hist\u00f3rico e cultural de Jundia\u00ed. <a href=\"https:\/\/jundiai.sp.gov.br\/noticias\/2015\/08\/17\/jundiai-transforma-casa-rosa-em-patrimonio-historico\/\" target=\"_blank\" rel=\"noopener noreferrer\">O tombamento da Casa Rosa, por exemplo, retrata a especial aten\u00e7\u00e3o que concentramos nessas atividades<\/a>.\u201d<\/strong><\/p>\n<div id=\"attachment_152691\" style=\"width: 410px\" class=\"wp-caption alignleft\"><a href=\"https:\/\/jundiai.sp.gov.br\/noticias\/wp-content\/uploads\/sites\/32\/2015\/08\/3\u00ba-Simposio-sobre-Patrimonio-Historico_c_18_G.jpg\"><img loading=\"lazy\" decoding=\"async\" aria-describedby=\"caption-attachment-152691\" class=\"size-large wp-image-152691\" src=\"https:\/\/jundiai.sp.gov.br\/noticias\/wp-content\/uploads\/sites\/32\/2015\/08\/3\u00ba-Simposio-sobre-Patrimonio-Historico_c_18_G-720x468.jpg\" alt=\"Universit\u00e1rios, professores e interessados da \u00e1rea prestig\u00edaram a abertura do simp\u00f3sio\" width=\"400\" height=\"350\" \/><\/a><p id=\"caption-attachment-152691\" class=\"wp-caption-text\">Universit\u00e1rios, professores e interessados da \u00e1rea prestigiaram a abertura do simp\u00f3sio<\/p><\/div>\n<p>Algumas das <strong>a\u00e7\u00f5es de preserva\u00e7\u00e3o<\/strong> foram apresentadas pelo arquiteto e urbanista D\u00e9cio Pradela, que comentou alguns dos projetos em andamento, como a <strong><a href=\"https:\/\/jundiai.sp.gov.br\/noticias\/2015\/07\/17\/prefeitura-em-acao-percorre-a-regiao-central\/\" target=\"_blank\" rel=\"noopener noreferrer\">Reabilita\u00e7\u00e3o Urbana do Centro Hist\u00f3rico<\/a> e o <a href=\"https:\/\/jundiai.sp.gov.br\/noticias\/2015\/06\/16\/escadao-e-alvo-de-plano-de-manejo-ambiental\/\" target=\"_blank\" rel=\"noopener noreferrer\">Parque Linear do Rio Guapeva<\/a><\/strong>. D\u00e9cio, tamb\u00e9m citou obras que j\u00e1 foram efetivadas, como a <strong>Ponte Torta, <a href=\"https:\/\/jundiai.sp.gov.br\/noticias\/2015\/07\/17\/mais-prefeitura-em-acao-centro-das-artes-e-reformado\/\" target=\"_blank\" rel=\"noopener noreferrer\">Centro das Artes<\/a> e a <a href=\"https:\/\/jundiai.sp.gov.br\/noticias\/2015\/07\/16\/pa-central-tera-novo-fluxo-de-atendimento\/\" target=\"_blank\" rel=\"noopener noreferrer\">Pra\u00e7a das Rosas<\/a><\/strong>.<\/p>\n<p>Durante o andamento do evento, a pausa para um caf\u00e9 que antecedia a mesa-redonda proporcionou a <strong>conversa e troca de ideias dos participantes<\/strong>. \u201cEu acho importante a realiza\u00e7\u00e3o do simp\u00f3sio, pois vai <strong>agregar muito aos cidad\u00e3os<\/strong> e vai permitir um maior aprendizado sobre sua hist\u00f3ria\u201d, disse a estudante de Arquitetura Regiane Carvalho.<\/p>\n<p>\u201cNa \u00e9poca em que eu fazia faculdade, a \u00e1rea de patrim\u00f4nio era a de que eu mais gostava. Minha participa\u00e7\u00e3o no simp\u00f3sio vai <strong>acrescentar muito ao meu curr\u00edculo<\/strong>\u201d, observou Carolina Bueno, formada h\u00e1 um ano em Arquitetura e Urbanismo.<\/p>\n<p>O Mestre em Arquitetura e Urbanismo Fernando Atique, convidado especial da mesa-redonda, trouxe ao encontro a proposta de apresenta\u00e7\u00e3o do atual <strong>conceito de preserva\u00e7\u00e3o<\/strong>. \u201cEu vou apresentar um pouco de como a preserva\u00e7\u00e3o patrimonial em si saiu dos gabinetes e chegou mais pr\u00f3ximo da popula\u00e7\u00e3o, promovendo uma rela\u00e7\u00e3o mais pr\u00f3xima com a sociedade nos \u00faltimos 20 anos\u201d, disse o professor.<\/p>\n<p><strong>Confira a programa\u00e7\u00e3o completa:<\/strong><\/p>\n<p><strong>Quinta-feira (27)<br \/>\n<\/strong>8h \u2013 Ponte Torta, resgate hist\u00f3rico, zeladoria e restauro (Felipe Andrade e Toninho Saras\u00e1);<br \/>\n9h \u2013 Interven\u00e7\u00f5es contempor\u00e2neas em im\u00f3veis hist\u00f3ricos (Pier Paolo Pizzolato);<br \/>\n10h \u2013 Fazenda Ermida \u2013 restauro e disponibilidade ao p\u00fablico (Jorge Vecchi);<br \/>\n11h \u2013 Apresenta\u00e7\u00e3o dos trabalhos da Comiss\u00e3o da Verdade de Jundia\u00ed (Aurea Lemos);<br \/>\n12h \u2013 Visita t\u00e9cnica \u2013 Centro de Mem\u00f3ria;<br \/>\n13h30 \u2013 A hist\u00f3ria oper\u00e1ria de Jundia\u00ed e sua origem ferrovi\u00e1ria (Jos\u00e9 Renato Polli, Alexandre Oliveira e Jos\u00e9 Fel\u00edcio);<br \/>\n14h45 \u2013 Intervalo;<br \/>\n15h \u2013 Reencontro: Paulista e Complexo Fepasa, hist\u00f3rias e resgates; (Donizetti Aparecido Pinto e Cobrinha);<\/p>\n<p><strong>Sexta-feira (28)<br \/>\n<\/strong>8h \u2013 Interven\u00e7\u00e3o art\u00edstica;<br \/>\n9h30 \u2013 O papel do poder p\u00fablico no processo de preserva\u00e7\u00e3o do patrim\u00f4nio (Rafael Purgato e Jean Camoleze);<br \/>\n11h \u2013 Compac \u2013 registros e tombamentos (Maria Ang\u00e9lica Ribeiro e Eraz\u00ea Sutti);<br \/>\n11h30 \u2013 Funda\u00e7\u00e3o de Energia e Saneamento: n\u00facleo de documenta\u00e7\u00e3o e pesquisa em Jundia\u00ed;<br \/>\n13h \u2013 Curso \u2013 Tombamentos: Lei 443, tramites e m\u00e9todos (Jorge Vecchi, Donizetti Aparecido Pinto e Eduardo Tomascevicius Filho);<br \/>\n15h30 \u2013 Apresenta\u00e7\u00e3o dos desenhos e fotos;<br \/>\n16h30 \u2013 An\u00fancio da escolha da placa;<br \/>\n17h \u2013 Sarau cultural da alma po\u00e9tica e musical de Jundiahy;<br \/>\n19h \u2013 Orquestra de viola;<\/p>\n<p><strong>S\u00e1bado (29)<br \/>\n<\/strong>9h \u2013 Visita t\u00e9cnica ao Centro Cultural Ermida.<\/p>\n<p><strong><em>Assessoria de Imprensa<br \/>\nFotos: Cleber de Almeida<\/em><\/strong><\/p>\n","protected":false},"excerpt":{"rendered":"<p>Evento contou com o lan\u00e7amento do site do Patrim\u00f4nio Hist\u00f3rico; programa\u00e7\u00e3o continua at\u00e9 este s\u00e1bado (29)<\/p>\n","protected":false},"author":14,"featured_media":152728,"comment_status":"closed","ping_status":"closed","sticky":false,"template":"","format":"standard","meta":{"footnotes":""},"categories":[2],"tags":[683,256,29,449,682],"ods":[],"class_list":["post-152685","post","type-post","status-publish","format-standard","has-post-thumbnail","hentry","category-noticias","tag-3o-simposio-sobre-patrimonio-material-e-imaterial","tag-conselho-do-patrimonio-cultural-compac","tag-cultura","tag-espaco-expressa","tag-simposio-sobre-patrimonio-material-e-imaterial"],"_links":{"self":[{"href":"https:\/\/jundiai.sp.gov.br\/noticias\/wp-json\/wp\/v2\/posts\/152685","targetHints":{"allow":["GET"]}}],"collection":[{"href":"https:\/\/jundiai.sp.gov.br\/noticias\/wp-json\/wp\/v2\/posts"}],"about":[{"href":"https:\/\/jundiai.sp.gov.br\/noticias\/wp-json\/wp\/v2\/types\/post"}],"author":[{"embeddable":true,"href":"https:\/\/jundiai.sp.gov.br\/noticias\/wp-json\/wp\/v2\/users\/14"}],"replies":[{"embeddable":true,"href":"https:\/\/jundiai.sp.gov.br\/noticias\/wp-json\/wp\/v2\/comments?post=152685"}],"version-history":[{"count":17,"href":"https:\/\/jundiai.sp.gov.br\/noticias\/wp-json\/wp\/v2\/posts\/152685\/revisions"}],"predecessor-version":[{"id":258111,"href":"https:\/\/jundiai.sp.gov.br\/noticias\/wp-json\/wp\/v2\/posts\/152685\/revisions\/258111"}],"wp:featuredmedia":[{"embeddable":true,"href":"https:\/\/jundiai.sp.gov.br\/noticias\/wp-json\/wp\/v2\/media\/152728"}],"wp:attachment":[{"href":"https:\/\/jundiai.sp.gov.br\/noticias\/wp-json\/wp\/v2\/media?parent=152685"}],"wp:term":[{"taxonomy":"category","embeddable":true,"href":"https:\/\/jundiai.sp.gov.br\/noticias\/wp-json\/wp\/v2\/categories?post=152685"},{"taxonomy":"post_tag","embeddable":true,"href":"https:\/\/jundiai.sp.gov.br\/noticias\/wp-json\/wp\/v2\/tags?post=152685"},{"taxonomy":"ods","embeddable":true,"href":"https:\/\/jundiai.sp.gov.br\/noticias\/wp-json\/wp\/v2\/ods?post=152685"}],"curies":[{"name":"wp","href":"https:\/\/api.w.org\/{rel}","templated":true}]}}