{"id":152744,"date":"2015-08-26T17:04:51","date_gmt":"2015-08-26T20:04:51","guid":{"rendered":"https:\/\/jundiai.sp.gov.br\/noticias\/?p=152744"},"modified":"2016-11-04T11:44:09","modified_gmt":"2016-11-04T13:44:09","slug":"coordenadoria-apresenta-balanco-da-conferencia-de-juventude","status":"publish","type":"post","link":"https:\/\/jundiai.sp.gov.br\/noticias\/2015\/08\/26\/coordenadoria-apresenta-balanco-da-conferencia-de-juventude\/","title":{"rendered":"Coordenadoria apresenta balan\u00e7o da Confer\u00eancia de Juventude"},"content":{"rendered":"<p><strong>A <a href=\"https:\/\/www.facebook.com\/pages\/Coordenadoria-da-Juventude-de-Jundia%C3%AD\/227034494027268?fref=ts\" target=\"_blank\">Coordenadoria da Juventude<\/a> divulgou, nesta quarta-feira (26), no site do \u00f3rg\u00e3o, o <a href=\"http:\/\/estacaojuventude.jundiai.sp.gov.br\/conselho\/\" target=\"_blank\">balan\u00e7o da Confer\u00eancia Municipal da Juventude 2015<\/a>. Foram mais de 140 propostas aprovadas dentro dos 11 eixos tem\u00e1ticos, no evento que contou com aproximadamente 400 participantes.<\/strong><\/p>\n<p>\u201cAgora vamos trabalhar na <strong>organiza\u00e7\u00e3o do Conselho Municipal de Juventude (Comjuve)<\/strong>, e <strong>garantir que as propostas tomem forma<\/strong>. Junto com o Conselho, a Coordenadoria vai construir <strong>m\u00e9todos para executar as metas<\/strong>\u201d, explica a respons\u00e1vel pelo \u00f3rg\u00e3o, Narrinam Camargo.<\/p>\n<p><strong>LEIA TAMB\u00c9M<br \/>\n<a href=\"https:\/\/jundiai.sp.gov.br\/noticias\/2015\/08\/25\/intervencao-de-grafite-agita-o-sao-camilo-neste-sabado-29\/\" target=\"_blank\">Interven\u00e7\u00e3o de grafite agita o S\u00e3o Camilo neste s\u00e1bado (29)<\/a><br \/>\n<a href=\"https:\/\/jundiai.sp.gov.br\/noticias\/2015\/08\/26\/fundo-social-abre-vagas-para-curso-de-danca-voltado-a-terceira-idade\/\" target=\"_blank\">Fundo Social abre vagas para curso de dan\u00e7a \u00e0 terceira idade<\/a><br \/>\n<a href=\"https:\/\/jundiai.sp.gov.br\/noticias\/2015\/08\/26\/educacao-abre-programacao-da-semana-da-pessoa-com-deficiencia\/\" target=\"_blank\">Educa\u00e7\u00e3o abre programa\u00e7\u00e3o da Semana da Pessoa com Defici\u00eancia<\/a><\/strong><\/p>\n<div id=\"attachment_152745\" style=\"width: 730px\" class=\"wp-caption aligncenter\"><a href=\"https:\/\/jundiai.sp.gov.br\/noticias\/wp-content\/uploads\/sites\/32\/2015\/08\/JuventudeG.jpg\"><img loading=\"lazy\" decoding=\"async\" aria-describedby=\"caption-attachment-152745\" src=\"https:\/\/jundiai.sp.gov.br\/noticias\/wp-content\/uploads\/sites\/32\/2015\/08\/JuventudeG-720x473.jpg\" alt=\" Jovens tiveram espa\u00e7o para discutir sobre a cidade\" width=\"720\" height=\"473\" class=\"size-large wp-image-152745\" srcset=\"https:\/\/jundiai.sp.gov.br\/noticias\/wp-content\/uploads\/sites\/32\/2015\/08\/JuventudeG-720x473.jpg 720w, https:\/\/jundiai.sp.gov.br\/noticias\/wp-content\/uploads\/sites\/32\/2015\/08\/JuventudeG-300x197.jpg 300w, https:\/\/jundiai.sp.gov.br\/noticias\/wp-content\/uploads\/sites\/32\/2015\/08\/JuventudeG.jpg 1240w\" sizes=\"auto, (max-width: 720px) 100vw, 720px\" \/><\/a><p id=\"caption-attachment-152745\" class=\"wp-caption-text\">Jovens tiveram espa\u00e7o para discutir sobre a cidade<\/p><\/div>\n<p><strong>Um dos pedidos j\u00e1 foi atendido<\/strong>. Os jovens apresentaram a ideia de <strong>mais divulga\u00e7\u00e3o das informa\u00e7\u00f5es<\/strong> sobre a Coordenadoria. Por isso, o \u00f3rg\u00e3o j\u00e1 apresenta, tamb\u00e9m no site, <strong><a href=\"https:\/\/www.facebook.com\/227034494027268\/videos\/vb.227034494027268\/988287631235280\/?type=2&#038;theater\" target=\"_blank\">o v\u00eddeo gravado nos dias do evento<\/a><\/strong>. Al\u00e9m disso, o <strong>\u00f3rg\u00e3o interage com os jovens atrav\u00e9s da <a href=\"https:\/\/www.facebook.com\/pages\/Coordenadoria-da-Juventude-de-Jundia%C3%AD\/227034494027268\" target=\"_blank\">p\u00e1gina no Facebook<\/a><\/strong>. <\/p>\n<p><strong><a href=\"https:\/\/www.facebook.com\/227034494027268\/videos\/vb.227034494027268\/988287631235280\/?type=2&#038;theater\" target=\"_blank\">ASSISTA AO V\u00cdDEO<\/a><\/strong><\/p>\n<p><strong>Conselho Municipal de Juventude <\/strong><br \/>\nA data tamb\u00e9m ficou marcada pela elei\u00e7\u00e3o dos <strong>28 novos membros do Comjuve<\/strong>. \u201cNa Confer\u00eancia de 2013 n\u00e3o conseguimos representantes para todas as fun\u00e7\u00f5es, por\u00e9m, <strong>neste ano conseguimos preencher todas. \u00c9 um avan\u00e7o<\/strong>\u201d, explica a coordenadora.<\/p>\n<p>Bruna Bolson, eleita para a cadeira de Movimento Estudantil e Universit\u00e1rio, comenta sobre o trabalho do \u00f3rg\u00e3o. \u201cNesses \u00faltimos dois anos, a <strong>Coordenadoria trabalhou bastante com as propostas do Conselho<\/strong>\u201d, destaca. \u201cEspero <strong>conquistar bastante coisa para os universit\u00e1rios<\/strong>.\u201d<\/p>\n<p>J\u00e1 a nova titular da Diversidade Sexual e de G\u00eanero, Cristiane Santos, pretende <strong>desenvolver projetos, organizar eventos e fazer avalia\u00e7\u00e3o das propostas neste eixo. A jovem tamb\u00e9m destaca a acessibilidade para pessoas com defici\u00eancia na cidade<\/strong>.<\/p>\n<p>\u201cSe seguirmos os caminhos corretos, vamos conseguir <strong>executar as demandas desses eixos<\/strong>\u201d, explica. Cristiane participa da ONG Aliados, que em parceria com a Coordenadoria, j\u00e1 realiza o <strong>F\u00f3rum Permanente de Discuss\u00e3o dos Direitos da Popula\u00e7\u00e3o LGBT (L\u00e9sbicas, Gays, Bissexuais, Travestis, Transexuais e Transg\u00eaneros), no Esta\u00e7\u00e3o Juventude<\/strong>.<\/p>\n<p><strong><em>Assessoria de Imprensa<br \/>\nFoto: Fot\u00f3grafos PMJ<\/em><\/strong><\/p>\n","protected":false},"excerpt":{"rendered":"<p>A Coordenadoria da Juventude divulgou, nesta quarta-feira (26), no site do \u00f3rg\u00e3o, o balan\u00e7o da Confer\u00eancia Municipal da Juventude 2015. Foram mais de 140 propostas aprovadas dentro dos 11 eixos tem\u00e1ticos, no evento que contou com aproximadamente 400 participantes. \u201cAgora vamos trabalhar na organiza\u00e7\u00e3o do Conselho Municipal de Juventude (Comjuve), e garantir que as propostas [&hellip;]<\/p>\n","protected":false},"author":14,"featured_media":0,"comment_status":"closed","ping_status":"closed","sticky":false,"template":"","format":"standard","meta":{"footnotes":""},"categories":[2],"tags":[296,174,621],"ods":[],"class_list":["post-152744","post","type-post","status-publish","format-standard","hentry","category-noticias","tag-conselho-da-juventude-comjuve","tag-coordenadoria-da-juventude","tag-estacao-juventude"],"_links":{"self":[{"href":"https:\/\/jundiai.sp.gov.br\/noticias\/wp-json\/wp\/v2\/posts\/152744","targetHints":{"allow":["GET"]}}],"collection":[{"href":"https:\/\/jundiai.sp.gov.br\/noticias\/wp-json\/wp\/v2\/posts"}],"about":[{"href":"https:\/\/jundiai.sp.gov.br\/noticias\/wp-json\/wp\/v2\/types\/post"}],"author":[{"embeddable":true,"href":"https:\/\/jundiai.sp.gov.br\/noticias\/wp-json\/wp\/v2\/users\/14"}],"replies":[{"embeddable":true,"href":"https:\/\/jundiai.sp.gov.br\/noticias\/wp-json\/wp\/v2\/comments?post=152744"}],"version-history":[{"count":4,"href":"https:\/\/jundiai.sp.gov.br\/noticias\/wp-json\/wp\/v2\/posts\/152744\/revisions"}],"predecessor-version":[{"id":152749,"href":"https:\/\/jundiai.sp.gov.br\/noticias\/wp-json\/wp\/v2\/posts\/152744\/revisions\/152749"}],"wp:attachment":[{"href":"https:\/\/jundiai.sp.gov.br\/noticias\/wp-json\/wp\/v2\/media?parent=152744"}],"wp:term":[{"taxonomy":"category","embeddable":true,"href":"https:\/\/jundiai.sp.gov.br\/noticias\/wp-json\/wp\/v2\/categories?post=152744"},{"taxonomy":"post_tag","embeddable":true,"href":"https:\/\/jundiai.sp.gov.br\/noticias\/wp-json\/wp\/v2\/tags?post=152744"},{"taxonomy":"ods","embeddable":true,"href":"https:\/\/jundiai.sp.gov.br\/noticias\/wp-json\/wp\/v2\/ods?post=152744"}],"curies":[{"name":"wp","href":"https:\/\/api.w.org\/{rel}","templated":true}]}}