{"id":152760,"date":"2015-08-26T17:24:39","date_gmt":"2015-08-26T20:24:39","guid":{"rendered":"https:\/\/jundiai.sp.gov.br\/noticias\/?p=152760"},"modified":"2016-11-04T11:44:11","modified_gmt":"2016-11-04T13:44:11","slug":"fundo-social-abre-vagas-para-cursos-profissionalizantes-gratuitos","status":"publish","type":"post","link":"https:\/\/jundiai.sp.gov.br\/noticias\/2015\/08\/26\/fundo-social-abre-vagas-para-cursos-profissionalizantes-gratuitos\/","title":{"rendered":"Fundo Social abre vagas para cursos profissionalizantes"},"content":{"rendered":"<p><iframe loading=\"lazy\" class=\"alignright\" width=\"420\" height=\"315\" src=\"https:\/\/www.youtube.com\/embed\/2meDcphWbkk\" frameborder=\"0\" allowfullscreen><\/iframe><strong>O <a href=\"https:\/\/www.facebook.com\/fundosocialsolidariedadedejundiai?fref=ts\" target=\"_blank\">Fundo Social de Solidariedade (Funss)<\/a> publicou, nesta quarta-feira (26), na <a href=\"http:\/\/imprensaoficial.jundiai.sp.gov.br\/edicao-4084\/\" target=\"_blank\">Imprensa Oficial (ver p\u00e1ginas 9 e 10)<\/a>, o edital de abertura de novas vagas para cursos profissionalizantes gratuitos. S\u00e3o 142 vagas para inform\u00e1tica, mosaico, pintura em tela, jardinagem b\u00e1sica, horta caseira, viol\u00e3o e teclado. E tamb\u00e9m para as oficinas de consertos de roupas e de modelagem de cal\u00e7as.<\/strong><\/p>\n<p><strong>Desde que assumiu a presid\u00eancia do Funss, a primeira-dama Margarete Geraldo Bigardi procura oferecer \u00e0 popula\u00e7\u00e3o cursos de capacita\u00e7\u00e3o profissional que pudessem gerar renda extra ou total para as pessoas. \u201cAl\u00e9m dessas, este ano j\u00e1 abrimos 460 vagas em diversas \u00e1reas. \u00c9 muito gratificante ver o nosso trabalho dando resultados. \u00c0s vezes encontro pessoas na rua que se formaram conosco e elas contam que est\u00e3o exercendo a profiss\u00e3o\u201d<\/strong>, ressaltou Margarete.<\/p>\n<p><strong>LEIA TAMB\u00c9M<br \/>\n<a href=\"https:\/\/jundiai.sp.gov.br\/noticias\/2015\/08\/26\/fundo-social-abre-vagas-para-curso-de-danca-voltado-a-terceira-idade\/\" target=\"_blank\">Fundo Social abre vagas para curso de dan\u00e7a \u00e0 terceira idade<\/a><\/strong><\/p>\n<p><strong>Inscri\u00e7\u00f5es<\/strong><br \/>\nAs inscri\u00e7\u00f5es poder\u00e3o ser feitas <strong>at\u00e9 4 de setembro, das 8h \u00e0s 17h, na sede do Funss<\/strong>. Para se inscrever, o candidato precisa <strong>residir em Jundia\u00ed, ter no m\u00ednimo 16 anos e apresentar RG ou CPF e comprovante de resid\u00eancia, ambos originais<\/strong>.<\/p>\n<p>Caso o n\u00famero de inscritos ultrapasse o n\u00famero de vagas dispon\u00edveis, um s<strong>orteio aberto ao p\u00fablico ser\u00e1 realizado no dia 8 de setembro, \u00e0s 14h<\/strong>, no audit\u00f3rio do Fundo Social, na avenida Dona Manoela Lacerda de Vergueiro, s\/n\u00ba, anexo ao Complexo Educacional, Cultural e Esportivo Comendador Ant\u00f4nio Carbonari, o Parque da Uva. <\/p>\n<div id=\"attachment_152761\" style=\"width: 730px\" class=\"wp-caption aligncenter\"><a href=\"https:\/\/jundiai.sp.gov.br\/noticias\/wp-content\/uploads\/sites\/32\/2015\/08\/funss_inicio_cursos_p_-66G.jpg\"><img loading=\"lazy\" decoding=\"async\" aria-describedby=\"caption-attachment-152761\" src=\"https:\/\/jundiai.sp.gov.br\/noticias\/wp-content\/uploads\/sites\/32\/2015\/08\/funss_inicio_cursos_p_-66G-720x520.jpg\" alt=\"Curso de teclado \u00e9 uma das op\u00e7\u00f5es de cursos com vagas abertas\" width=\"720\" height=\"520\" class=\"size-large wp-image-152761\" srcset=\"https:\/\/jundiai.sp.gov.br\/noticias\/wp-content\/uploads\/sites\/32\/2015\/08\/funss_inicio_cursos_p_-66G-720x520.jpg 720w, https:\/\/jundiai.sp.gov.br\/noticias\/wp-content\/uploads\/sites\/32\/2015\/08\/funss_inicio_cursos_p_-66G-300x217.jpg 300w, https:\/\/jundiai.sp.gov.br\/noticias\/wp-content\/uploads\/sites\/32\/2015\/08\/funss_inicio_cursos_p_-66G.jpg 1240w\" sizes=\"auto, (max-width: 720px) 100vw, 720px\" \/><\/a><p id=\"caption-attachment-152761\" class=\"wp-caption-text\">Curso de teclado \u00e9 uma das op\u00e7\u00f5es de cursos com vagas abertas<\/p><\/div>\n<p><strong><em>Carolina Namura<br \/>\nFoto: Arquivo PMJ<\/em><\/strong><\/p>\n","protected":false},"excerpt":{"rendered":"<p>MAIS CURSOS GRATUITOS: Fundo Social de Solidariedade abre vagas para curso de dan\u00e7a para a terceira idade<\/p>\n","protected":false},"author":14,"featured_media":152764,"comment_status":"closed","ping_status":"closed","sticky":false,"template":"","format":"standard","meta":{"footnotes":""},"categories":[2],"tags":[430,416],"ods":[],"class_list":["post-152760","post","type-post","status-publish","format-standard","has-post-thumbnail","hentry","category-noticias","tag-cursos-gratuitos","tag-fundo-social-de-solidariedade-funss"],"_links":{"self":[{"href":"https:\/\/jundiai.sp.gov.br\/noticias\/wp-json\/wp\/v2\/posts\/152760","targetHints":{"allow":["GET"]}}],"collection":[{"href":"https:\/\/jundiai.sp.gov.br\/noticias\/wp-json\/wp\/v2\/posts"}],"about":[{"href":"https:\/\/jundiai.sp.gov.br\/noticias\/wp-json\/wp\/v2\/types\/post"}],"author":[{"embeddable":true,"href":"https:\/\/jundiai.sp.gov.br\/noticias\/wp-json\/wp\/v2\/users\/14"}],"replies":[{"embeddable":true,"href":"https:\/\/jundiai.sp.gov.br\/noticias\/wp-json\/wp\/v2\/comments?post=152760"}],"version-history":[{"count":7,"href":"https:\/\/jundiai.sp.gov.br\/noticias\/wp-json\/wp\/v2\/posts\/152760\/revisions"}],"predecessor-version":[{"id":153429,"href":"https:\/\/jundiai.sp.gov.br\/noticias\/wp-json\/wp\/v2\/posts\/152760\/revisions\/153429"}],"wp:featuredmedia":[{"embeddable":true,"href":"https:\/\/jundiai.sp.gov.br\/noticias\/wp-json\/wp\/v2\/media\/152764"}],"wp:attachment":[{"href":"https:\/\/jundiai.sp.gov.br\/noticias\/wp-json\/wp\/v2\/media?parent=152760"}],"wp:term":[{"taxonomy":"category","embeddable":true,"href":"https:\/\/jundiai.sp.gov.br\/noticias\/wp-json\/wp\/v2\/categories?post=152760"},{"taxonomy":"post_tag","embeddable":true,"href":"https:\/\/jundiai.sp.gov.br\/noticias\/wp-json\/wp\/v2\/tags?post=152760"},{"taxonomy":"ods","embeddable":true,"href":"https:\/\/jundiai.sp.gov.br\/noticias\/wp-json\/wp\/v2\/ods?post=152760"}],"curies":[{"name":"wp","href":"https:\/\/api.w.org\/{rel}","templated":true}]}}