{"id":153057,"date":"2015-08-28T15:13:28","date_gmt":"2015-08-28T18:13:28","guid":{"rendered":"https:\/\/jundiai.sp.gov.br\/noticias\/?p=153057"},"modified":"2016-11-04T11:44:20","modified_gmt":"2016-11-04T13:44:20","slug":"programa-pre-aposentadoria-recebe-visita-da-prodesp","status":"publish","type":"post","link":"https:\/\/jundiai.sp.gov.br\/noticias\/2015\/08\/28\/programa-pre-aposentadoria-recebe-visita-da-prodesp\/","title":{"rendered":"Programa Pr\u00e9-Aposentadoria recebe visita da Prodesp"},"content":{"rendered":"<p><strong>A Secretaria de Gest\u00e3o de Pessoas recebeu a visita de representantes da <a href=\"http:\/\/www.prodesp.sp.gov.br\/\" target=\"_blank\">Companhia de Processamento de Dados do Estado de S\u00e3o Paulo (Prodesp)<\/a>, na tarde desta sexta-feira (28), interessados em conhecer o <a href=\"https:\/\/jundiai.sp.gov.br\/gestao-de-pessoas\/programa-pre-aposentadoria\/\" target=\"_blank\">Programa Pr\u00e9-Aposentadoria<\/a>.<\/strong><\/p>\n<p><strong>LEIA TAMB\u00c9M<br \/>\n<a href=\"https:\/\/jundiai.sp.gov.br\/noticias\/2015\/08\/24\/prefeitura-promove-1a-pedalada-solidaria-para-servidores\/\" target=\"_blank\">Prefeitura promove 1\u00aa Pedalada Solid\u00e1ria para servidores<\/a><br \/>\n<a href=\"https:\/\/jundiai.sp.gov.br\/noticias\/2015\/08\/10\/prefeitura-de-jundiai-e-referencia-na-gestao-de-recursos-humanos\/\" target=\"_blank\">Prefeitura de Jundia\u00ed \u00e9 refer\u00eancia na gest\u00e3o de recursos humanos<\/a><\/strong><\/p>\n<p>Estiveram presentes o presidente do conselho de movimento dos empregados, Gilberto Vicente Morais; membro do conselho de movimento dos empregados, Haroldo Aparecido Alves de Carvalho e o assistente de recursos humanos, \u00c1lvaro Jos\u00e9 de Paula. A inten\u00e7\u00e3o da visita foi entender como funciona o programa, para futuramente aplicarem o projeto na Prodesp.<\/p>\n<p>\u201cO Programa Pr\u00e9-Aposentadoria \u00e9 pr\u00f3prio para essa nova fase da vida das pessoas, com os desafios que v\u00e3o enfrentar ao deixarem o servi\u00e7o p\u00fablico e incentivando-os para que possam enxergar os pr\u00f3ximos anos com qualidade de vida\u201d, explicou a servidora da Secretaria de Gest\u00e3o de Pessoas, chefe de Divis\u00e3o de Servi\u00e7o Social e Benef\u00edcio, Sivone Caetano Villela.<\/p>\n<div id=\"attachment_153061\" style=\"width: 730px\" class=\"wp-caption aligncenter\"><a href=\"https:\/\/jundiai.sp.gov.br\/noticias\/wp-content\/uploads\/sites\/32\/2015\/08\/RH_A_1g.jpg\"><img loading=\"lazy\" decoding=\"async\" aria-describedby=\"caption-attachment-153061\" src=\"https:\/\/jundiai.sp.gov.br\/noticias\/wp-content\/uploads\/sites\/32\/2015\/08\/RH_A_1g.jpg\" alt=\"Reunidos discutem a ideia do programa\" width=\"720\" height=\"513\" class=\"size-full wp-image-153061\" \/><\/a><p id=\"caption-attachment-153061\" class=\"wp-caption-text\">Reunidos discutem a ideia do programa<\/p><\/div>\n<p><em><strong>Assessoria de Imprensa<br \/>\nFoto: Alessandro Rosman<\/strong><\/em><\/p>\n","protected":false},"excerpt":{"rendered":"<p>A Secretaria de Gest\u00e3o de Pessoas recebeu a visita de representantes da Companhia de Processamento de Dados do Estado de S\u00e3o Paulo (Prodesp), na tarde desta sexta-feira (28), interessados em conhecer o Programa Pr\u00e9-Aposentadoria. LEIA TAMB\u00c9M Prefeitura promove 1\u00aa Pedalada Solid\u00e1ria para servidores Prefeitura de Jundia\u00ed \u00e9 refer\u00eancia na gest\u00e3o de recursos humanos Estiveram presentes [&hellip;]<\/p>\n","protected":false},"author":21,"featured_media":0,"comment_status":"closed","ping_status":"closed","sticky":false,"template":"","format":"standard","meta":{"footnotes":""},"categories":[2],"tags":[548],"ods":[],"class_list":["post-153057","post","type-post","status-publish","format-standard","hentry","category-noticias","tag-gestao-de-pessoas"],"_links":{"self":[{"href":"https:\/\/jundiai.sp.gov.br\/noticias\/wp-json\/wp\/v2\/posts\/153057","targetHints":{"allow":["GET"]}}],"collection":[{"href":"https:\/\/jundiai.sp.gov.br\/noticias\/wp-json\/wp\/v2\/posts"}],"about":[{"href":"https:\/\/jundiai.sp.gov.br\/noticias\/wp-json\/wp\/v2\/types\/post"}],"author":[{"embeddable":true,"href":"https:\/\/jundiai.sp.gov.br\/noticias\/wp-json\/wp\/v2\/users\/21"}],"replies":[{"embeddable":true,"href":"https:\/\/jundiai.sp.gov.br\/noticias\/wp-json\/wp\/v2\/comments?post=153057"}],"version-history":[{"count":4,"href":"https:\/\/jundiai.sp.gov.br\/noticias\/wp-json\/wp\/v2\/posts\/153057\/revisions"}],"predecessor-version":[{"id":153066,"href":"https:\/\/jundiai.sp.gov.br\/noticias\/wp-json\/wp\/v2\/posts\/153057\/revisions\/153066"}],"wp:attachment":[{"href":"https:\/\/jundiai.sp.gov.br\/noticias\/wp-json\/wp\/v2\/media?parent=153057"}],"wp:term":[{"taxonomy":"category","embeddable":true,"href":"https:\/\/jundiai.sp.gov.br\/noticias\/wp-json\/wp\/v2\/categories?post=153057"},{"taxonomy":"post_tag","embeddable":true,"href":"https:\/\/jundiai.sp.gov.br\/noticias\/wp-json\/wp\/v2\/tags?post=153057"},{"taxonomy":"ods","embeddable":true,"href":"https:\/\/jundiai.sp.gov.br\/noticias\/wp-json\/wp\/v2\/ods?post=153057"}],"curies":[{"name":"wp","href":"https:\/\/api.w.org\/{rel}","templated":true}]}}