{"id":153132,"date":"2015-08-29T17:19:24","date_gmt":"2015-08-29T20:19:24","guid":{"rendered":"https:\/\/jundiai.sp.gov.br\/noticias\/?p=153132"},"modified":"2020-11-05T09:43:34","modified_gmt":"2020-11-05T12:43:34","slug":"prefeito-participa-da-marcha-para-jesus-na-nove-de-julho","status":"publish","type":"post","link":"https:\/\/jundiai.sp.gov.br\/noticias\/2015\/08\/29\/prefeito-participa-da-marcha-para-jesus-na-nove-de-julho\/","title":{"rendered":"Prefeito participa da Marcha para Jesus 2015 na Nove de Julho"},"content":{"rendered":"<p><strong>O prefeito Pedro Bigardi participou neste s\u00e1bado (29) da Marcha para Jesus 2015, organizada pelo Conselho de Pastores de Jundia\u00ed (Conpas). O evento reuniu milhares de fi\u00e9is na avenida Nove de Julho, que cantaram e oraram ao som de bandas gospel. <\/strong><\/p>\n<p>Durante a cerim\u00f4nia que antecedeu a sa\u00edda da marcha, o <strong>prefeito agradeceu o convite e entregou ao pastor Isa\u00edas Rezende Guimar\u00e3es, presidente do Conpas, a chave da cidade. \u201cSou testemunha do empenho e da dedica\u00e7\u00e3o dos pastores para que essa marcha acontecesse. N\u00f3s damos o total apoio \u00e0 Marcha para Jesus. Parab\u00e9ns a todos que est\u00e3o aqui e que seja uma caminhada de muita f\u00e9\u201d<\/strong>, desejou o prefeito.<\/p>\n<p><strong>LEIA TAMB\u00c9M<br \/>\n<\/strong><a href=\"https:\/\/jundiai.sp.gov.br\/noticias\/2015\/08\/28\/reforma-de-casarao-da-pm-no-centro-vai-avancar-em-setembro\/\" target=\"_blank\" rel=\"noopener noreferrer\">Reforma de casar\u00e3o da PM no Centro vai avan\u00e7ar em setembro<\/a><br \/>\n<a href=\"https:\/\/jundiai.sp.gov.br\/noticias\/2015\/08\/28\/prefeito-abre-a-3a-conferencia-da-mulher\/\" target=\"_blank\" rel=\"noopener noreferrer\">Prefeito abre a 3\u00aa Confer\u00eancia de Pol\u00edticas para as Mulheres<\/a><\/p>\n<div id=\"attachment_153133\" style=\"width: 730px\" class=\"wp-caption aligncenter\"><a href=\"https:\/\/jundiai.sp.gov.br\/noticias\/wp-content\/uploads\/sites\/32\/2015\/08\/Prefeito-participa-da-Marcha-para-Jesus_c_2_G-1.jpg\"><img loading=\"lazy\" decoding=\"async\" aria-describedby=\"caption-attachment-153133\" class=\"size-large wp-image-153133\" src=\"https:\/\/jundiai.sp.gov.br\/noticias\/wp-content\/uploads\/sites\/32\/2015\/08\/Prefeito-participa-da-Marcha-para-Jesus_c_2_G-1-720x532.jpg\" alt=\"O prefeito Pedro Bigardi entregou a chave da cidade ao pastor Isa\u00edas\" width=\"720\" height=\"532\" srcset=\"https:\/\/jundiai.sp.gov.br\/noticias\/wp-content\/uploads\/sites\/32\/2015\/08\/Prefeito-participa-da-Marcha-para-Jesus_c_2_G-1-720x532.jpg 720w, https:\/\/jundiai.sp.gov.br\/noticias\/wp-content\/uploads\/sites\/32\/2015\/08\/Prefeito-participa-da-Marcha-para-Jesus_c_2_G-1-300x221.jpg 300w, https:\/\/jundiai.sp.gov.br\/noticias\/wp-content\/uploads\/sites\/32\/2015\/08\/Prefeito-participa-da-Marcha-para-Jesus_c_2_G-1.jpg 1240w\" sizes=\"auto, (max-width: 720px) 100vw, 720px\" \/><\/a><p id=\"caption-attachment-153133\" class=\"wp-caption-text\">O prefeito Pedro Bigardi entregou a chave da cidade ao pastor Isa\u00edas<\/p><\/div>\n<p>O pastor Isa\u00edas tamb\u00e9m fez uma <strong>homenagem especial ao prefeito e agradeceu a Prefeitura de Jundia\u00ed pelo apoio na realiza\u00e7\u00e3o do evento e ao conselho de pastores. \u201cA Prefeitura tem nos dado uma aten\u00e7\u00e3o que nunca recebemos antes. Tamb\u00e9m agradecemos o apoio e a parceria da primeira-dama e presidente do Fundo Social de Solidariedade, Margarete Bigardi.\u201d<\/strong><\/p>\n<p><iframe loading=\"lazy\" class=\"alignleft\" src=\"https:\/\/www.youtube.com\/embed\/IqFvlLmKPSg\" width=\"420\" height=\"315\" frameborder=\"0\" allowfullscreen=\"allowfullscreen\"><\/iframe>O vereador Dirlei Gon\u00e7alves, o assessor para Assuntos das Coordenadorias da Prefeitura, Vanderlei Victorino, e o diretor do Departamento de Tr\u00e2nsito, Thiers Costa Marques, tamb\u00e9m participaram do evento, que contou com o <strong>apoio de agentes de tr\u00e2nsito, da Guarda Municipal e da Pol\u00edcia Militar<\/strong>.<\/p>\n<p>Os fi\u00e9is seguiram pela avenida Nove de Julho at\u00e9 o Parque da Uva. \u201cO objetivo desse evento \u00e9 <strong>aben\u00e7oar a cidade, as pessoas, al\u00e9m de valorizar a fam\u00edlia<\/strong>\u201d, destacou o pastor.<\/p>\n<p><strong><em>Niza Souza<br \/>\nFoto: Cleber de Almeida<\/em><\/strong><\/p>\n","protected":false},"excerpt":{"rendered":"<p>Pedro Bigardi e a primeira-dama Margarete foram homenageados e receberam agradecimentos pelo apoio ao evento<\/p>\n","protected":false},"author":14,"featured_media":153135,"comment_status":"closed","ping_status":"closed","sticky":false,"template":"","format":"standard","meta":{"footnotes":""},"categories":[2],"tags":[31,58,27,338],"ods":[],"class_list":["post-153132","post","type-post","status-publish","format-standard","has-post-thumbnail","hentry","category-noticias","tag-guarda-municipal","tag-prefeito","tag-transito","tag-transportes"],"_links":{"self":[{"href":"https:\/\/jundiai.sp.gov.br\/noticias\/wp-json\/wp\/v2\/posts\/153132","targetHints":{"allow":["GET"]}}],"collection":[{"href":"https:\/\/jundiai.sp.gov.br\/noticias\/wp-json\/wp\/v2\/posts"}],"about":[{"href":"https:\/\/jundiai.sp.gov.br\/noticias\/wp-json\/wp\/v2\/types\/post"}],"author":[{"embeddable":true,"href":"https:\/\/jundiai.sp.gov.br\/noticias\/wp-json\/wp\/v2\/users\/14"}],"replies":[{"embeddable":true,"href":"https:\/\/jundiai.sp.gov.br\/noticias\/wp-json\/wp\/v2\/comments?post=153132"}],"version-history":[{"count":7,"href":"https:\/\/jundiai.sp.gov.br\/noticias\/wp-json\/wp\/v2\/posts\/153132\/revisions"}],"predecessor-version":[{"id":257631,"href":"https:\/\/jundiai.sp.gov.br\/noticias\/wp-json\/wp\/v2\/posts\/153132\/revisions\/257631"}],"wp:featuredmedia":[{"embeddable":true,"href":"https:\/\/jundiai.sp.gov.br\/noticias\/wp-json\/wp\/v2\/media\/153135"}],"wp:attachment":[{"href":"https:\/\/jundiai.sp.gov.br\/noticias\/wp-json\/wp\/v2\/media?parent=153132"}],"wp:term":[{"taxonomy":"category","embeddable":true,"href":"https:\/\/jundiai.sp.gov.br\/noticias\/wp-json\/wp\/v2\/categories?post=153132"},{"taxonomy":"post_tag","embeddable":true,"href":"https:\/\/jundiai.sp.gov.br\/noticias\/wp-json\/wp\/v2\/tags?post=153132"},{"taxonomy":"ods","embeddable":true,"href":"https:\/\/jundiai.sp.gov.br\/noticias\/wp-json\/wp\/v2\/ods?post=153132"}],"curies":[{"name":"wp","href":"https:\/\/api.w.org\/{rel}","templated":true}]}}