{"id":153147,"date":"2015-08-29T18:12:51","date_gmt":"2015-08-29T21:12:51","guid":{"rendered":"https:\/\/jundiai.sp.gov.br\/noticias\/?p=153147"},"modified":"2020-11-05T09:43:21","modified_gmt":"2020-11-05T12:43:21","slug":"prefeito-entrega-87-moradias-populares-na-vila-ana","status":"publish","type":"post","link":"https:\/\/jundiai.sp.gov.br\/noticias\/2015\/08\/29\/prefeito-entrega-87-moradias-populares-na-vila-ana\/","title":{"rendered":"Prefeito entrega 87 moradias populares na Vila Ana"},"content":{"rendered":"<p><strong>A manh\u00e3 ensolarada deste s\u00e1bado (29) foi de muita festa e emo\u00e7\u00e3o na Vila Ana. O prefeito Pedro Bigardi entregou aos moradores 87 apartamentos, que fazem parte do <a href=\"https:\/\/jundiai.sp.gov.br\/noticias\/2015\/06\/27\/moradores-da-vila-ana-participam-da-escolha-dos-apartamentos\/\" target=\"_blank\" rel=\"noopener noreferrer\">projeto de reurbaniza\u00e7\u00e3o do bairro<\/a>. Ao todo, ser\u00e3o 144 unidades habitacionais e investimento de R$ 11,3 milh\u00f5es, sendo R$ 7 milh\u00f5es de recursos da Prefeitura de Jundia\u00ed e R$ 4,3 milh\u00f5es de repasse do <a href=\"www.cidades.gov.br\" target=\"_blank\" rel=\"noopener noreferrer\">Minist\u00e9rio das Cidades<\/a>, por meio de conv\u00eanio com a Caixa Econ\u00f4mica Federal.<\/strong><\/p>\n<p><strong><a href=\"https:\/\/www.flickr.com\/photos\/prefeituradejundiai\/albums\/72157657507946940\" target=\"_blank\" rel=\"noopener noreferrer\">CONFIRA AS FOTOS<\/a><\/strong><\/p>\n<p><strong>\u201cEssa \u00e9 a entrega que mais me emocionou nesses dois anos e meio \u00e0 frente da Prefeitura. Tenho uma rela\u00e7\u00e3o hist\u00f3rica com a Vila Ana, porque foi o primeiro bairro que visitei quando comecei minha trajet\u00f3ria como funcion\u00e1rio p\u00fablico em 1993, como engenheiro na <a href=\"http:\/\/fumas.jundiai.sp.gov.br\/\" target=\"_blank\" rel=\"noopener noreferrer\">Funda\u00e7\u00e3o Municipal de A\u00e7\u00e3o Social (Fumas)<\/a>. Me lembro que estive no centro comunit\u00e1rio e tinha um banheiro que era usado por 20 fam\u00edlias. Fiquei muito mal, porque acredito que ningu\u00e9m merece viver assim\u201d<\/strong>, se emocionou o prefeito.<\/p>\n<p><strong>LEIA TAMB\u00c9M<br \/>\n<a href=\"https:\/\/jundiai.sp.gov.br\/noticias\/2015\/08\/28\/confira-as-vagas-do-pat-jundiai-da-semana-desta-segunda-feira-31\/\" target=\"_blank\" rel=\"noopener noreferrer\">Confira as vagas do PAT da semana desta segunda (31)<\/a><br \/>\n<a href=\"https:\/\/jundiai.sp.gov.br\/noticias\/2015\/08\/29\/moradores-realizam-o-sonho-da-casa-propria-na-vila-ana\/\" target=\"_blank\" rel=\"noopener noreferrer\">Moradores realizam o sonho da casa pr\u00f3pria na Vila Ana<\/a><br \/>\n<a href=\"https:\/\/jundiai.sp.gov.br\/noticias\/2015\/08\/20\/educacao-abre-na-segunda-24-as-inscricoes-para-as-emebs\/\" target=\"_blank\" rel=\"noopener noreferrer\">Educa\u00e7\u00e3o abre inscri\u00e7\u00f5es para Emebs nesta segunda (24)<\/a><br \/>\n<a href=\"https:\/\/jundiai.sp.gov.br\/noticias\/2015\/08\/26\/fundo-social-abre-vagas-para-cursos-profissionalizantes-gratuitos\/\" target=\"_blank\" rel=\"noopener noreferrer\">Fundo Social de Solidariedade abre vagas para cursos profissionalizantes<\/a><\/strong><\/p>\n<div id=\"attachment_153148\" style=\"width: 730px\" class=\"wp-caption aligncenter\"><a href=\"https:\/\/jundiai.sp.gov.br\/noticias\/wp-content\/uploads\/sites\/32\/2015\/08\/Prefeito-entrega-Apartamentos-na-Vila-Ana_c_31_G.jpg\"><img loading=\"lazy\" decoding=\"async\" aria-describedby=\"caption-attachment-153148\" class=\"size-large wp-image-153148\" src=\"https:\/\/jundiai.sp.gov.br\/noticias\/wp-content\/uploads\/sites\/32\/2015\/08\/Prefeito-entrega-Apartamentos-na-Vila-Ana_c_31_G-720x510.jpg\" alt=\"Prefeito destacou a import\u00e2ncia da moradia para a dignidade das pessoas\" width=\"720\" height=\"510\" srcset=\"https:\/\/jundiai.sp.gov.br\/noticias\/wp-content\/uploads\/sites\/32\/2015\/08\/Prefeito-entrega-Apartamentos-na-Vila-Ana_c_31_G-720x510.jpg 720w, https:\/\/jundiai.sp.gov.br\/noticias\/wp-content\/uploads\/sites\/32\/2015\/08\/Prefeito-entrega-Apartamentos-na-Vila-Ana_c_31_G-300x212.jpg 300w, https:\/\/jundiai.sp.gov.br\/noticias\/wp-content\/uploads\/sites\/32\/2015\/08\/Prefeito-entrega-Apartamentos-na-Vila-Ana_c_31_G.jpg 1240w\" sizes=\"auto, (max-width: 720px) 100vw, 720px\" \/><\/a><p id=\"caption-attachment-153148\" class=\"wp-caption-text\">Prefeito destacou a import\u00e2ncia da moradia para a dignidade das pessoas<\/p><\/div>\n<p>Ao lado da primeira-dama e presidente do <strong>Fundo Social de Solidariedade<\/strong>, Margarete Geraldo Bigardi, <strong>o prefeito lembrou que quando assumiu a Prefeitura em 2013, um dos primeiros projetos apresentados pela Fumas foi o de constru\u00e7\u00e3o dos apartamentos da Vila Ana, que estava aprovado, mas totalmente parado. \u201cE n\u00f3s retomamos na hora. \u00c9 um investimento alto, a contrapartida da Prefeitura foi grande, mas decidimos assumir esse compromisso e hoje estamos aqui. Estou muito feliz. A moradia n\u00e3o \u00e9 apenas um bem material, ela traz dignidade. E eu quero ver todas as pessoas vivendo com dignidade.\u201d<\/strong><\/p>\n<p>O superintendente da Fumas, Waldemar Foelkel, tamb\u00e9m destacou a <strong>import\u00e2ncia e o trabalho da atual gest\u00e3o na quest\u00e3o da moradia popular. \u201cEste governo est\u00e1 construindo o maior programa habitacional que a cidade j\u00e1 teve para a popula\u00e7\u00e3o carente. A previs\u00e3o \u00e9 que sejam entregues mais de 1.600 unidades\u201d<\/strong>, destacou.<\/p>\n<div id=\"attachment_153149\" style=\"width: 410px\" class=\"wp-caption alignleft\"><a href=\"https:\/\/jundiai.sp.gov.br\/noticias\/wp-content\/uploads\/sites\/32\/2015\/08\/Prefeito-entrega-Apartamentos-na-Vila-Ana_c_16_G.jpg\"><img loading=\"lazy\" decoding=\"async\" aria-describedby=\"caption-attachment-153149\" class=\"size-large wp-image-153149\" src=\"https:\/\/jundiai.sp.gov.br\/noticias\/wp-content\/uploads\/sites\/32\/2015\/08\/Prefeito-entrega-Apartamentos-na-Vila-Ana_c_16_G-720x546.jpg\" alt=\"Moradores receberam com festa os novos apartamentos\" width=\"400\" height=\"350\" \/><\/a><p id=\"caption-attachment-153149\" class=\"wp-caption-text\">Moradores receberam com festa os novos apartamentos<\/p><\/div>\n<p>Um dos mais entusiasmados durante a entrega era o padre Lu\u00eds Marin, que atuou por muitos anos na comunidade da Vila Ana e atualmente est\u00e1 em Itu. Ele fez quest\u00e3o de aceitar o convite do prefeito Pedro Bigardi e participar da cerim\u00f4nia. \u201cLutamos muito para isso. <strong>A luta foi dif\u00edcil, mas encontramos no caminho muitas pessoas que nos ajudaram, entre elas o Pedro (Bigardi)<\/strong>. Parab\u00e9ns a todos pela luta, por acreditarem sempre e nunca desistirem. Que todos possam ter uma moradia digna\u201d, disse, emocionado.<\/p>\n<p>Participaram ainda da cerim\u00f4nia a gerente regional Elta Jos\u00e9 de Paula, representando a Caixa Econ\u00f4mica Federal; o vice-prefeito, Durval Orlato, e os secret\u00e1rios municipais: de <a href=\"http:\/\/cultura.jundiai.sp.gov.br\/\" target=\"_blank\" rel=\"noopener noreferrer\"><strong>Cultura<\/strong><\/a>, T\u00e9rcio Marinho; de Transportes, Wilson Folgozi; de Obras, Jos\u00e9 Roberto Aprillanti J\u00fanior; de Gest\u00e3o de Pessoas, Mary Fornari Marinho; de Agricultura, Abastecimento e Turismo, Marcos Brunholi; o chefe de Gabinete, Alan Piccolo; o diretor-presidente da <strong><a href=\"http:\/\/www.daejundiai.com.br\/\" target=\"_blank\" rel=\"noopener noreferrer\">DAE<\/a><\/strong>, Jamil Yatim; o comandante da <strong>Guarda Municipal<\/strong>, Jos\u00e9 Roberto Ferraz; al\u00e9m dos vereadores Gerson Sartori, Rafael Purgato, Jos\u00e9 Dias, Jos\u00e9 Adair de Sousa e Ant\u00f4nio de Padua Pacheco.<\/p>\n<p><strong>Mais habita\u00e7\u00e3o <\/strong><br \/>\nTamb\u00e9m est\u00e1 em andamento a obra de constru\u00e7\u00e3o de <strong><a href=\"https:\/\/jundiai.sp.gov.br\/noticias\/2015\/04\/27\/prefeitura-em-acao-habitacao-e-destaque-na-zona-leste\/\" target=\"_blank\" rel=\"noopener noreferrer\">400 unidades habitacionais no Jardim S\u00e3o Camilo<\/a><\/strong>. Os im\u00f3veis, que ficam na rua Giustiniano Borin, j\u00e1 est\u00e3o em <strong>fase de acabamento<\/strong>.<\/p>\n<p>No <strong>Jardim Novo Horizonte<\/strong> n\u00e3o \u00e9 diferente. O bairro vai ganhar <strong><a href=\"https:\/\/jundiai.sp.gov.br\/noticias\/2015\/03\/20\/primeira-fase-das-1088-moradias-do-novo-horizonte-esta-adiantada\/\" target=\"_blank\" rel=\"noopener noreferrer\">1.088 unidades habitacionais<\/a>. As obras da primeira fase est\u00e3o adiantadas. Tamb\u00e9m ser\u00e3o constru\u00eddas uma creche e uma escola<\/strong>.<\/p>\n<p><strong><em>Niza Souza<br \/>\nFotos: Cleber de Almeida<\/em><\/strong><\/p>\n","protected":false},"excerpt":{"rendered":"<p>Pol\u00edtica da cidade ainda vai beneficiar milhares de fam\u00edlias no maior programa habitacional da hist\u00f3ria de Jundia\u00ed  <\/p>\n","protected":false},"author":14,"featured_media":153155,"comment_status":"closed","ping_status":"closed","sticky":false,"template":"","format":"standard","meta":{"footnotes":""},"categories":[2],"tags":[49,490,58,417],"ods":[],"class_list":["post-153147","post","type-post","status-publish","format-standard","has-post-thumbnail","hentry","category-noticias","tag-fundacao-municipal-de-acao-social-fumas","tag-habitacao","tag-prefeito","tag-primeira-dama"],"_links":{"self":[{"href":"https:\/\/jundiai.sp.gov.br\/noticias\/wp-json\/wp\/v2\/posts\/153147","targetHints":{"allow":["GET"]}}],"collection":[{"href":"https:\/\/jundiai.sp.gov.br\/noticias\/wp-json\/wp\/v2\/posts"}],"about":[{"href":"https:\/\/jundiai.sp.gov.br\/noticias\/wp-json\/wp\/v2\/types\/post"}],"author":[{"embeddable":true,"href":"https:\/\/jundiai.sp.gov.br\/noticias\/wp-json\/wp\/v2\/users\/14"}],"replies":[{"embeddable":true,"href":"https:\/\/jundiai.sp.gov.br\/noticias\/wp-json\/wp\/v2\/comments?post=153147"}],"version-history":[{"count":17,"href":"https:\/\/jundiai.sp.gov.br\/noticias\/wp-json\/wp\/v2\/posts\/153147\/revisions"}],"predecessor-version":[{"id":257630,"href":"https:\/\/jundiai.sp.gov.br\/noticias\/wp-json\/wp\/v2\/posts\/153147\/revisions\/257630"}],"wp:featuredmedia":[{"embeddable":true,"href":"https:\/\/jundiai.sp.gov.br\/noticias\/wp-json\/wp\/v2\/media\/153155"}],"wp:attachment":[{"href":"https:\/\/jundiai.sp.gov.br\/noticias\/wp-json\/wp\/v2\/media?parent=153147"}],"wp:term":[{"taxonomy":"category","embeddable":true,"href":"https:\/\/jundiai.sp.gov.br\/noticias\/wp-json\/wp\/v2\/categories?post=153147"},{"taxonomy":"post_tag","embeddable":true,"href":"https:\/\/jundiai.sp.gov.br\/noticias\/wp-json\/wp\/v2\/tags?post=153147"},{"taxonomy":"ods","embeddable":true,"href":"https:\/\/jundiai.sp.gov.br\/noticias\/wp-json\/wp\/v2\/ods?post=153147"}],"curies":[{"name":"wp","href":"https:\/\/api.w.org\/{rel}","templated":true}]}}