{"id":153223,"date":"2015-08-31T14:40:35","date_gmt":"2015-08-31T17:40:35","guid":{"rendered":"https:\/\/jundiai.sp.gov.br\/noticias\/?p=153223"},"modified":"2016-11-04T11:44:24","modified_gmt":"2016-11-04T13:44:24","slug":"volta-a-caserna-reune-3-mil-pessoas-no-12o-gac","status":"publish","type":"post","link":"https:\/\/jundiai.sp.gov.br\/noticias\/2015\/08\/31\/volta-a-caserna-reune-3-mil-pessoas-no-12o-gac\/","title":{"rendered":"Volta \u00e0 Caserna re\u00fane 3 mil pessoas no 12\u00ba GAC"},"content":{"rendered":"<p><strong>Dia de sol e calor, data ideal para matar a saudade de velhos amigos, numa festa de total integra\u00e7\u00e3o familiar. Foi nesse clima que cerca de 3 mil pessoas participaram da 18\u00aa edi\u00e7\u00e3o da Volta \u00e0 Caserna, no 12\u00ba Grupo de Artilharia de Campanha (GAC), em Jundia\u00ed, no s\u00e1bado (29).<br \/>\n<\/strong><\/p>\n<p><strong>VEJA TAMB\u00c9M<br \/>\n<a href=\"https:\/\/jundiai.sp.gov.br\/noticias\/2015\/08\/28\/ordem-oficial-do-desfile-de-7-de-setembro-e-definida\/\" target=\"_blank\">Ordem oficial do desfile de 7 de Setembro \u00e9 definida<\/a><br \/>\n<a href=\"https:\/\/jundiai.sp.gov.br\/noticias\/2015\/08\/28\/seguranca-integrada-poe-jundiai-na-vitrine-do-brasil-e-do-mundo\/\" target=\"_blank\">Seguran\u00e7a p\u00f5e Jundia\u00ed na vitrine do Brasil e do mundo<\/a><br \/>\n<a href=\"https:\/\/jundiai.sp.gov.br\/noticias\/2015\/08\/24\/no-dia-do-soldado-prefeito-entrega-academia-ao-ar-livre-na-vila-militar\/\" target=\"_blank\">No Dia do Soldado, prefeito entrega academia ao ar livre<\/a><\/strong><\/p>\n<div id=\"attachment_153224\" style=\"width: 730px\" class=\"wp-caption aligncenter\"><a href=\"https:\/\/jundiai.sp.gov.br\/noticias\/wp-content\/uploads\/sites\/32\/2015\/08\/volta_caserna_1G.jpg\"><img loading=\"lazy\" decoding=\"async\" aria-describedby=\"caption-attachment-153224\" src=\"https:\/\/jundiai.sp.gov.br\/noticias\/wp-content\/uploads\/sites\/32\/2015\/08\/volta_caserna_1G.jpg\" alt=\"Discurso de autoridades durante a 18\u00aa edi\u00e7\u00e3o da Volta \u00e0 Caserna no 12\u00ba GAC\" width=\"720\" height=\"513\" class=\"size-full wp-image-153224\" \/><\/a><p id=\"caption-attachment-153224\" class=\"wp-caption-text\">Discurso de autoridades durante a 18\u00aa edi\u00e7\u00e3o da Volta \u00e0 Caserna no 12\u00ba GAC<\/p><\/div>\n<p>O evento anual, que se transformou numa tradi\u00e7\u00e3o na cidade, tem como proposta refor\u00e7ar a cultura c\u00edvica e patri\u00f3tica junto ao p\u00fablico interno e \u00e0 sociedade em geral. A atividade reuniu reservistas de todas as classes que serviram o Ex\u00e9rcito Brasileiro, al\u00e9m de familiares e convidados.<\/p>\n<p>Foi uma oportunidade do reencontro de ex-combatentes e da sociedade civil conhecer o funcionamento do dia a dia do quartel, al\u00e9m de ver de perto todo aparato dispon\u00edvel na unidade de Jundia\u00ed.<\/p>\n<p>Com a presen\u00e7a de autoridades militares e civis, a Volta \u00e0 Caserna, mais uma vez, foi um sucesso. Representando o prefeito Pedro Bigardi, o coordenador especial do Gabinete de Gest\u00e3o Integrada (GGIM), Jos\u00e9 Carlos Pires, participou da cerim\u00f4nia e destacou que a atividade prova a integra\u00e7\u00e3o que h\u00e1 entre o Ex\u00e9rcito Brasileiro, a comunidade de Jundia\u00ed e de toda a regi\u00e3o.<\/p>\n<div id=\"attachment_153225\" style=\"width: 730px\" class=\"wp-caption aligncenter\"><a href=\"https:\/\/jundiai.sp.gov.br\/noticias\/wp-content\/uploads\/sites\/32\/2015\/08\/volta_caserna_5G.jpg\"><img loading=\"lazy\" decoding=\"async\" aria-describedby=\"caption-attachment-153225\" src=\"https:\/\/jundiai.sp.gov.br\/noticias\/wp-content\/uploads\/sites\/32\/2015\/08\/volta_caserna_5G.jpg\" alt=\"Desfile de ex-combatentes, um dos pontos altos do evento de s\u00e1bado\" width=\"720\" height=\"513\" class=\"size-full wp-image-153225\" \/><\/a><p id=\"caption-attachment-153225\" class=\"wp-caption-text\">Desfile de ex-combatentes, um dos pontos altos do evento de s\u00e1bado<\/p><\/div>\n<p>\u201cA participa\u00e7\u00e3o do Ex\u00e9rcito em iniciativas com a sociedade faz parte de todo o contexto de seguran\u00e7a p\u00fablica integrada da administra\u00e7\u00e3o do prefeito Pedro Bigardi. Trata-se do envolvimento efetivo e direto entre as for\u00e7as de seguran\u00e7a, a administra\u00e7\u00e3o p\u00fablica e a sociedade. \u00c9 um exemplo que Jundia\u00ed passa para todo o Brasil\u201d, comentou Pires.<\/p>\n<p>Durante a programa\u00e7\u00e3o os participantes acompanharam discurso e em seguida o desfile da tropa. Entre os convidados para prestigiar a 18\u00aa Volta \u00e0 Caserna estavam o General de Brigada de Campinas, Ricardo Rodrigues Canhaci, o tenente-coronel do 12\u00ba GAC, Messias Siqueira Mendes Barbosa, o presidente da C\u00e2mara, o vereador Marcelo Gastaldo, e o prefeito de Campo Limpo Paulista, Jos\u00e9 Roberto de Assis.<\/p>\n<p><em><strong>Assessoria de Imprensa<br \/>\nFotos: Divulga\u00e7\u00e3o<\/strong><\/em><\/p>\n","protected":false},"excerpt":{"rendered":"<p>Dia de sol e calor, data ideal para matar a saudade de velhos amigos, numa festa de total integra\u00e7\u00e3o familiar. Foi nesse clima que cerca de 3 mil pessoas participaram da 18\u00aa edi\u00e7\u00e3o da Volta \u00e0 Caserna, no 12\u00ba Grupo de Artilharia de Campanha (GAC), em Jundia\u00ed, no s\u00e1bado (29). VEJA TAMB\u00c9M Ordem oficial do [&hellip;]<\/p>\n","protected":false},"author":21,"featured_media":0,"comment_status":"closed","ping_status":"closed","sticky":false,"template":"","format":"standard","meta":{"footnotes":""},"categories":[2],"tags":[140,250],"ods":[],"class_list":["post-153223","post","type-post","status-publish","format-standard","hentry","category-noticias","tag-12o-grupo-de-artilharia-de-campanha-gac","tag-gabinete-de-gestao-integrada-municipal-ggim"],"_links":{"self":[{"href":"https:\/\/jundiai.sp.gov.br\/noticias\/wp-json\/wp\/v2\/posts\/153223","targetHints":{"allow":["GET"]}}],"collection":[{"href":"https:\/\/jundiai.sp.gov.br\/noticias\/wp-json\/wp\/v2\/posts"}],"about":[{"href":"https:\/\/jundiai.sp.gov.br\/noticias\/wp-json\/wp\/v2\/types\/post"}],"author":[{"embeddable":true,"href":"https:\/\/jundiai.sp.gov.br\/noticias\/wp-json\/wp\/v2\/users\/21"}],"replies":[{"embeddable":true,"href":"https:\/\/jundiai.sp.gov.br\/noticias\/wp-json\/wp\/v2\/comments?post=153223"}],"version-history":[{"count":2,"href":"https:\/\/jundiai.sp.gov.br\/noticias\/wp-json\/wp\/v2\/posts\/153223\/revisions"}],"predecessor-version":[{"id":153227,"href":"https:\/\/jundiai.sp.gov.br\/noticias\/wp-json\/wp\/v2\/posts\/153223\/revisions\/153227"}],"wp:attachment":[{"href":"https:\/\/jundiai.sp.gov.br\/noticias\/wp-json\/wp\/v2\/media?parent=153223"}],"wp:term":[{"taxonomy":"category","embeddable":true,"href":"https:\/\/jundiai.sp.gov.br\/noticias\/wp-json\/wp\/v2\/categories?post=153223"},{"taxonomy":"post_tag","embeddable":true,"href":"https:\/\/jundiai.sp.gov.br\/noticias\/wp-json\/wp\/v2\/tags?post=153223"},{"taxonomy":"ods","embeddable":true,"href":"https:\/\/jundiai.sp.gov.br\/noticias\/wp-json\/wp\/v2\/ods?post=153223"}],"curies":[{"name":"wp","href":"https:\/\/api.w.org\/{rel}","templated":true}]}}