{"id":153356,"date":"2015-09-01T15:57:22","date_gmt":"2015-09-01T18:57:22","guid":{"rendered":"https:\/\/jundiai.sp.gov.br\/noticias\/?p=153356"},"modified":"2016-11-04T11:44:34","modified_gmt":"2016-11-04T13:44:34","slug":"confira-a-programacao-de-setembro-do-estacao-juventude","status":"publish","type":"post","link":"https:\/\/jundiai.sp.gov.br\/noticias\/2015\/09\/01\/confira-a-programacao-de-setembro-do-estacao-juventude\/","title":{"rendered":"Confira a programa\u00e7\u00e3o de setembro do Esta\u00e7\u00e3o Juventude"},"content":{"rendered":"<p><strong>A <a href=\"https:\/\/www.facebook.com\/pages\/Coordenadoria-da-Juventude-de-Jundia%C3%AD\/227034494027268\" target=\"_blank\">Coordenadoria da Juventude<\/a> divulgou, nesta ter\u00e7a-feira (1\u00ba), a programa\u00e7\u00e3o completa das oficinas gratuitas realizadas pelo programa Esta\u00e7\u00e3o Juventude. As inscri\u00e7\u00f5es j\u00e1 est\u00e3o abertas no <a href=\"http:\/\/estacaojuventude.jundiai.sp.gov.br\/\" target=\"_blank\">portal do \u00f3rg\u00e3o<\/a>.<\/strong><\/p>\n<p><strong>LEIA TAMB\u00c9M<br \/>\n<a href=\"https:\/\/jundiai.sp.gov.br\/noticias\/2015\/08\/26\/coordenadoria-apresenta-balanco-da-conferencia-de-juventude\/\" target=\"_blank\">Coordenadoria apresenta balan\u00e7o da Confer\u00eancia de Juventude<\/a><br \/>\n<a href=\"https:\/\/jundiai.sp.gov.br\/noticias\/2015\/08\/28\/segundo-dia-da-conferencia-da-mulher-tem-quatro-eixos-tematicos\/\" target=\"_blank\">Segundo dia da Confer\u00eancia da Mulher tem quatro eixos tem\u00e1ticos<\/a><\/strong><\/p>\n<div id=\"attachment_153357\" style=\"width: 410px\" class=\"wp-caption alignleft\"><a href=\"https:\/\/jundiai.sp.gov.br\/noticias\/wp-content\/uploads\/sites\/32\/2015\/09\/oficina_estacao_juventude_G.jpg\"><img loading=\"lazy\" decoding=\"async\" aria-describedby=\"caption-attachment-153357\" src=\"https:\/\/jundiai.sp.gov.br\/noticias\/wp-content\/uploads\/sites\/32\/2015\/09\/oficina_estacao_juventude_G.jpg\" alt=\"Diversas oficinas est\u00e3o com inscri\u00e7\u00f5es abertas\" width=\"400\" height=\"400\" class=\"size-full wp-image-153357\" \/><\/a><p id=\"caption-attachment-153357\" class=\"wp-caption-text\">Diversas oficinas est\u00e3o com inscri\u00e7\u00f5es abertas<\/p><\/div>\n<p><strong>As atividades come\u00e7am neste s\u00e1bado (5), e \u00e9 dirigida para quem gosta do processo criativo do audiovisual. <\/strong>A <strong>oficina \u201cNovos Mundos\u201d<\/strong> vai apresentar assuntos como v\u00eddeos para web, cinema, videoclipes, vlogs, propagandas e novelas. O destaque est\u00e1 em construir, junto com os participantes, um curta-metragem. <strong>Os interessados podem, tamb\u00e9m, se inscrever para os dias 12 e 19 de setembro, sempre das 10h \u00e0s 13h, cada um com 10 vagas.<\/strong><\/p>\n<p>Mais uma vez, a acessibilidade estar\u00e1 presente, com <strong>20 vagas para a oficina de L\u00edngua Brasileira de Sinais (Libras) b\u00e1sico, que tem in\u00edcio marcado para 12 de setembro, \u00e0s 13h, e termina em novembro<\/strong>. Ser\u00e3o 15 horas de aula, dividida em cinco encontros, sempre aos s\u00e1bados.<\/p>\n<p><strong>No domingo (13), a programa\u00e7\u00e3o continua a partir das 16h, com a atividade \u201cA que lugar perten\u00e7o\u201d<\/strong>, que vai levantar pr\u00e1ticas e reflex\u00f5es do processo criativo dos participantes, discutindo temas como globaliza\u00e7\u00e3o e participa\u00e7\u00e3o no espa\u00e7o p\u00fablico, n\u00e3o deixando a linguagem art\u00edstica de lado. <strong>S\u00e3o 15 vagas dispon\u00edveis.<\/strong><\/p>\n<p><strong>A oficina \u201cMundo do trabalho\u201d tamb\u00e9m marcar\u00e1 presen\u00e7a pela segunda vez no espa\u00e7o. Com encontro marcado para o dia 21 de setembro, das 13h30 \u00e0s 16h<\/strong>, a atividade ser\u00e1 um bate-papo sobre o in\u00edcio da vida profissional de cada pessoa e quest\u00f5es que envolvem o tema, como escolha da profiss\u00e3o e dicas de como fazer um curr\u00edculo. Os participantes tamb\u00e9m poder\u00e3o se cadastrar para est\u00e1gios e programas de aprendiz organizados pelo <strong><a href=\"http:\/\/www.ciee.org.br\/portal\/index.asp\" target=\"_blank\">Centro de Integra\u00e7\u00e3o Empresa-Escola (CIEE)<\/a><\/strong>.<\/p>\n<p><strong>Inscri\u00e7\u00f5es<\/strong><br \/>\nQuem tiver interesse em participar deve preencher a ficha de inscri\u00e7\u00e3o no portal da Coordenadoria. A confirma\u00e7\u00e3o da matr\u00edcula ser\u00e1 enviada pelo \u00f3rg\u00e3o atrav\u00e9s do e-mail cadastrado pelo participante.<\/p>\n<p>Cada oficina tem quantidade m\u00e1xima de vagas e faixas et\u00e1rias definidas, por\u00e9m, em caso de vagas remanescentes ser\u00e3o abertas a toda popula\u00e7\u00e3o.<\/p>\n<p><strong>Todas as atividades que est\u00e3o com as inscri\u00e7\u00f5es abertas ser\u00e3o realizadas no Esta\u00e7\u00e3o Juventude, na avenida Uni\u00e3o dos Ferrovi\u00e1rios, n\u00ba 1.600, Complexo Fepasa. Mais informa\u00e7\u00f5es nos telefones 4587-1000 ou 4582-5523.<br \/>\n<\/strong><br \/>\n<em><strong>Assessoria de Imprensa<br \/>\nFotos: Fot\u00f3grafos PMJ<\/strong><\/em><\/p>\n","protected":false},"excerpt":{"rendered":"<p>As inscri\u00e7\u00f5es para as oficinas gratuitas est\u00e3o abertas no portal da Coordenadoria da Juventude; atividades come\u00e7am no s\u00e1bado (5)<\/p>\n","protected":false},"author":21,"featured_media":132013,"comment_status":"closed","ping_status":"closed","sticky":false,"template":"","format":"standard","meta":{"footnotes":""},"categories":[2],"tags":[174,621],"ods":[],"class_list":["post-153356","post","type-post","status-publish","format-standard","has-post-thumbnail","hentry","category-noticias","tag-coordenadoria-da-juventude","tag-estacao-juventude"],"_links":{"self":[{"href":"https:\/\/jundiai.sp.gov.br\/noticias\/wp-json\/wp\/v2\/posts\/153356","targetHints":{"allow":["GET"]}}],"collection":[{"href":"https:\/\/jundiai.sp.gov.br\/noticias\/wp-json\/wp\/v2\/posts"}],"about":[{"href":"https:\/\/jundiai.sp.gov.br\/noticias\/wp-json\/wp\/v2\/types\/post"}],"author":[{"embeddable":true,"href":"https:\/\/jundiai.sp.gov.br\/noticias\/wp-json\/wp\/v2\/users\/21"}],"replies":[{"embeddable":true,"href":"https:\/\/jundiai.sp.gov.br\/noticias\/wp-json\/wp\/v2\/comments?post=153356"}],"version-history":[{"count":14,"href":"https:\/\/jundiai.sp.gov.br\/noticias\/wp-json\/wp\/v2\/posts\/153356\/revisions"}],"predecessor-version":[{"id":153453,"href":"https:\/\/jundiai.sp.gov.br\/noticias\/wp-json\/wp\/v2\/posts\/153356\/revisions\/153453"}],"wp:featuredmedia":[{"embeddable":true,"href":"https:\/\/jundiai.sp.gov.br\/noticias\/wp-json\/wp\/v2\/media\/132013"}],"wp:attachment":[{"href":"https:\/\/jundiai.sp.gov.br\/noticias\/wp-json\/wp\/v2\/media?parent=153356"}],"wp:term":[{"taxonomy":"category","embeddable":true,"href":"https:\/\/jundiai.sp.gov.br\/noticias\/wp-json\/wp\/v2\/categories?post=153356"},{"taxonomy":"post_tag","embeddable":true,"href":"https:\/\/jundiai.sp.gov.br\/noticias\/wp-json\/wp\/v2\/tags?post=153356"},{"taxonomy":"ods","embeddable":true,"href":"https:\/\/jundiai.sp.gov.br\/noticias\/wp-json\/wp\/v2\/ods?post=153356"}],"curies":[{"name":"wp","href":"https:\/\/api.w.org\/{rel}","templated":true}]}}