{"id":154245,"date":"2015-09-09T12:43:28","date_gmt":"2015-09-09T15:43:28","guid":{"rendered":"https:\/\/jundiai.sp.gov.br\/noticias\/?p=154245"},"modified":"2016-11-04T11:37:01","modified_gmt":"2016-11-04T13:37:01","slug":"festa-da-uva-tera-passeios-de-ciclistas-motos-carros-antigos-jipes-e-cavalos","status":"publish","type":"post","link":"https:\/\/jundiai.sp.gov.br\/noticias\/2015\/09\/09\/festa-da-uva-tera-passeios-de-ciclistas-motos-carros-antigos-jipes-e-cavalos\/","title":{"rendered":"Motos, ciclistas, carros antigos e cavalos v\u00e3o invadir a Festa da Uva"},"content":{"rendered":"<p><strong>Em sua 33\u00aa edi\u00e7\u00e3o, a Festa da Uva de Jundia\u00ed vai contar, em janeiro de 2016, com seis paradas comemorativas formadas por passeio cicl\u00edstico (dia 16), tratorada (dia 17), passeio de motocicletas (dia 23), passeio de carros antigos (dia 24), passeio de jipes (dia 30) e cavalgada (dia 31). Essa amplia\u00e7\u00e3o das manifesta\u00e7\u00f5es foi uma das novidades do encontro desta ter\u00e7a-feira (8) entre a Secretaria de Agricultura, Abastecimento e Turismo e a Associa\u00e7\u00e3o Agr\u00edcola de Jundia\u00ed.<\/strong><\/p>\n<p>\u201cVamos continuar cuidando com muito carinho da nossa maior festa, que resgatou seu car\u00e1ter comunit\u00e1rio\u201d, afirma o secret\u00e1rio Marcos Brunholi.<\/p>\n<p><strong>LEIA TAMB\u00c9M<br \/>\n<a href=\"https:\/\/jundiai.sp.gov.br\/noticias\/2015\/09\/08\/artesanato-tambem-reforca-atracoes-no-centro\/\" target=\"_blank\">Artesanato tamb\u00e9m refor\u00e7a atra\u00e7\u00f5es no Centro<\/a><br \/>\n<a href=\"https:\/\/jundiai.sp.gov.br\/noticias\/2015\/09\/09\/sexta-no-centro-vai-ter-classicos-do-rock-e-do-pop\/\" target=\"_blank\">\u2018Sexta no Centro\u2019 vai ter cl\u00e1ssicos do rock e do pop<\/a><br \/>\n<a href=\"https:\/\/jundiai.sp.gov.br\/noticias\/2015\/09\/08\/agricultores-doam-uma-tonelada-de-alimentos-apos-desfile\/\" target=\"_blank\">Agricultores doam 1 tonelada de alimentos ap\u00f3s desfile<\/a><br \/>\n<a href=\"https:\/\/jundiai.sp.gov.br\/noticias\/2015\/09\/09\/jundiai-participa-do-encontro-de-gestores-culturais-em-curitiba\/\" target=\"_blank\">Jundia\u00ed participa do Encontro de Gestores Culturais em Curitiba<\/a><\/strong><\/p>\n<div id=\"attachment_154247\" style=\"width: 410px\" class=\"wp-caption alignleft\"><a href=\"https:\/\/jundiai.sp.gov.br\/noticias\/wp-content\/uploads\/sites\/32\/2015\/09\/festa-da-uva-2g.jpg\"><img loading=\"lazy\" decoding=\"async\" aria-describedby=\"caption-attachment-154247\" src=\"https:\/\/jundiai.sp.gov.br\/noticias\/wp-content\/uploads\/sites\/32\/2015\/09\/festa-da-uva-2g.jpg\" alt=\"A maior festa da cidade homenageia a uva Niagara Rosada, surgida em Jundia\u00ed\" width=\"400\" height=\"400\" class=\"size-full wp-image-154247\" \/><\/a><p id=\"caption-attachment-154247\" class=\"wp-caption-text\">A maior festa da cidade homenageia a uva Niagara Rosada, surgida em Jundia\u00ed<\/p><\/div>\n<p><strong>As paradas comemorativas s\u00e3o parte do processo que vem fortalecendo a festa em seu novo formato, que teve 70 mil visitantes em 2013, 126 mil visitantes em 2014 e 153 mil visitantes em 2015.<\/strong><\/p>\n<p>Iniciadas com a cavalgada, logo tiveram a ades\u00e3o de tratores, de carros antigos e de motocicletas. Os s\u00e1bados e domingos da festa se completam agora com as bicicletas e os jipes.<\/p>\n<p>No encontro os representantes da Associa\u00e7\u00e3o Agr\u00edcola (Jos\u00e9 Jacob Carbonari, Ren\u00ea Tomaseto e Moacir Bortolo) confirmaram a expectativa de mais bairros rurais representados na festa.<\/p>\n<p><strong>A 33\u00aa Festa da Uva de Jundia\u00ed<\/strong>, remontando \u00e0s origens do evento em 1934, <strong>vai manter<\/strong> programas testados positivamente desde a retomada de 2013 como <strong>a exposi\u00e7\u00e3o e venda de frutas e tamb\u00e9m das adegas com a Expo Vinho, de produtos tradicionais ou originais da cidade com o Emp\u00f3rio Jundia\u00ed e de artesanatos com o Jundia\u00ed Feito \u00e0 M\u00e3o, entre outros.<\/strong><\/p>\n<p>A pr\u00f3xima reuni\u00e3o, de acordo com a diretora de turismo Marcela Moro, deve ser marcada com as comunidades dos bairros que cuidam da gastronomia no Degusta Jundia\u00ed.<\/p>\n<p>Posteriormente, <strong>as inscri\u00e7\u00f5es de princesas e artistas ser\u00e3o divulgadas pela Secretaria de Cultura. A festa ser\u00e1 de 14 a 31 de janeiro de 2016, no Parque Comendador Antonio Carbonari (Parque da Uva).<\/strong><\/p>\n<div id=\"attachment_154246\" style=\"width: 730px\" class=\"wp-caption aligncenter\"><a href=\"https:\/\/jundiai.sp.gov.br\/noticias\/wp-content\/uploads\/sites\/32\/2015\/09\/festa-da-uva-1g.jpg\"><img loading=\"lazy\" decoding=\"async\" aria-describedby=\"caption-attachment-154246\" src=\"https:\/\/jundiai.sp.gov.br\/noticias\/wp-content\/uploads\/sites\/32\/2015\/09\/festa-da-uva-1g.jpg\" alt=\"Al\u00e9m da beleza interna, a festa vai ter paradas comemorativas nas ruas\" width=\"720\" height=\"513\" class=\"size-full wp-image-154246\" \/><\/a><p id=\"caption-attachment-154246\" class=\"wp-caption-text\">Al\u00e9m da beleza interna, a festa vai ter paradas comemorativas nas ruas<\/p><\/div>\n<p><em><strong>Jos\u00e9 Arnaldo de Oliveira<br \/>\nFotos: Arquivo PMJ<\/strong><\/em><\/p>\n","protected":false},"excerpt":{"rendered":"<p>O evento, que chega em sua 33\u00aa edi\u00e7\u00e3o, ser\u00e1 de 14 a 31 de janeiro de 2016, no Parque Comendador Antonio Carbonari <\/p>\n","protected":false},"author":21,"featured_media":154258,"comment_status":"closed","ping_status":"closed","sticky":false,"template":"","format":"standard","meta":{"footnotes":""},"categories":[2],"tags":[41,29,7,768,293],"ods":[],"class_list":["post-154245","post","type-post","status-publish","format-standard","has-post-thumbnail","hentry","category-noticias","tag-agricultura-abastecimento-e-turismo","tag-cultura","tag-festa-da-uva","tag-festa-da-uva-2016","tag-jundiai-feito-a-mao"],"_links":{"self":[{"href":"https:\/\/jundiai.sp.gov.br\/noticias\/wp-json\/wp\/v2\/posts\/154245","targetHints":{"allow":["GET"]}}],"collection":[{"href":"https:\/\/jundiai.sp.gov.br\/noticias\/wp-json\/wp\/v2\/posts"}],"about":[{"href":"https:\/\/jundiai.sp.gov.br\/noticias\/wp-json\/wp\/v2\/types\/post"}],"author":[{"embeddable":true,"href":"https:\/\/jundiai.sp.gov.br\/noticias\/wp-json\/wp\/v2\/users\/21"}],"replies":[{"embeddable":true,"href":"https:\/\/jundiai.sp.gov.br\/noticias\/wp-json\/wp\/v2\/comments?post=154245"}],"version-history":[{"count":12,"href":"https:\/\/jundiai.sp.gov.br\/noticias\/wp-json\/wp\/v2\/posts\/154245\/revisions"}],"predecessor-version":[{"id":154309,"href":"https:\/\/jundiai.sp.gov.br\/noticias\/wp-json\/wp\/v2\/posts\/154245\/revisions\/154309"}],"wp:featuredmedia":[{"embeddable":true,"href":"https:\/\/jundiai.sp.gov.br\/noticias\/wp-json\/wp\/v2\/media\/154258"}],"wp:attachment":[{"href":"https:\/\/jundiai.sp.gov.br\/noticias\/wp-json\/wp\/v2\/media?parent=154245"}],"wp:term":[{"taxonomy":"category","embeddable":true,"href":"https:\/\/jundiai.sp.gov.br\/noticias\/wp-json\/wp\/v2\/categories?post=154245"},{"taxonomy":"post_tag","embeddable":true,"href":"https:\/\/jundiai.sp.gov.br\/noticias\/wp-json\/wp\/v2\/tags?post=154245"},{"taxonomy":"ods","embeddable":true,"href":"https:\/\/jundiai.sp.gov.br\/noticias\/wp-json\/wp\/v2\/ods?post=154245"}],"curies":[{"name":"wp","href":"https:\/\/api.w.org\/{rel}","templated":true}]}}