{"id":154262,"date":"2015-09-09T15:08:38","date_gmt":"2015-09-09T18:08:38","guid":{"rendered":"https:\/\/jundiai.sp.gov.br\/noticias\/?p=154262"},"modified":"2016-11-04T11:37:00","modified_gmt":"2016-11-04T13:37:00","slug":"jundiai-participa-do-encontro-de-gestores-culturais-em-curitiba","status":"publish","type":"post","link":"https:\/\/jundiai.sp.gov.br\/noticias\/2015\/09\/09\/jundiai-participa-do-encontro-de-gestores-culturais-em-curitiba\/","title":{"rendered":"Jundia\u00ed participa do Encontro de Gestores Culturais em Curitiba"},"content":{"rendered":"<p><div id=\"attachment_154264\" style=\"width: 410px\" class=\"wp-caption alignleft\"><a href=\"https:\/\/jundiai.sp.gov.br\/noticias\/wp-content\/uploads\/sites\/32\/2015\/09\/gestores_culturais_brasilia_G.jpg\"><img loading=\"lazy\" decoding=\"async\" aria-describedby=\"caption-attachment-154264\" src=\"https:\/\/jundiai.sp.gov.br\/noticias\/wp-content\/uploads\/sites\/32\/2015\/09\/gestores_culturais_brasilia_G-720x405.jpg\" alt=\"T\u00e9rcio participou do 1\u00ba Encontro em Bras\u00edlia no ano de 2014\" width=\"400\" height=\"350\" class=\"size-large wp-image-154264\" \/><\/a><p id=\"caption-attachment-154264\" class=\"wp-caption-text\">T\u00e9rcio participou do 1\u00ba Encontro em Bras\u00edlia no ano de 2014<\/p><\/div><strong>O secret\u00e1rio de <a href=\"http:\/\/cultura.jundiai.sp.gov.br\/\" target=\"_blank\">Cultura<\/a>, T\u00e9rcio Marinho, participa, nesta quarta (9) e quinta-feira (10), pela Associa\u00e7\u00e3o Brasileira de Munic\u00edpios (ABM), do \u201cEncontro Regional de Gestores Municipais de Cultura\u201d em Curitiba, Paran\u00e1. A iniciativa se divide em cinco edi\u00e7\u00f5es que percorrem as regi\u00f5es do Brasil para contribuir com as prefeituras no processo de implanta\u00e7\u00e3o dos Sistemas e Planos Municipais de Cultura.<\/strong><\/p>\n<p>Durante o evento, diversos representantes fazem <strong>considera\u00e7\u00f5es sobre o \u00e2mbito cultural<\/strong>. Uma <strong>palestra do secret\u00e1rio T\u00e9rcio Marinho<\/strong>, com dura\u00e7\u00e3o de dez minutos, tamb\u00e9m faz parte da programa\u00e7\u00e3o.<\/p>\n<p><strong>LEIA TAMB\u00c9M<br \/>\n<a href=\"https:\/\/jundiai.sp.gov.br\/noticias\/2015\/09\/09\/sexta-no-centro-vai-ter-classicos-do-rock-e-do-pop\/\" target=\"_blank\">\u2018Sexta no Centro\u2019 vai ter cl\u00e1ssicos do rock e do pop<\/a><br \/>\n<a href=\"https:\/\/jundiai.sp.gov.br\/noticias\/2015\/09\/09\/beatles-4ever-faz-show-na-abertura-da-feira-da-amizade\/\" target=\"_blank\">Beatles 4Ever faz show na abertura da Feira da Amizade<\/a><br \/>\n<a href=\"https:\/\/jundiai.sp.gov.br\/noticias\/2015\/09\/09\/festa-da-uva-tera-passeios-de-ciclistas-motos-carros-antigos-jipes-e-cavalos\/\" target=\"_blank\">Festa da Uva ter\u00e1 passeios de motos, ciclistas, carros antigos e cavalos<\/a><\/strong><\/p>\n<p>\u201cEste processo se originou em um <strong><a href=\"https:\/\/jundiai.sp.gov.br\/noticias\/2014\/12\/04\/secretario-apresenta-experiencia-de-jundiai-no-encontro-nacional-de-gestores-de-cultura\/\" target=\"_blank\">encontro em dezembro de 2014<\/a><\/strong>, quando foi constitu\u00eddo um comit\u00ea nacional de gestores culturais, de que eu fa\u00e7o parte como um dos coordenadores. N\u00f3s buscamos, atrav\u00e9s deste trabalho, <strong>consolidar e conquistar o repasse de fundos da Cultura Nacional para as prefeituras<\/strong>\u201d, explicou T\u00e9rcio.<\/p>\n<p>\u201cPor meio destes encontros regionais, pretendemos oferecer <strong>suporte para que os gestores de cultura, mesmo que com limita\u00e7\u00f5es, tenham acesso aos caminhos para implanta\u00e7\u00e3o das Secretarias de Cultura<\/strong>, al\u00e9m de <strong>formular conjuntamente nossas propostas<\/strong> para o aprimoramento da gest\u00e3o e <strong>financiamento das pol\u00edticas culturais<\/strong>\u201d, comentou Eduardo Tadeu Pereira, Presidente da ABM.<\/p>\n<p><strong><em>Assessoria de Imprensa<br \/>\nFoto: Arquivo PMJ<\/em><\/strong><\/p>\n","protected":false},"excerpt":{"rendered":"<p>O secret\u00e1rio de Cultura, T\u00e9rcio Marinho, participa, nesta quarta (9) e quinta-feira (10), pela Associa\u00e7\u00e3o Brasileira de Munic\u00edpios (ABM), do \u201cEncontro Regional de Gestores Municipais de Cultura\u201d em Curitiba, Paran\u00e1. A iniciativa se divide em cinco edi\u00e7\u00f5es que percorrem as regi\u00f5es do Brasil para contribuir com as prefeituras no processo de implanta\u00e7\u00e3o dos Sistemas e [&hellip;]<\/p>\n","protected":false},"author":14,"featured_media":0,"comment_status":"closed","ping_status":"closed","sticky":false,"template":"","format":"standard","meta":{"footnotes":""},"categories":[2],"tags":[29],"ods":[],"class_list":["post-154262","post","type-post","status-publish","format-standard","hentry","category-noticias","tag-cultura"],"_links":{"self":[{"href":"https:\/\/jundiai.sp.gov.br\/noticias\/wp-json\/wp\/v2\/posts\/154262","targetHints":{"allow":["GET"]}}],"collection":[{"href":"https:\/\/jundiai.sp.gov.br\/noticias\/wp-json\/wp\/v2\/posts"}],"about":[{"href":"https:\/\/jundiai.sp.gov.br\/noticias\/wp-json\/wp\/v2\/types\/post"}],"author":[{"embeddable":true,"href":"https:\/\/jundiai.sp.gov.br\/noticias\/wp-json\/wp\/v2\/users\/14"}],"replies":[{"embeddable":true,"href":"https:\/\/jundiai.sp.gov.br\/noticias\/wp-json\/wp\/v2\/comments?post=154262"}],"version-history":[{"count":3,"href":"https:\/\/jundiai.sp.gov.br\/noticias\/wp-json\/wp\/v2\/posts\/154262\/revisions"}],"predecessor-version":[{"id":154270,"href":"https:\/\/jundiai.sp.gov.br\/noticias\/wp-json\/wp\/v2\/posts\/154262\/revisions\/154270"}],"wp:attachment":[{"href":"https:\/\/jundiai.sp.gov.br\/noticias\/wp-json\/wp\/v2\/media?parent=154262"}],"wp:term":[{"taxonomy":"category","embeddable":true,"href":"https:\/\/jundiai.sp.gov.br\/noticias\/wp-json\/wp\/v2\/categories?post=154262"},{"taxonomy":"post_tag","embeddable":true,"href":"https:\/\/jundiai.sp.gov.br\/noticias\/wp-json\/wp\/v2\/tags?post=154262"},{"taxonomy":"ods","embeddable":true,"href":"https:\/\/jundiai.sp.gov.br\/noticias\/wp-json\/wp\/v2\/ods?post=154262"}],"curies":[{"name":"wp","href":"https:\/\/api.w.org\/{rel}","templated":true}]}}