{"id":154450,"date":"2015-09-10T17:56:22","date_gmt":"2015-09-10T20:56:22","guid":{"rendered":"https:\/\/jundiai.sp.gov.br\/noticias\/?p=154450"},"modified":"2016-11-04T11:37:29","modified_gmt":"2016-11-04T13:37:29","slug":"sao-camilo-recebe-2a-feira-de-profissoes-e-cultura-no-sabado-26","status":"publish","type":"post","link":"https:\/\/jundiai.sp.gov.br\/noticias\/2015\/09\/10\/sao-camilo-recebe-2a-feira-de-profissoes-e-cultura-no-sabado-26\/","title":{"rendered":"S\u00e3o Camilo recebe 2\u00aa Feira de Profiss\u00f5es e Cultura no s\u00e1bado (26)"},"content":{"rendered":"<p><div id=\"attachment_154451\" style=\"width: 410px\" class=\"wp-caption alignright\"><a href=\"https:\/\/jundiai.sp.gov.br\/noticias\/wp-content\/uploads\/sites\/32\/2015\/09\/feira_profissoes_sao_camiG.jpg\"><img loading=\"lazy\" decoding=\"async\" aria-describedby=\"caption-attachment-154451\" src=\"https:\/\/jundiai.sp.gov.br\/noticias\/wp-content\/uploads\/sites\/32\/2015\/09\/feira_profissoes_sao_camiG-720x451.jpg\" alt=\"Em sua segunda edi\u00e7\u00e3o, evento reuniu um grande n\u00famero de jovens no ano passado\" width=\"400\" height=\"350\" class=\"size-large wp-image-154451\" \/><\/a><p id=\"caption-attachment-154451\" class=\"wp-caption-text\">Em sua segunda edi\u00e7\u00e3o, evento reuniu um grande n\u00famero de jovens no ano passado<\/p><\/div><strong>Orienta\u00e7\u00e3o vocacional, apresenta\u00e7\u00e3o de cursos t\u00e9cnicos e superiores, informa\u00e7\u00f5es sobre bolsas e financiamentos estudantis, divulga\u00e7\u00e3o de processos seletivos, apresenta\u00e7\u00f5es culturais e pra\u00e7a de alimenta\u00e7\u00e3o comp\u00f5em a programa\u00e7\u00e3o da 2\u00aa Feira de Profiss\u00f5es e Cultura do Jardim S\u00e3o Camilo, no s\u00e1bado (26), das 9h \u00e0s 15h, Escola Estadual Prof. Jo\u00e3o Batista Curado.<\/strong><\/p>\n<p><strong><a href=\"https:\/\/jundiai.sp.gov.br\/noticias\/2014\/11\/01\/1a-feira-de-profissoes-agita-o-jardim-sao-camilo\/\" target=\"_blank\">Em sua segunda edi\u00e7\u00e3o<\/a><\/strong>, o evento \u00e9 uma iniciativa da Rede Socializa-A\u00e7\u00e3o, constitu\u00edda por moradores, equipamentos p\u00fablicos e organiza\u00e7\u00f5es socio-assistenciais atuantes no Jardim S\u00e3o Camilo e regi\u00e3o, em parceira com Prefeitura, por meio das <strong>secretarias municipais de Assist\u00eancia e Desenvolvimento Social (Semads), <a href=\"http:\/\/cultura.jundiai.sp.gov.br\/\" target=\"_blank\">Cultura<\/a>, Educa\u00e7\u00e3o, Sa\u00fade, <a href=\"https:\/\/www.facebook.com\/Coordenadoria-da-Juventude-de-Jundia%C3%AD-227034494027268\/timeline\/\" target=\"_blank\">Coordenadoria da Juventude<\/a> e <a href=\"http:\/\/fumas.jundiai.sp.gov.br\/\" target=\"_blank\">Funda\u00e7\u00e3o Municipal de Assist\u00eancia Social (Fumas)<\/a><\/strong>.<\/p>\n<p><strong>LEIA TAMB\u00c9M<br \/>\n<a href=\"https:\/\/jundiai.sp.gov.br\/noticias\/2015\/08\/20\/aumenta-numero-de-interessados-em-participar-do-familia-acolheadora\/\" target=\"_blank\">Aumentam interessados pelo \u2018Fam\u00edlia Acolhedora\u2019<\/a><br \/>\n<a href=\"https:\/\/jundiai.sp.gov.br\/noticias\/2015\/09\/03\/crack-e-possivel-vencer-faz-acao-no-centro-nesta-quinta-3\/\" target=\"_blank\">\u2018Crack, \u00c9 Poss\u00edvel Vencer\u2019 faz a\u00e7\u00e3o no Centro nesta quinta (3)<\/a><br \/>\n<a href=\"https:\/\/jundiai.sp.gov.br\/noticias\/2015\/08\/25\/semana-do-idoso-vai-serrealizada-de-17-a-26-de-setembro\/\" target=\"_blank\">Com a\u00e7\u00f5es nos bairros, Semana do Idoso come\u00e7a na quinta-feira (17)<\/a><\/strong><\/p>\n<p>A atividade, coordenada pelo Centro de Refer\u00eancia de Assist\u00eancia Social (Cras) S\u00e3o Camilo, re\u00fane institui\u00e7\u00f5es de ensino com a proposta de <strong>apresentar oportunidades de ingresso e continuidade dos estudos para alunos e moradores da regi\u00e3o do Jardim S\u00e3o Camilo<\/strong>. Na oportunidade, tamb\u00e9m haver\u00e1 <strong>apresenta\u00e7\u00f5es culturais com artistas da cidade<\/strong>. A \u00e1rea de sa\u00fade vai estar presente com a Unidade B\u00e1sica de Sa\u00fade (UBS) do bairro e Centro de Testagem e Aconselhamento em DST\/AIDS (CTA).<\/p>\n<p>A secret\u00e1ria de Assist\u00eancia e Desenvolvimento Social, Rita de C\u00e1ssia Angarten Marchiori, destaca que <strong>a iniciativa \u00e9 uma oportunidade de encontro, di\u00e1logos e aprendizagem para os jovens e suas fam\u00edlias<\/strong>. \u201cA ideia \u00e9 <strong>proporcionar \u00e0s pessoas momentos de cultura, informa\u00e7\u00e3o qualificada aos jovens e troca de experi\u00eancias com as institui\u00e7\u00f5es, como uma forma privilegiada de se aproximarem dos espa\u00e7os de ensino e cultura de nossa cidade<\/strong>\u201d, salienta a secret\u00e1ria.<\/p>\n<p><div id=\"attachment_154453\" style=\"width: 410px\" class=\"wp-caption alignleft\"><a href=\"https:\/\/jundiai.sp.gov.br\/noticias\/wp-content\/uploads\/sites\/32\/2015\/09\/rita_semadsG.jpg\"><img loading=\"lazy\" decoding=\"async\" aria-describedby=\"caption-attachment-154453\" src=\"https:\/\/jundiai.sp.gov.br\/noticias\/wp-content\/uploads\/sites\/32\/2015\/09\/rita_semadsG-720x566.jpg\" alt=\"Rita, da Semads, diz que a iniciativa promove o di\u00e1logo entre a comunidade e intitui\u00e7\u00f5es de ensino\" width=\"400\" height=\"350\" class=\"size-large wp-image-154453\" \/><\/a><p id=\"caption-attachment-154453\" class=\"wp-caption-text\">Rita, da Semads, diz que a iniciativa promove o di\u00e1logo entre a comunidade e intitui\u00e7\u00f5es de ensino<\/p><\/div>Segundo o orientador social do Cras S\u00e3o Camilo, Diego Meleiro Novaretti, o intuito do evento \u00e9 <strong>promover espa\u00e7o de divulga\u00e7\u00e3o e esclarecimento sobre os diversos cursos t\u00e9cnicos e superiores ofertados, bem como as formas de acess\u00e1-los<\/strong>. \u201cA regi\u00e3o do Jardim S\u00e3o Camilo, historicamente, \u00e9 produto da exclus\u00e3o e descaso social, resultando em \u00e1rea vulnerabilidade social. Compreendemos que as <strong>a\u00e7\u00f5es e trabalhos vinculados \u00e0 educa\u00e7\u00e3o e cultura constituem decisivo passo no desenvolvimento local<\/strong>.\u201d<\/p>\n<p>Confirmaram presen\u00e7a no evento as institui\u00e7\u00f5es: <strong><a href=\"http:\/\/www.esef.br\/\" target=\"_blank\">Escola Superior de Educa\u00e7\u00e3o F\u00edsica de Jundia\u00ed (Esef)<\/a><\/strong>; Faculdade Anhanguera; Faculdade Campo Limpo Paulista (Faccamp); Faculdade Pit\u00e1goras; Fatec Jundia\u00ed; Instituto Federal (IFSP); Centro Universit\u00e1rio Padre Anchieta (UniAnchieta); Universidade S\u00e3o Francisco (USF); Etec Benedito Storani (Col\u00e9gio Agr\u00edcola); Col\u00e9gio Tableau; Universidade Paulista (Unip); Senac Jundia\u00ed; <strong><a href=\"http:\/\/fmj.br\/\" target=\"_blank\">Faculdade de Medicina de Jundia\u00ed (FMJ)<\/a><\/strong>; Banco P\u00e9rola \u2013 Empreendedorismo. Tamb\u00e9m participam a Secretaria de Estado de Educa\u00e7\u00e3o, Gr\u00eamios Estudantis das EE Jo\u00e3o Batista Curado, Jos\u00e9 Silva Jr, Get\u00falio Nogueira de S\u00e1 e Maria Jos\u00e9 Maia de Toledo e alunos bolsistas do Programa Escola da Fam\u00edlia.<\/p>\n<p><strong>A Escola Estadual Prof. Jo\u00e3o Batista Curado fica na rua Distrito Federal, s\/n\u00ba, Jardim Tarum\u00e3.<\/strong><\/p>\n<p><strong><em>Viviane Rodrigues<br \/>\nFotos: Arquivo PMJ<\/em><\/strong><\/p>\n","protected":false},"excerpt":{"rendered":"<p>Orienta\u00e7\u00e3o vocacional, apresenta\u00e7\u00e3o de cursos t\u00e9cnicos e superiores, informa\u00e7\u00f5es sobre bolsas e financiamentos estudantis, divulga\u00e7\u00e3o de processos seletivos, apresenta\u00e7\u00f5es culturais e pra\u00e7a de alimenta\u00e7\u00e3o comp\u00f5em a programa\u00e7\u00e3o da 2\u00aa Feira de Profiss\u00f5es e Cultura do Jardim S\u00e3o Camilo, no s\u00e1bado (26), das 9h \u00e0s 15h, Escola Estadual Prof. Jo\u00e3o Batista Curado. Em sua segunda edi\u00e7\u00e3o, [&hellip;]<\/p>\n","protected":false},"author":14,"featured_media":0,"comment_status":"closed","ping_status":"closed","sticky":false,"template":"","format":"standard","meta":{"footnotes":""},"categories":[2],"tags":[174,29,6,91,378,49,3,73],"ods":[],"class_list":["post-154450","post","type-post","status-publish","format-standard","hentry","category-noticias","tag-coordenadoria-da-juventude","tag-cultura","tag-educacao","tag-escola-superior-de-educacao-fisica-de-jundiai-esef","tag-faculdade-de-medicina-de-jundiai-fmj","tag-fundacao-municipal-de-acao-social-fumas","tag-saude","tag-secretaria-de-assistencia-e-desenvolvimento-social-semads"],"_links":{"self":[{"href":"https:\/\/jundiai.sp.gov.br\/noticias\/wp-json\/wp\/v2\/posts\/154450","targetHints":{"allow":["GET"]}}],"collection":[{"href":"https:\/\/jundiai.sp.gov.br\/noticias\/wp-json\/wp\/v2\/posts"}],"about":[{"href":"https:\/\/jundiai.sp.gov.br\/noticias\/wp-json\/wp\/v2\/types\/post"}],"author":[{"embeddable":true,"href":"https:\/\/jundiai.sp.gov.br\/noticias\/wp-json\/wp\/v2\/users\/14"}],"replies":[{"embeddable":true,"href":"https:\/\/jundiai.sp.gov.br\/noticias\/wp-json\/wp\/v2\/comments?post=154450"}],"version-history":[{"count":8,"href":"https:\/\/jundiai.sp.gov.br\/noticias\/wp-json\/wp\/v2\/posts\/154450\/revisions"}],"predecessor-version":[{"id":154461,"href":"https:\/\/jundiai.sp.gov.br\/noticias\/wp-json\/wp\/v2\/posts\/154450\/revisions\/154461"}],"wp:attachment":[{"href":"https:\/\/jundiai.sp.gov.br\/noticias\/wp-json\/wp\/v2\/media?parent=154450"}],"wp:term":[{"taxonomy":"category","embeddable":true,"href":"https:\/\/jundiai.sp.gov.br\/noticias\/wp-json\/wp\/v2\/categories?post=154450"},{"taxonomy":"post_tag","embeddable":true,"href":"https:\/\/jundiai.sp.gov.br\/noticias\/wp-json\/wp\/v2\/tags?post=154450"},{"taxonomy":"ods","embeddable":true,"href":"https:\/\/jundiai.sp.gov.br\/noticias\/wp-json\/wp\/v2\/ods?post=154450"}],"curies":[{"name":"wp","href":"https:\/\/api.w.org\/{rel}","templated":true}]}}