{"id":154506,"date":"2015-09-11T13:47:51","date_gmt":"2015-09-11T16:47:51","guid":{"rendered":"https:\/\/jundiai.sp.gov.br\/noticias\/?p=154506"},"modified":"2016-11-04T11:37:32","modified_gmt":"2016-11-04T13:37:32","slug":"servicos-publicos-ganham-reforco-de-60-funcionarios-2","status":"publish","type":"post","link":"https:\/\/jundiai.sp.gov.br\/noticias\/2015\/09\/11\/servicos-publicos-ganham-reforco-de-60-funcionarios-2\/","title":{"rendered":"Secretaria de Servi\u00e7os P\u00fablicos ganha refor\u00e7o de 60 funcion\u00e1rios"},"content":{"rendered":"<div id=\"attachment_154508\" style=\"width: 410px\" class=\"wp-caption alignright\"><a href=\"https:\/\/jundiai.sp.gov.br\/noticias\/wp-content\/uploads\/sites\/32\/2015\/09\/Novos-funcionarios-dos-Servicos-Publicos_c_53_G.jpg\"><img loading=\"lazy\" decoding=\"async\" aria-describedby=\"caption-attachment-154508\" src=\"https:\/\/jundiai.sp.gov.br\/noticias\/wp-content\/uploads\/sites\/32\/2015\/09\/Novos-funcionarios-dos-Servicos-Publicos_c_53_G.jpg\" alt=\"Prefeito d\u00e1 boas-vindas aos profissionais\" width=\"400\" height=\"400\" class=\"size-full wp-image-154508\" \/><\/a><p id=\"caption-attachment-154508\" class=\"wp-caption-text\">Prefeito d\u00e1 boas-vindas aos profissionais<\/p><\/div>\n<p><strong>O prefeito Pedro Bigardi e o secret\u00e1rio de Servi\u00e7os P\u00fablicos Aguinaldo Leite deram boas-vindas aos 60 novos funcion\u00e1rios terceirizados que trabalhar\u00e3o para a pasta, na Unidade de Desenvolvimento Ambiental (Unidam), na manh\u00e3 desta sexta-feira (11).<\/strong><\/p>\n<p><strong>Os profissionais da empresa de empreendimentos e gerenciamento HESE atuar\u00e3o na m\u00e3o de obra civil, divididos nos setores: Unidades de Servi\u00e7os (Centro, Norte, Sul, Leste e Oeste), Terraplenagem, Ilumina\u00e7\u00e3o P\u00fablica, Parques e Jardins, Pavimentos e Galerias de \u00c1guas Pluviais, Limpeza P\u00fablica, Geresol (Gerenciamento de Res\u00edduos S\u00f3lidos), entre outros.<\/strong><\/p>\n<p>\u201cO ritmo de gera\u00e7\u00e3o de empregos est\u00e1 acelerado na cidade, com a contrata\u00e7\u00e3o de novos profissionais e a vinda de grandes empresas para o munic\u00edpio. Desejo que se sintam parte da nossa equipe de Servi\u00e7os P\u00fablicos e n\u00e3o apenas funcion\u00e1rios terceirizados\u201d, comemorou o prefeito.<\/p>\n<p><strong>LEIA TAMB\u00c9M<br \/>\n<a href=\"https:\/\/jundiai.sp.gov.br\/noticias\/2015\/09\/09\/acao-rapida-da-prefeitura-ameniza-transtornos-apos-temporal\/\" target=\"_blank\">A\u00e7\u00e3o da Prefeitura ameniza transtornos ap\u00f3s temporal<\/a><br \/>\n<a href=\"https:\/\/jundiai.sp.gov.br\/noticias\/2015\/09\/09\/feira-de-organicos-chega-ao-jardim-botanico-neste-sabado-12\/\" target=\"_blank\">Feira de Org\u00e2nicos chega ao Jardim Bot\u00e2nico neste s\u00e1bado (12)<\/a><\/strong><\/p>\n<p>O secret\u00e1rio apresentou os diretores da pasta e afirmou que as demandas di\u00e1rias de conserva\u00e7\u00e3o da cidade necessitavam de maior m\u00e3o de obra.<\/p>\n<p>\u201cAl\u00e9m das a\u00e7\u00f5es de Servi\u00e7os P\u00fablicos <strong>eles estar\u00e3o \u00e0 disposi\u00e7\u00e3o de outras secretarias<\/strong>. A revitaliza\u00e7\u00e3o e manuten\u00e7\u00e3o de pra\u00e7as, vias urbanas, jardins, ilumina\u00e7\u00e3o, entre outras atribui\u00e7\u00f5es, ser\u00e3o passadas \u00e0 empresa\u201d, explicou Aguinaldo Leite.<\/p>\n<div id=\"attachment_154507\" style=\"width: 730px\" class=\"wp-caption aligncenter\"><a href=\"https:\/\/jundiai.sp.gov.br\/noticias\/wp-content\/uploads\/sites\/32\/2015\/09\/Novos-funcionarios-dos-Servicos-Publicos_c_5_G.jpg\"><img loading=\"lazy\" decoding=\"async\" aria-describedby=\"caption-attachment-154507\" src=\"https:\/\/jundiai.sp.gov.br\/noticias\/wp-content\/uploads\/sites\/32\/2015\/09\/Novos-funcionarios-dos-Servicos-Publicos_c_5_G.jpg\" alt=\"Cerca de 60 funcion\u00e1rios auxiliar\u00e3o a\u00e7\u00f5es de Servi\u00e7os P\u00fablicos\" width=\"720\" height=\"513\" class=\"size-full wp-image-154507\" \/><\/a><p id=\"caption-attachment-154507\" class=\"wp-caption-text\">Cerca de 60 funcion\u00e1rios auxiliar\u00e3o a\u00e7\u00f5es de Servi\u00e7os P\u00fablicos<\/p><\/div>\n<p><em><strong>Luiza Ronchi<br \/>\nFotos: Cleber de Almeida<\/strong><\/em><\/p>\n","protected":false},"excerpt":{"rendered":"<p>Os profissionais  atuar\u00e3o na m\u00e3o de obra civil, divididos em diversos setores. Al\u00e9m disso, estar\u00e3o \u00e0 disposi\u00e7\u00e3o de outras pastas<\/p>\n","protected":false},"author":21,"featured_media":154524,"comment_status":"closed","ping_status":"closed","sticky":false,"template":"","format":"standard","meta":{"footnotes":""},"categories":[2],"tags":[341,742],"ods":[],"class_list":["post-154506","post","type-post","status-publish","format-standard","has-post-thumbnail","hentry","category-noticias","tag-servicos-publicos","tag-unidade-de-desenvolvimento-ambiental-unidam"],"_links":{"self":[{"href":"https:\/\/jundiai.sp.gov.br\/noticias\/wp-json\/wp\/v2\/posts\/154506","targetHints":{"allow":["GET"]}}],"collection":[{"href":"https:\/\/jundiai.sp.gov.br\/noticias\/wp-json\/wp\/v2\/posts"}],"about":[{"href":"https:\/\/jundiai.sp.gov.br\/noticias\/wp-json\/wp\/v2\/types\/post"}],"author":[{"embeddable":true,"href":"https:\/\/jundiai.sp.gov.br\/noticias\/wp-json\/wp\/v2\/users\/21"}],"replies":[{"embeddable":true,"href":"https:\/\/jundiai.sp.gov.br\/noticias\/wp-json\/wp\/v2\/comments?post=154506"}],"version-history":[{"count":8,"href":"https:\/\/jundiai.sp.gov.br\/noticias\/wp-json\/wp\/v2\/posts\/154506\/revisions"}],"predecessor-version":[{"id":154528,"href":"https:\/\/jundiai.sp.gov.br\/noticias\/wp-json\/wp\/v2\/posts\/154506\/revisions\/154528"}],"wp:featuredmedia":[{"embeddable":true,"href":"https:\/\/jundiai.sp.gov.br\/noticias\/wp-json\/wp\/v2\/media\/154524"}],"wp:attachment":[{"href":"https:\/\/jundiai.sp.gov.br\/noticias\/wp-json\/wp\/v2\/media?parent=154506"}],"wp:term":[{"taxonomy":"category","embeddable":true,"href":"https:\/\/jundiai.sp.gov.br\/noticias\/wp-json\/wp\/v2\/categories?post=154506"},{"taxonomy":"post_tag","embeddable":true,"href":"https:\/\/jundiai.sp.gov.br\/noticias\/wp-json\/wp\/v2\/tags?post=154506"},{"taxonomy":"ods","embeddable":true,"href":"https:\/\/jundiai.sp.gov.br\/noticias\/wp-json\/wp\/v2\/ods?post=154506"}],"curies":[{"name":"wp","href":"https:\/\/api.w.org\/{rel}","templated":true}]}}