{"id":154577,"date":"2015-09-11T17:33:04","date_gmt":"2015-09-11T20:33:04","guid":{"rendered":"https:\/\/jundiai.sp.gov.br\/noticias\/?p=154577"},"modified":"2020-11-05T09:38:32","modified_gmt":"2020-11-05T12:38:32","slug":"jundiai-e-tema-de-congresso-de-informatica-na-bahia","status":"publish","type":"post","link":"https:\/\/jundiai.sp.gov.br\/noticias\/2015\/09\/11\/jundiai-e-tema-de-congresso-de-informatica-na-bahia\/","title":{"rendered":"Jundia\u00ed \u00e9 tema de congresso de inform\u00e1tica na Bahia"},"content":{"rendered":"<div id=\"attachment_154578\" style=\"width: 410px\" class=\"wp-caption alignleft\"><a href=\"https:\/\/jundiai.sp.gov.br\/noticias\/wp-content\/uploads\/sites\/32\/2015\/09\/gilberto_cijun_D16g.jpg\"><img loading=\"lazy\" decoding=\"async\" aria-describedby=\"caption-attachment-154578\" class=\"size-large wp-image-154578\" src=\"https:\/\/jundiai.sp.gov.br\/noticias\/wp-content\/uploads\/sites\/32\/2015\/09\/gilberto_cijun_D16g-720x544.jpg\" alt=\"Gilberto: sabemos que podemos influenciar outras cidades a seguir o exemplo de Jundia\u00ed\" width=\"400\" height=\"350\" \/><\/a><p id=\"caption-attachment-154578\" class=\"wp-caption-text\">Gilberto: sabemos que podemos influenciar outras cidades a seguir o exemplo de Jundia\u00ed<\/p><\/div>\n<p><strong>O diretor-presidente da <a href=\"http:\/\/www.cijun.sp.gov.br\/\" target=\"_blank\" rel=\"noopener noreferrer\">Companhia de Inform\u00e1tica de Jundia\u00ed (Cijun)<\/a>, Gilberto Novaes, participou do Congresso de Inform\u00e1tica e Telecomunica\u00e7\u00f5es (Sucesu 2015), em Salvador (BA).<\/strong><\/p>\n<p>Convidado pelo professor Tadao Takahashi, que foi o mentor e coordenador geral da implanta\u00e7\u00e3o da internet no Brasil e, posteriormente, do Programa Sociedade da Informa\u00e7\u00e3o no Pa\u00eds e atualmente \u00e9 diretor geral do projeto BSB100, que estuda o futuro de Bras\u00edlia como Cidade Inteligente Humanizada, <strong>Gilberto ministrou a palestra com o tema: \u201cCuidar da Cidade \u00e9 Cuidar das Pessoas\u201d, no painel Tecnologias para Cidades Humanizadas Inteligentes e Sustent\u00e1veis (CHIS) sobre tecnologias aplicadas a \u00e1reas cr\u00edticas de gest\u00e3o de cidades em geral no Brasil.<\/strong><\/p>\n<p><strong>LEIA TAMB\u00c9M<br \/>\n<\/strong><a href=\"https:\/\/jundiai.sp.gov.br\/noticias\/2015\/09\/08\/conselho-da-serra-do-japi-inicia-nova-fase\/\" target=\"_blank\" rel=\"noopener noreferrer\">Conselho da Serra do Japi inicia nova fase<\/a><br \/>\n<a href=\"https:\/\/jundiai.sp.gov.br\/noticias\/2015\/09\/11\/confira-as-vagas-do-pat-da-semana-desta-segunda-feira-14\/\" target=\"_blank\" rel=\"noopener noreferrer\">Confira as vagas do PAT Jundia\u00ed da semana desta segunda-feira (14)<\/a><br \/>\n<a href=\"https:\/\/jundiai.sp.gov.br\/noticias\/2015\/09\/03\/parque-tecnologico-vai-abrigar-polo-de-producao-de-documentarios\/\" target=\"_blank\" rel=\"noopener noreferrer\">Parque Tecnol\u00f3gico vai abrigar polo de produ\u00e7\u00e3o de document\u00e1rios<\/a><\/p>\n<p>\u201cO convite veio depois de uma conversa que tivemos sobre cidades inteligentes, no qual falamos sobre o que vem sendo feito em Jundia\u00ed nesse sentido, com a ado\u00e7\u00e3o de software livres, cria\u00e7\u00e3o de sistemas que facilitam e melhoram a vida do cidad\u00e3o jundiaiense, <a href=\"https:\/\/jundiai.sp.gov.br\/noticias\/2015\/06\/26\/com-sistema-eletronico-jundiai-ganha-pioneirismo-nacional\/\" target=\"_blank\" rel=\"noopener noreferrer\">sistemas que visam desburocratizar e reduzir o tempo que se leva para tramitar processos no mundo p\u00fablico<\/a>, al\u00e9m de fazer o processo ser mais transparente para todos\u201d, explica o diretor-presidente.<\/p>\n<p>Gilberto ainda complementa: \u201cSolu\u00e7\u00f5es para otimizar e, principalmente, baratear gastos com comunica\u00e7\u00e3o; projetos de inclus\u00e3o social com telecentros e <a href=\"https:\/\/jundiai.sp.gov.br\/noticias\/2015\/07\/01\/jogos-regionais-wi-fi-no-bolao-e-parque-da-uva-vai-ficar-como-legado\/\" target=\"_blank\" rel=\"noopener noreferrer\">wi-fi p\u00fablico de alta densidade<\/a>; sistemas na \u00e1rea de seguran\u00e7a p\u00fablico, como o <a href=\"https:\/\/jundiai.sp.gov.br\/noticias\/2015\/09\/03\/jundiai-cria-cadastro-para-encontrar-pessoas-desaparecidas\/\" target=\"_blank\" rel=\"noopener noreferrer\">Cadastro de Identifica\u00e7\u00e3o Criminal<\/a>, que foi idealizado pela Guarda Municipal e desenvolvido pela Cijun, al\u00e9m do sistema de monitoramento que foi destaque nacional em programa de televis\u00e3o\u201d, diz.<\/p>\n<p>Divulgando as <strong>a\u00e7\u00f5es que fazem parte das metas do governo municipal<\/strong>, Gilberto explica a import\u00e2ncia em participar do evento. \u201cPoder mostrar um pouco do que estamos fazendo para CHIS foi uma enorme <strong>honra e responsabilidade<\/strong>, pois podemos influenciar outras cidades a seguirem nossos exemplos. E, claro, j\u00e1 resultou em <strong>convites de coopera\u00e7\u00e3o m\u00fatua com outros munic\u00edpios<\/strong>\u201d, conclui.<\/p>\n<div id=\"attachment_154580\" style=\"width: 730px\" class=\"wp-caption aligncenter\"><a href=\"https:\/\/jundiai.sp.gov.br\/noticias\/wp-content\/uploads\/sites\/32\/2015\/09\/congresso_G.jpg\"><img loading=\"lazy\" decoding=\"async\" aria-describedby=\"caption-attachment-154580\" class=\"size-large wp-image-154580\" src=\"https:\/\/jundiai.sp.gov.br\/noticias\/wp-content\/uploads\/sites\/32\/2015\/09\/congresso_G-720x405.jpg\" alt=\"O evento \u00e9 refer\u00eancia na \u00e1rea de Tecnologia da Informa\u00e7\u00e3o e Comunica\u00e7\u00e3o\" width=\"720\" height=\"405\" srcset=\"https:\/\/jundiai.sp.gov.br\/noticias\/wp-content\/uploads\/sites\/32\/2015\/09\/congresso_G-720x405.jpg 720w, https:\/\/jundiai.sp.gov.br\/noticias\/wp-content\/uploads\/sites\/32\/2015\/09\/congresso_G-300x168.jpg 300w, https:\/\/jundiai.sp.gov.br\/noticias\/wp-content\/uploads\/sites\/32\/2015\/09\/congresso_G.jpg 1240w\" sizes=\"auto, (max-width: 720px) 100vw, 720px\" \/><\/a><p id=\"caption-attachment-154580\" class=\"wp-caption-text\">O evento \u00e9 refer\u00eancia na \u00e1rea de Tecnologia da Informa\u00e7\u00e3o e Comunica\u00e7\u00e3o<\/p><\/div>\n<p><strong><em>Isabela Silva<br \/>\nFotos: Fot\u00f3grafos PMJ e Divulga\u00e7\u00e3o<\/em><\/strong><\/p>\n","protected":false},"excerpt":{"rendered":"<p>O diretor-presidente da Companhia de Inform\u00e1tica de Jundia\u00ed (Cijun), Gilberto Novaes, participou do Congresso de Inform\u00e1tica e Telecomunica\u00e7\u00f5es (Sucesu 2015), em Salvador (BA). Convidado pelo professor Tadao Takahashi, que foi o mentor e coordenador geral da implanta\u00e7\u00e3o da internet no Brasil e, posteriormente, do Programa Sociedade da Informa\u00e7\u00e3o no Pa\u00eds e atualmente \u00e9 diretor geral [&hellip;]<\/p>\n","protected":false},"author":14,"featured_media":0,"comment_status":"closed","ping_status":"closed","sticky":false,"template":"","format":"standard","meta":{"footnotes":""},"categories":[2],"tags":[235],"ods":[],"class_list":["post-154577","post","type-post","status-publish","format-standard","hentry","category-noticias","tag-companhia-de-informatica-de-jundiai-cijun"],"_links":{"self":[{"href":"https:\/\/jundiai.sp.gov.br\/noticias\/wp-json\/wp\/v2\/posts\/154577","targetHints":{"allow":["GET"]}}],"collection":[{"href":"https:\/\/jundiai.sp.gov.br\/noticias\/wp-json\/wp\/v2\/posts"}],"about":[{"href":"https:\/\/jundiai.sp.gov.br\/noticias\/wp-json\/wp\/v2\/types\/post"}],"author":[{"embeddable":true,"href":"https:\/\/jundiai.sp.gov.br\/noticias\/wp-json\/wp\/v2\/users\/14"}],"replies":[{"embeddable":true,"href":"https:\/\/jundiai.sp.gov.br\/noticias\/wp-json\/wp\/v2\/comments?post=154577"}],"version-history":[{"count":10,"href":"https:\/\/jundiai.sp.gov.br\/noticias\/wp-json\/wp\/v2\/posts\/154577\/revisions"}],"predecessor-version":[{"id":257616,"href":"https:\/\/jundiai.sp.gov.br\/noticias\/wp-json\/wp\/v2\/posts\/154577\/revisions\/257616"}],"wp:attachment":[{"href":"https:\/\/jundiai.sp.gov.br\/noticias\/wp-json\/wp\/v2\/media?parent=154577"}],"wp:term":[{"taxonomy":"category","embeddable":true,"href":"https:\/\/jundiai.sp.gov.br\/noticias\/wp-json\/wp\/v2\/categories?post=154577"},{"taxonomy":"post_tag","embeddable":true,"href":"https:\/\/jundiai.sp.gov.br\/noticias\/wp-json\/wp\/v2\/tags?post=154577"},{"taxonomy":"ods","embeddable":true,"href":"https:\/\/jundiai.sp.gov.br\/noticias\/wp-json\/wp\/v2\/ods?post=154577"}],"curies":[{"name":"wp","href":"https:\/\/api.w.org\/{rel}","templated":true}]}}