{"id":154707,"date":"2015-09-14T17:14:28","date_gmt":"2015-09-14T20:14:28","guid":{"rendered":"https:\/\/jundiai.sp.gov.br\/noticias\/?p=154707"},"modified":"2016-11-04T11:37:35","modified_gmt":"2016-11-04T13:37:35","slug":"peama-recebe-homenagem-por-participacao-no-parapan-de-toronto","status":"publish","type":"post","link":"https:\/\/jundiai.sp.gov.br\/noticias\/2015\/09\/14\/peama-recebe-homenagem-por-participacao-no-parapan-de-toronto\/","title":{"rendered":"Peama recebe homenagem por participa\u00e7\u00e3o no Parapan de Toronto"},"content":{"rendered":"<p><div id=\"attachment_154708\" style=\"width: 410px\" class=\"wp-caption alignright\"><a href=\"https:\/\/jundiai.sp.gov.br\/noticias\/wp-content\/uploads\/sites\/32\/2015\/09\/peama2g.jpg\"><img loading=\"lazy\" decoding=\"async\" aria-describedby=\"caption-attachment-154708\" src=\"https:\/\/jundiai.sp.gov.br\/noticias\/wp-content\/uploads\/sites\/32\/2015\/09\/peama2g-720x558.jpg\" alt=\"Governador Geraldo Alckmin faz homenagem ao t\u00e9cnico de Jundia\u00ed Alessandro Tosin\" width=\"400\" height=\"350\" class=\"size-large wp-image-154708\" \/><\/a><p id=\"caption-attachment-154708\" class=\"wp-caption-text\">Governador Geraldo Alckmin faz homenagem ao t\u00e9cnico de Jundia\u00ed Alessandro Tosin<\/p><\/div><strong>O governo do Estado de S\u00e3o Paulo fez uma homenagem ao t\u00e9cnico de Jundia\u00ed, Alessandro Tosin, que integra a equipe do Programa de Esporte e Atividades Motoras Adaptada (Peama) de Jundia\u00ed, pela <a href=\"https:\/\/jundiai.sp.gov.br\/noticias\/2015\/08\/20\/secretario-de-esportes-e-lazer-elogia-tecnico-campeao-do-pan-de-goalball\/\" target=\"_blank\">conquista da medalha de ouro no Parapan na modalidade de Goalball<\/a>. A medalha foi entregue pelo pr\u00f3prio governador Geraldo Alckmin.<\/strong><\/p>\n<p>&#8220;\u00c9 motivo de <strong>orgulho, pelo reconhecimento do bom trabalho que desempenhamos<\/strong>. Agrade\u00e7o a todos que acreditam e nos apoiam&#8221;, declara o t\u00e9cnico Alessandro Tosin.<\/p>\n<p>O Peama recebeu a homenagem com a concess\u00e3o da <strong>Medalha de M\u00e9rito Esportivo<\/strong>, dada a todos os integrantes da equipe brasileira que s\u00e3o associados ao estado de S\u00e3o Paulo e participaram dos Jogos Parapanamericanos de Toronto 2015.<\/p>\n<p><strong>LEIA TAMB\u00c9M<br \/>\n<a href=\"https:\/\/jundiai.sp.gov.br\/noticias\/2015\/09\/14\/futebol-solidario-arrecada-leite-para-o-fundo-social\/\" target=\"_blank\">\u2018Futebol Solid\u00e1rio\u2019 arrecada leite para o Fundo Social<\/a><br \/>\n<a href=\"https:\/\/jundiai.sp.gov.br\/noticias\/2015\/09\/14\/handebol-feminino-encara-sao-jose-pelo-super-paulistao\/\" target=\"_blank\">Handebol feminino encara S\u00e3o Jos\u00e9 pelo Super Paulist\u00e3o<\/a><br \/>\n<a href=\"https:\/\/jundiai.sp.gov.br\/noticias\/2015\/09\/14\/ginastica-artistica-consegue-bons-resultados-em-paulinia\/\" target=\"_blank\">Gin\u00e1stica art\u00edstica consegue bons resultados em Paul\u00ednia<\/a><br \/>\n<a href=\"https:\/\/jundiai.sp.gov.br\/noticias\/2015\/09\/14\/professor-helio-maffia-recebe-homenagem-em-campeonato-de-futebol\/\" target=\"_blank\">Professor H\u00e9lio Maffia recebe homenagem em campeonato de futebol<\/a><\/strong><\/p>\n<p>Al\u00e9m de Alessandro,<strong> o fisioterapeuta Rafael Lost tamb\u00e9m foi premiado. Todos os envolvidos que colaboraram com o Parapan foram homenageados<\/strong>.<\/p>\n<p><div id=\"attachment_154710\" style=\"width: 410px\" class=\"wp-caption alignleft\"><a href=\"https:\/\/jundiai.sp.gov.br\/noticias\/wp-content\/uploads\/sites\/32\/2015\/09\/peama1g.jpg\"><img loading=\"lazy\" decoding=\"async\" aria-describedby=\"caption-attachment-154710\" src=\"https:\/\/jundiai.sp.gov.br\/noticias\/wp-content\/uploads\/sites\/32\/2015\/09\/peama1g-720x405.jpg\" alt=\"Equipe que correu os 6 quil\u00f4metros em Louveira\" width=\"400\" height=\"350\" class=\"size-large wp-image-154710\" \/><\/a><p id=\"caption-attachment-154710\" class=\"wp-caption-text\">Equipe que correu os 6 quil\u00f4metros em Louveira<\/p><\/div>Na ocasi\u00e3o, houve um passeio pelas obras do <strong>Centro Nacional de Treinamento Paral\u00edmpico<\/strong>, previsto para inaugurar em novembro.<\/p>\n<p><strong>Peama na 6\u00aa Corrida P&#038;G<\/strong><br \/>\nNem o frio atrapalhou o entusiasmo da equipe do Peama, que participou da 6\u00aa Corrida P&#038;G, em Louveira, nesse domingo (13). O percurso foi de <strong>6 quil\u00f4metros<\/strong> e equipe foi conduzida pela professora Romilda Roncoletta, com apoio de volunt\u00e1rios.\n<\/p>\n<p style=\"text-align: justify;\">&nbsp;<\/p>\n<p><strong><em>Assessoria de Imprensa<br \/>\nFotos: Divulga\u00e7\u00e3o<\/em><\/strong><\/p>\n","protected":false},"excerpt":{"rendered":"<p>MAIS ESPORTES: Professor H\u00e9lio Maffia recebe homenagem da Prefeitura em abertura de campeonato de futebol nesse s\u00e1bado (12)<\/p>\n","protected":false},"author":14,"featured_media":154716,"comment_status":"closed","ping_status":"closed","sticky":false,"template":"","format":"standard","meta":{"footnotes":""},"categories":[2],"tags":[35,135,96],"ods":[],"class_list":["post-154707","post","type-post","status-publish","format-standard","has-post-thumbnail","hentry","category-noticias","tag-esporte-e-lazer","tag-goalball","tag-programa-de-esportes-e-atividades-motoras-adaptadas-peama"],"_links":{"self":[{"href":"https:\/\/jundiai.sp.gov.br\/noticias\/wp-json\/wp\/v2\/posts\/154707","targetHints":{"allow":["GET"]}}],"collection":[{"href":"https:\/\/jundiai.sp.gov.br\/noticias\/wp-json\/wp\/v2\/posts"}],"about":[{"href":"https:\/\/jundiai.sp.gov.br\/noticias\/wp-json\/wp\/v2\/types\/post"}],"author":[{"embeddable":true,"href":"https:\/\/jundiai.sp.gov.br\/noticias\/wp-json\/wp\/v2\/users\/14"}],"replies":[{"embeddable":true,"href":"https:\/\/jundiai.sp.gov.br\/noticias\/wp-json\/wp\/v2\/comments?post=154707"}],"version-history":[{"count":12,"href":"https:\/\/jundiai.sp.gov.br\/noticias\/wp-json\/wp\/v2\/posts\/154707\/revisions"}],"predecessor-version":[{"id":154758,"href":"https:\/\/jundiai.sp.gov.br\/noticias\/wp-json\/wp\/v2\/posts\/154707\/revisions\/154758"}],"wp:featuredmedia":[{"embeddable":true,"href":"https:\/\/jundiai.sp.gov.br\/noticias\/wp-json\/wp\/v2\/media\/154716"}],"wp:attachment":[{"href":"https:\/\/jundiai.sp.gov.br\/noticias\/wp-json\/wp\/v2\/media?parent=154707"}],"wp:term":[{"taxonomy":"category","embeddable":true,"href":"https:\/\/jundiai.sp.gov.br\/noticias\/wp-json\/wp\/v2\/categories?post=154707"},{"taxonomy":"post_tag","embeddable":true,"href":"https:\/\/jundiai.sp.gov.br\/noticias\/wp-json\/wp\/v2\/tags?post=154707"},{"taxonomy":"ods","embeddable":true,"href":"https:\/\/jundiai.sp.gov.br\/noticias\/wp-json\/wp\/v2\/ods?post=154707"}],"curies":[{"name":"wp","href":"https:\/\/api.w.org\/{rel}","templated":true}]}}