{"id":154969,"date":"2015-09-16T14:39:29","date_gmt":"2015-09-16T17:39:29","guid":{"rendered":"https:\/\/jundiai.sp.gov.br\/noticias\/?p=154969"},"modified":"2016-11-04T11:44:46","modified_gmt":"2016-11-04T13:44:46","slug":"cobema-melhora-estrutura-e-estimula-adocao-de-animais","status":"publish","type":"post","link":"https:\/\/jundiai.sp.gov.br\/noticias\/2015\/09\/16\/cobema-melhora-estrutura-e-estimula-adocao-de-animais\/","title":{"rendered":"Cobema melhora estrutura e estimula ado\u00e7\u00e3o de animais"},"content":{"rendered":"<p><strong>O trabalho de melhorias estruturais da Coordenadoria de Bem Estar Animal (Cobema), que busca refor\u00e7ar a mensagem sobre a posse respons\u00e1vel em Jundia\u00ed, continua com as novas \u201ccasinhas\u201d que est\u00e3o sendo montadas para c\u00e3es e gatos e tamb\u00e9m com o est\u00edmulo para a ado\u00e7\u00e3o consciente de animais dispon\u00edveis no servi\u00e7o ou com as entidades e protetores. E mais um mutir\u00e3o de castra\u00e7\u00e3o est\u00e1 sendo organizado para 26 de setembro no vetor oeste.<br \/>\n<\/strong><br \/>\n\u201c\u00c9 um trabalho cont\u00ednuo, que precisa ser realizado e n\u00e3o tinha condi\u00e7\u00f5es\u201d, explica a secret\u00e1ria de Planejamento e Meio Ambiente, Daniela da C\u00e2mara Sutti.<\/p>\n<p><strong>LEIA TAMB\u00c9M<br \/>\n<a href=\"https:\/\/jundiai.sp.gov.br\/noticias\/2015\/09\/15\/plano-diretor-abre-inscricoes-previas-para-o-2o-forum\/\" target=\"_blank\">Plano Diretor abre inscri\u00e7\u00f5es pr\u00e9vias para o 2\u00ba F\u00f3rum<\/a><br \/>\n<a href=\"https:\/\/jundiai.sp.gov.br\/noticias\/2015\/09\/16\/arte-no-escadao-valoriza-paisagem-urbana-do-graffiti\/\" target=\"_blank\">Arte no \u2018Escad\u00e3o\u2019 valoriza paisagem urbana do graffiti<\/a><br \/>\n<a href=\"https:\/\/jundiai.sp.gov.br\/noticias\/2015\/09\/16\/jundiai-participa-com-plantio-da-hora-verde-no-domingo-20\/\" target=\"_blank\">Jundia\u00ed participa com plantio da \u2018Hora Verde\u2019 neste domingo (20)<\/a><\/strong><\/p>\n<div id=\"attachment_154974\" style=\"width: 730px\" class=\"wp-caption aligncenter\"><a href=\"https:\/\/jundiai.sp.gov.br\/noticias\/wp-content\/uploads\/sites\/32\/2015\/09\/cobema_adocao_P39G.jpg\"><img loading=\"lazy\" decoding=\"async\" aria-describedby=\"caption-attachment-154974\" src=\"https:\/\/jundiai.sp.gov.br\/noticias\/wp-content\/uploads\/sites\/32\/2015\/09\/cobema_adocao_P39G.jpg\" alt=\"A ado\u00e7\u00e3o consciente \u00e9 um dos mecanismos do servi\u00e7o\" width=\"720\" height=\"513\" class=\"size-full wp-image-154974\" \/><\/a><p id=\"caption-attachment-154974\" class=\"wp-caption-text\">A ado\u00e7\u00e3o consciente \u00e9 um dos mecanismos do servi\u00e7o<\/p><\/div>\n<p>Na quarta-feira (16), a sede da Cobema recebeu a visita do casal Rodrigo e Fl\u00e1via, al\u00e9m do filho Lorenzo, que buscavam uma companheira de brincadeiras para o cachorro que j\u00e1 possuem e acabaram escolhendo uma f\u00eamea de porte pequeno para acostumar-se ao menino de 4 anos. Mesmo aprovados, ainda haver\u00e1 uma visita t\u00e9cnica antes de receberem o animal devidamente vacinado, vermifugado, castrado e microchipado.<\/p>\n<p>O t\u00e9cnico Cosmem Santos explicou a eles que a ado\u00e7\u00e3o consciente envolve a an\u00e1lise das condi\u00e7\u00f5es do local para evitar o risco de um futuro abandono.<\/p>\n<p><strong>Em outro lado do servi\u00e7o, o agente operacional Paulo Ferreira dos Santos atua na montagem gradual de casinhas para c\u00e3es e gatos. Foram viabilizados 200 kits para novas casinhas ou substitui\u00e7\u00f5es de antigas.<\/strong><\/p>\n<p><strong>As visitas para ado\u00e7\u00e3o podem ser feitas de segunda \u00e0 sexta-feira, das 10h \u00e0s 12h e das 13h \u00e0s 16h.<br \/>\n<\/strong><br \/>\n<strong>Atendimento cl\u00ednico<\/strong><br \/>\nOs trabalhos de exames e atendimentos permitidos pelo \u201cvet cont\u00eainer\u201d (um espa\u00e7o m\u00f3vel adaptado para esses procedimentos) s\u00e3o orientados pelo decreto 25.639, da Prefeitura de Jundia\u00ed, para as entidades de defesa animal que atuem h\u00e1 mais de seis meses no munic\u00edpio e tenham reconhecimento de utilidade p\u00fablica. Tamb\u00e9m para os indiv\u00edduos que desenvolvam atividades de prote\u00e7\u00e3o de animais. E finalmente para moradores de baixa renda cadastrados em programas sociais do munic\u00edpio (como na Semads e na Fumas).<\/p>\n<p><strong>Nesses casos, o atendimento da unidade de sa\u00fade animal \u00e9 realizado de segunda-feira \u00e0 sexta-feira, das 9h \u00e0s 12h. No caso de cirurgias, inclusive em castra\u00e7\u00f5es pr\u00e9-agendadas na fila de espera, a libera\u00e7\u00e3o dos animais \u00e9 feita \u00e0s 15h30.<\/strong><\/p>\n<div id=\"attachment_154975\" style=\"width: 410px\" class=\"wp-caption alignright\"><a href=\"https:\/\/jundiai.sp.gov.br\/noticias\/wp-content\/uploads\/sites\/32\/2015\/09\/cobema_novas_casinhas_P13G.jpg\"><img loading=\"lazy\" decoding=\"async\" aria-describedby=\"caption-attachment-154975\" src=\"https:\/\/jundiai.sp.gov.br\/noticias\/wp-content\/uploads\/sites\/32\/2015\/09\/cobema_novas_casinhas_P13G.jpg\" alt=\"O cachorro chamado In\u00e1cio aprovou as novas casinhas\" width=\"400\" height=\"400\" class=\"size-full wp-image-154975\" \/><\/a><p id=\"caption-attachment-154975\" class=\"wp-caption-text\">O cachorro chamado In\u00e1cio aprovou as novas casinhas<\/p><\/div>\n<p><strong>Mutir\u00e3o nos bairros<\/strong><br \/>\nDe acordo com o m\u00e9dico veterin\u00e1rio Jonathann Franca Ribeiro, coordenador do servi\u00e7o, <strong>a data do pr\u00f3ximo mutir\u00e3o descentralizado de castra\u00e7\u00e3o est\u00e1 definido para s\u00e1bado (26), no bairro do Novo Horizonte (Varj\u00e3o). O local das inscri\u00e7\u00f5es pr\u00e9vias de moradores e do pr\u00f3prio mutir\u00e3o ser\u00e3o divulgados nos pr\u00f3ximos dias.<\/strong><\/p>\n<p>O trabalho de fiscaliza\u00e7\u00e3o contra maus tratos a animais, tamb\u00e9m realizado pela Cobema, indica a necessidade da comunidade se mobilizar na campanha pela posse respons\u00e1vel de animais e contra o crime representado pelos diversos tipos de abandono de c\u00e3es e gatos.<\/p>\n<p><em><strong>Jos\u00e9 Arnaldo de Oliveira<br \/>\nFotos: Paulo Gr\u00e9gio<\/strong><\/em><\/p>\n","protected":false},"excerpt":{"rendered":"<p>LEIA TAMB\u00c9M: inscri\u00e7\u00f5es para o 2\u00ba F\u00f3rum do Plano Diretor Participativo, no s\u00e1bado, dia 3 de outubro, est\u00e3o abertas<\/p>\n","protected":false},"author":21,"featured_media":154984,"comment_status":"closed","ping_status":"closed","sticky":false,"template":"","format":"standard","meta":{"footnotes":""},"categories":[2],"tags":[617,32],"ods":[],"class_list":["post-154969","post","type-post","status-publish","format-standard","has-post-thumbnail","hentry","category-noticias","tag-coordenadoria-de-bem-estar-animal-cobema","tag-planejamento-e-meio-ambiente"],"_links":{"self":[{"href":"https:\/\/jundiai.sp.gov.br\/noticias\/wp-json\/wp\/v2\/posts\/154969","targetHints":{"allow":["GET"]}}],"collection":[{"href":"https:\/\/jundiai.sp.gov.br\/noticias\/wp-json\/wp\/v2\/posts"}],"about":[{"href":"https:\/\/jundiai.sp.gov.br\/noticias\/wp-json\/wp\/v2\/types\/post"}],"author":[{"embeddable":true,"href":"https:\/\/jundiai.sp.gov.br\/noticias\/wp-json\/wp\/v2\/users\/21"}],"replies":[{"embeddable":true,"href":"https:\/\/jundiai.sp.gov.br\/noticias\/wp-json\/wp\/v2\/comments?post=154969"}],"version-history":[{"count":8,"href":"https:\/\/jundiai.sp.gov.br\/noticias\/wp-json\/wp\/v2\/posts\/154969\/revisions"}],"predecessor-version":[{"id":188120,"href":"https:\/\/jundiai.sp.gov.br\/noticias\/wp-json\/wp\/v2\/posts\/154969\/revisions\/188120"}],"wp:featuredmedia":[{"embeddable":true,"href":"https:\/\/jundiai.sp.gov.br\/noticias\/wp-json\/wp\/v2\/media\/154984"}],"wp:attachment":[{"href":"https:\/\/jundiai.sp.gov.br\/noticias\/wp-json\/wp\/v2\/media?parent=154969"}],"wp:term":[{"taxonomy":"category","embeddable":true,"href":"https:\/\/jundiai.sp.gov.br\/noticias\/wp-json\/wp\/v2\/categories?post=154969"},{"taxonomy":"post_tag","embeddable":true,"href":"https:\/\/jundiai.sp.gov.br\/noticias\/wp-json\/wp\/v2\/tags?post=154969"},{"taxonomy":"ods","embeddable":true,"href":"https:\/\/jundiai.sp.gov.br\/noticias\/wp-json\/wp\/v2\/ods?post=154969"}],"curies":[{"name":"wp","href":"https:\/\/api.w.org\/{rel}","templated":true}]}}