{"id":155159,"date":"2015-09-17T15:57:18","date_gmt":"2015-09-17T18:57:18","guid":{"rendered":"https:\/\/jundiai.sp.gov.br\/noticias\/?p=155159"},"modified":"2019-09-13T16:32:19","modified_gmt":"2019-09-13T19:32:19","slug":"antonio-segre-ganha-novos-acessos-com-mudancas","status":"publish","type":"post","link":"https:\/\/jundiai.sp.gov.br\/noticias\/2015\/09\/17\/antonio-segre-ganha-novos-acessos-com-mudancas\/","title":{"rendered":"Antonio Segre ganha novos acessos com mudan\u00e7as"},"content":{"rendered":"<p><strong>Uma das principais vias da regi\u00e3o central da cidade, a avenida Antonio Segre, vai finalmente ganhar um acesso direto para a avenida Nove de Julho e rua do Retiro no sentido entre o Centro Hist\u00f3rico e a regi\u00e3o da Ponte de Campinas, com sem\u00e1foro de entrada na rua S\u00e3o L\u00e1zaro.<\/strong><\/p>\n<p><strong><a href=\"https:\/\/jundiai.sp.gov.br\/noticias\/2015\/09\/17\/conheca-a-proposta-de-requalificacao\/\" target=\"_blank\" rel=\"noopener noreferrer\">CONHE\u00c7A A PROPOSTA DE REQUALIFICA\u00c7\u00c3O<\/a><\/strong><\/p>\n<p>A medida, que \u00e9 parte do <strong>projeto-piloto de requalifica\u00e7\u00e3o de miolo de bairro<\/strong> que est\u00e1 sendo implantado pela Prefeitura no Jardim Brasil vai <strong>reduzir parte do tr\u00e1fego centro-bairro<\/strong> atualmente direcionado para a rotat\u00f3ria da avenida Antonio Frederico Ozanan.<\/p>\n<p><strong>LEIA TAMB\u00c9M<br \/>\n<a href=\"https:\/\/jundiai.sp.gov.br\/noticias\/2015\/09\/15\/plano-diretor-abre-inscricoes-previas-para-o-2o-forum\/\" target=\"_blank\" rel=\"noopener noreferrer\">Plano Diretor abre inscri\u00e7\u00f5es pr\u00e9vias para o 2\u00ba F\u00f3rum<\/a><br \/>\n<a href=\"https:\/\/jundiai.sp.gov.br\/noticias\/2015\/09\/16\/arte-no-escadao-valoriza-paisagem-urbana-do-graffiti\/\" target=\"_blank\" rel=\"noopener noreferrer\">Arte no \u2018Escad\u00e3o\u2019 valoriza paisagem urbana do graffiti<\/a><br \/>\n<a href=\"https:\/\/jundiai.sp.gov.br\/noticias\/2015\/09\/16\/cobema-melhora-estrutura-e-estimula-adocao-de-animais\/\" target=\"_blank\" rel=\"noopener noreferrer\">Cobema melhora estrutura e estimula ado\u00e7\u00e3o de animais<\/a><br \/>\n<a href=\"https:\/\/jundiai.sp.gov.br\/noticias\/2015\/09\/17\/jundiai-participa-com-plantio-da-hora-verde-neste-domingo-20\/\" target=\"_blank\" rel=\"noopener noreferrer\">Jundia\u00ed participa com plantio da \u2018Hora Verde\u2019 neste domingo (20)<\/a><br \/>\n<a href=\"https:\/\/jundiai.sp.gov.br\/noticias\/2015\/09\/16\/ciclofaixa-e-trecho-da-nove-de-julho-dao-espaco-a-passeio-caninono-domingo-20\/\" target=\"_blank\" rel=\"noopener noreferrer\">Ciclofaixa e trecho da 9 de Julho d\u00e3o espa\u00e7o a \u2018Passeio Canino\u2019 no domingo<\/a><\/strong><\/p>\n<div id=\"attachment_155160\" style=\"width: 730px\" class=\"wp-caption aligncenter\"><a href=\"https:\/\/jundiai.sp.gov.br\/noticias\/wp-content\/uploads\/sites\/32\/2015\/09\/Mapa_Jardim-Brasil_G.jpg\"><img loading=\"lazy\" decoding=\"async\" aria-describedby=\"caption-attachment-155160\" class=\"size-large wp-image-155160\" src=\"https:\/\/jundiai.sp.gov.br\/noticias\/wp-content\/uploads\/sites\/32\/2015\/09\/Mapa_Jardim-Brasil_G-720x452.jpg\" alt=\"Mudan\u00e7as requalificam vias locais e melhoram fluxo na avenida\" width=\"720\" height=\"452\" srcset=\"https:\/\/jundiai.sp.gov.br\/noticias\/wp-content\/uploads\/sites\/32\/2015\/09\/Mapa_Jardim-Brasil_G-720x452.jpg 720w, https:\/\/jundiai.sp.gov.br\/noticias\/wp-content\/uploads\/sites\/32\/2015\/09\/Mapa_Jardim-Brasil_G-300x188.jpg 300w, https:\/\/jundiai.sp.gov.br\/noticias\/wp-content\/uploads\/sites\/32\/2015\/09\/Mapa_Jardim-Brasil_G.jpg 1240w\" sizes=\"auto, (max-width: 720px) 100vw, 720px\" \/><\/a><p id=\"caption-attachment-155160\" class=\"wp-caption-text\">Mudan\u00e7as requalificam vias locais e melhoram fluxo na avenida<\/p><\/div>\n<p>O trabalho conjunto entre as secretarias de Planejamento e Meio Ambiente e Transportes, elaborado ao longo de quase dois anos, tamb\u00e9m vai <strong>reduzir o n\u00famero de cruzamentos dessa avenida no trecho entre o Cemit\u00e9rio Nossa Senhora do Desterro e o Complexo Educacional e Esportivo do Sesi (Ses\u00e3o)<\/strong>.<\/p>\n<p>O <strong>acesso para a regi\u00e3o da Vila Municipal vai ser feito apenas pela rua Mem de S\u00e1, nos dois sentidos<\/strong>, mantendo os demais no sentido centro-bairro. J\u00e1 o <strong>acesso ao Jardim Brasil nessa via vai ser apenas pela rua Maestro Deodato Pestana<\/strong>, no sentido bairro-centro.<\/p>\n<div id=\"attachment_155163\" style=\"width: 410px\" class=\"wp-caption alignleft\"><a href=\"https:\/\/jundiai.sp.gov.br\/noticias\/wp-content\/uploads\/sites\/32\/2015\/09\/antoniosegre.jpg\"><img loading=\"lazy\" decoding=\"async\" aria-describedby=\"caption-attachment-155163\" class=\"size-large wp-image-155163\" src=\"https:\/\/jundiai.sp.gov.br\/noticias\/wp-content\/uploads\/sites\/32\/2015\/09\/antoniosegre-720x485.jpg\" alt=\"Avenida Antonio Segre vai ganhar acesso \u00e0 rua S\u00e3o L\u00e1zaro, agora nos dois sentidos\" width=\"400\" height=\"350\" \/><\/a><p id=\"caption-attachment-155163\" class=\"wp-caption-text\">Avenida Antonio Segre vai ganhar acesso \u00e0 rua S\u00e3o L\u00e1zaro, agora nos dois sentidos<\/p><\/div>\n<p>A avenida Antonio Segre tamb\u00e9m vai receber <strong>pelo menos uma passagem semaf\u00f3rica exclusiva para pedestres<\/strong>, no cruzamento com a avenida Henrique Andr\u00e9s. No local funciona uma <strong>unidade b\u00e1sica de sa\u00fade (UBS), da secretaria de Sa\u00fade, que atende moradores da regi\u00e3o central<\/strong>.<\/p>\n<p>A pr\u00f3pria <strong>avenida Henrique Andr\u00e9s<\/strong>, no trecho entre as ruas S\u00f3crates Fernandes de Oliveira e Capit\u00e3o Cassiano Ricardo de Toledo (pelo lado da Ch\u00e1cara Urbana), <strong>passa a ter m\u00e3o \u00fanica no sentido bairro-centro<\/strong>. Ainda nesse trecho surge uma pequena <strong>pra\u00e7a, permitindo a passagem de pedestres e ciclistas<\/strong> para a rua Joaquim Pires de Oliveira, no Jardim Brasil, mas eliminando seu uso como \u201crota de fuga\u201d e de acesso para a avenida Nove de Julho agora permitido pela nova configura\u00e7\u00e3o da avenida Antonio Segre.<\/p>\n<p>Al\u00e9m da entrada pela avenida Antonio Segre, o <strong>Jardim Brasil tamb\u00e9m poder\u00e1 ser acessado, na rua S\u00e3o L\u00e1zaro, pela rua Sperandio Rappa<\/strong>.<\/p>\n<p><strong>As sa\u00eddas do bairro v\u00e3o funcionar pelas ruas Maria Augusta Traldi e Professora Ruth Fonseca, para a avenida Antonio Segre, e Joaquim Pires de Oliveira, para a rua S\u00e3o L\u00e1zaro.<\/strong> Todas devem receber <strong>amplia\u00e7\u00e3o de passeio p\u00fablico e toques de paisagismo<\/strong> (\u201ctraffic calming\u201d) para <strong>valorizar pedestres e evitar a entrada de ve\u00edculos pela contram\u00e3o<\/strong>.<\/p>\n<p><strong>Outra sa\u00edda vai ser pela rua Jo\u00e3o Baptista Figueiredo<\/strong>, que tamb\u00e9m vai ter sua entrada substitu\u00edda por uma <strong>\u201cpraceta\u201d<\/strong> (adequada ao uso comercial em sua extremidade).<\/p>\n<p>Com a implanta\u00e7\u00e3o de <strong>m\u00e3o \u00fanica na rua S\u00e3o L\u00e1zaro, o acesso oposto<\/strong> (da avenida Nove de Julho para a regi\u00e3o entre o Cemit\u00e9rio e o Ses\u00e3o) vai ser feito pelo <strong>contorno na avenida Uni\u00e3o dos Ferrovi\u00e1rios at\u00e9 a avenida Antonio Segre<\/strong>.<\/p>\n<p>O projeto chamado de <strong>requalifica\u00e7\u00e3o de miolo de bairro, custeado parcialmente pela iniciativa privada<\/strong>, busca depois de uma avalia\u00e7\u00e3o posterior <strong>ser replicado em seus crit\u00e9rios para outros bairros<\/strong> da cidade impactados por empreendimentos chamados de polos geradores de tr\u00e1fego (PGT). Al\u00e9m de <strong>garantir o car\u00e1ter residencial<\/strong> em \u00e1reas pass\u00edveis de ajustes tamb\u00e9m oferece uma <strong>alternativa urban\u00edstica para as tentativas de fechamento de bairros, consideradas negativas pela Prefeitura<\/strong>.<\/p>\n<p>A \u00e1rea em foco tamb\u00e9m ocorre dentro do \u00e2mbito do <strong>Plano de Reabilita\u00e7\u00e3o do Centro Hist\u00f3rico<\/strong> que soma projetos em andamento como a <strong>requalifica\u00e7\u00e3o de pra\u00e7as (como o <a href=\"https:\/\/jundiai.sp.gov.br\/noticias\/2015\/07\/16\/pa-central-tera-novo-fluxo-de-atendimento\/\" target=\"_blank\" rel=\"noopener noreferrer\">Largo das Rosas<\/a> e o Largo da Matriz), a reestrutura\u00e7\u00e3o de acessibilidade do <a href=\"https:\/\/jundiai.sp.gov.br\/noticias\/2015\/06\/16\/escadao-e-alvo-de-plano-de-manejo-ambiental\/\" target=\"_blank\" rel=\"noopener noreferrer\">Escad\u00e3o<\/a>, a conserva\u00e7\u00e3o e zeladoria da Ponte Torta, os estudos do projeto Urbanismo Caminh\u00e1vel<\/strong> e uma s\u00e9rie de outras iniciativas.<\/p>\n<p><strong><em>Jos\u00e9 Arnaldo de Oliveira<br \/>\nFoto: Fot\u00f3grafos PMJ<\/em><\/strong><\/p>\n","protected":false},"excerpt":{"rendered":"<p>LEIA TAMB\u00c9M: Ciclofaixa e trecho da 9 de Julho d\u00e3o espa\u00e7o a &#8216;Passeio Canino &#8211; Pracinha dos Dogs&#8217; neste domingo (20)<\/p>\n","protected":false},"author":14,"featured_media":155170,"comment_status":"closed","ping_status":"closed","sticky":false,"template":"","format":"standard","meta":{"footnotes":""},"categories":[2],"tags":[32,27,338],"ods":[],"class_list":["post-155159","post","type-post","status-publish","format-standard","has-post-thumbnail","hentry","category-noticias","tag-planejamento-e-meio-ambiente","tag-transito","tag-transportes"],"_links":{"self":[{"href":"https:\/\/jundiai.sp.gov.br\/noticias\/wp-json\/wp\/v2\/posts\/155159","targetHints":{"allow":["GET"]}}],"collection":[{"href":"https:\/\/jundiai.sp.gov.br\/noticias\/wp-json\/wp\/v2\/posts"}],"about":[{"href":"https:\/\/jundiai.sp.gov.br\/noticias\/wp-json\/wp\/v2\/types\/post"}],"author":[{"embeddable":true,"href":"https:\/\/jundiai.sp.gov.br\/noticias\/wp-json\/wp\/v2\/users\/14"}],"replies":[{"embeddable":true,"href":"https:\/\/jundiai.sp.gov.br\/noticias\/wp-json\/wp\/v2\/comments?post=155159"}],"version-history":[{"count":11,"href":"https:\/\/jundiai.sp.gov.br\/noticias\/wp-json\/wp\/v2\/posts\/155159\/revisions"}],"predecessor-version":[{"id":234203,"href":"https:\/\/jundiai.sp.gov.br\/noticias\/wp-json\/wp\/v2\/posts\/155159\/revisions\/234203"}],"wp:featuredmedia":[{"embeddable":true,"href":"https:\/\/jundiai.sp.gov.br\/noticias\/wp-json\/wp\/v2\/media\/155170"}],"wp:attachment":[{"href":"https:\/\/jundiai.sp.gov.br\/noticias\/wp-json\/wp\/v2\/media?parent=155159"}],"wp:term":[{"taxonomy":"category","embeddable":true,"href":"https:\/\/jundiai.sp.gov.br\/noticias\/wp-json\/wp\/v2\/categories?post=155159"},{"taxonomy":"post_tag","embeddable":true,"href":"https:\/\/jundiai.sp.gov.br\/noticias\/wp-json\/wp\/v2\/tags?post=155159"},{"taxonomy":"ods","embeddable":true,"href":"https:\/\/jundiai.sp.gov.br\/noticias\/wp-json\/wp\/v2\/ods?post=155159"}],"curies":[{"name":"wp","href":"https:\/\/api.w.org\/{rel}","templated":true}]}}