{"id":155198,"date":"2015-09-17T16:30:30","date_gmt":"2015-09-17T19:30:30","guid":{"rendered":"https:\/\/jundiai.sp.gov.br\/noticias\/?p=155198"},"modified":"2016-11-04T11:46:20","modified_gmt":"2016-11-04T13:46:20","slug":"educacao-inicia-novo-ciclo-do-projeto-papo-escola-pedagogico","status":"publish","type":"post","link":"https:\/\/jundiai.sp.gov.br\/noticias\/2015\/09\/17\/educacao-inicia-novo-ciclo-do-projeto-papo-escola-pedagogico\/","title":{"rendered":"Educa\u00e7\u00e3o inicia novo ciclo do projeto Papo Escola Pedag\u00f3gico"},"content":{"rendered":"<p><strong>A Secretaria de Educa\u00e7\u00e3o realiza mais um ciclo de palestras do Projeto Papo Escola Pedag\u00f3gico 2015. A primeira palestra, com o tema \u201cA fam\u00edlia contempor\u00e2nea na escola\u201d, ser\u00e1 na ter\u00e7a-feira (29), no anfiteatro da Biblioteca Municipal Professor Nelson Foot, em dois hor\u00e1rios \u2013 das 9h \u00e0s 11h e das 14h30 \u00e0s 16h30.<\/strong><\/p>\n<p>A psic\u00f3loga Ana Claudia Fossen Fukushima, tamb\u00e9m psicanalista, mestre em Teoria Psicoanal\u00edtica, p\u00f3s-graduada pela Universidad Complutense de Madrid e professora universit\u00e1ria, \u00e9 a convidada para abordar o assunto.<\/p>\n<p><strong>LEIA TAMB\u00c9M<br \/>\n<a href=\"https:\/\/jundiai.sp.gov.br\/noticias\/2015\/09\/17\/biblioteca-recebe-atracoes-da-viagem-literaria\/\" target=\"_blank\">Biblioteca recebe atra\u00e7\u00f5es da Viagem Liter\u00e1ria<\/a><br \/>\n<a href=\"https:\/\/jundiai.sp.gov.br\/noticias\/2015\/09\/14\/educacao-entrega-primeiro-lote-de-computadores-interativos\/\" target=\"_blank\">Educa\u00e7\u00e3o entrega primeiro lote de computadores interativos<\/a><br \/>\n<a href=\"https:\/\/jundiai.sp.gov.br\/noticias\/2015\/09\/17\/semana-de-cultura-e-lingua-estrangeiras-comeca-nesta-segunda-feira-21\/\" target=\"_blank\">Semana de Cultura e L\u00edngua Estrangeiras come\u00e7a na segunda (21)<\/a><\/strong><\/p>\n<div id=\"attachment_137514\" style=\"width: 730px\" class=\"wp-caption aligncenter\"><a href=\"https:\/\/jundiai.sp.gov.br\/noticias\/wp-content\/uploads\/sites\/32\/2015\/05\/biblioteca_equipe_espacos_p_57G.jpg\"><img loading=\"lazy\" decoding=\"async\" aria-describedby=\"caption-attachment-137514\" src=\"https:\/\/jundiai.sp.gov.br\/noticias\/wp-content\/uploads\/sites\/32\/2015\/05\/biblioteca_equipe_espacos_p_57G-720x473.jpg\" alt=\"O audit\u00f3rio da Biblioteca Professor Nelson Foot fica no Complexo Argos\" width=\"720\" height=\"473\" class=\"size-large wp-image-137514\" srcset=\"https:\/\/jundiai.sp.gov.br\/noticias\/wp-content\/uploads\/sites\/32\/2015\/05\/biblioteca_equipe_espacos_p_57G-720x473.jpg 720w, https:\/\/jundiai.sp.gov.br\/noticias\/wp-content\/uploads\/sites\/32\/2015\/05\/biblioteca_equipe_espacos_p_57G-300x197.jpg 300w, https:\/\/jundiai.sp.gov.br\/noticias\/wp-content\/uploads\/sites\/32\/2015\/05\/biblioteca_equipe_espacos_p_57G.jpg 1240w\" sizes=\"auto, (max-width: 720px) 100vw, 720px\" \/><\/a><p id=\"caption-attachment-137514\" class=\"wp-caption-text\">O audit\u00f3rio da Biblioteca Professor Nelson Foot fica no Complexo Argos<\/p><\/div>\n<p><strong>Lan\u00e7ado em 2013, o Papo Escola Pedag\u00f3gico \u00e9 um projeto especial que visa \u00e0 promo\u00e7\u00e3o de debate com servidores municipais da \u00e1rea de educa\u00e7\u00e3o<\/strong>. \u201cA cada evento, <strong>tem\u00e1ticas que habitualmente n\u00e3o s\u00e3o discutidas s\u00e3o abordadas para complementar a forma\u00e7\u00e3o dos educadores. A participa\u00e7\u00e3o \u00e9 livre<\/strong>\u201d, ressalta o secret\u00e1rio de Educa\u00e7\u00e3o, Jos\u00e9 Renato Polli, lembrando que a <strong>iniciativa nasceu dentro do Grupo de Estudos em Forma\u00e7\u00e3o Permanente da Estrutura de Gest\u00e3o<\/strong> da pasta.<\/p>\n<p>As inscri\u00e7\u00f5es podem ser feitas pelo email: <a href=\"mailto:magpereira@jundiai.sp.gov.br\" target=\"_blank\"><strong>magpereira@jundiai.sp.gov.br<\/strong><\/a>.<\/p>\n<p><strong>Programa\u00e7\u00e3o<\/strong><br \/>\nAs pr\u00f3ximas palestras est\u00e3o marcadas para os dias <strong>20 de outubro<\/strong>, com o tema <strong>Cultura e Educa\u00e7\u00e3o: conversas e cantorias \u2013 lan\u00e7amento do Programa Arte e Educa\u00e7\u00e3o<\/strong> e em <strong>12 de novembro<\/strong>, com o tema <strong>Pol\u00edticas P\u00fablicas de inclus\u00e3o na interface entre educa\u00e7\u00e3o e coordenadoria municipal da pessoa com defici\u00eancia<\/strong>.<\/p>\n<p>O audit\u00f3rio da Biblioteca Professor Nelson Foot fica no <strong>Complexo Argos, na avenida Dr. Cavalcanti, 396, Vila Arens<\/strong>. <\/p>\n<p><strong><em>Roberta de S\u00e1<br \/>\nFoto: Fot\u00f3grafos PMJ<\/em><\/strong><\/p>\n","protected":false},"excerpt":{"rendered":"<p>A Secretaria de Educa\u00e7\u00e3o realiza mais um ciclo de palestras do Projeto Papo Escola Pedag\u00f3gico 2015. A primeira palestra, com o tema \u201cA fam\u00edlia contempor\u00e2nea na escola\u201d, ser\u00e1 na ter\u00e7a-feira (29), no anfiteatro da Biblioteca Municipal Professor Nelson Foot, em dois hor\u00e1rios \u2013 das 9h \u00e0s 11h e das 14h30 \u00e0s 16h30. A psic\u00f3loga Ana [&hellip;]<\/p>\n","protected":false},"author":14,"featured_media":0,"comment_status":"closed","ping_status":"closed","sticky":false,"template":"","format":"standard","meta":{"footnotes":""},"categories":[2],"tags":[505,419,6,125],"ods":[],"class_list":["post-155198","post","type-post","status-publish","format-standard","hentry","category-noticias","tag-biblioteca-municipal-professor-nelson-foot","tag-complexo-argos","tag-educacao","tag-papo-escola-pedagogico"],"_links":{"self":[{"href":"https:\/\/jundiai.sp.gov.br\/noticias\/wp-json\/wp\/v2\/posts\/155198","targetHints":{"allow":["GET"]}}],"collection":[{"href":"https:\/\/jundiai.sp.gov.br\/noticias\/wp-json\/wp\/v2\/posts"}],"about":[{"href":"https:\/\/jundiai.sp.gov.br\/noticias\/wp-json\/wp\/v2\/types\/post"}],"author":[{"embeddable":true,"href":"https:\/\/jundiai.sp.gov.br\/noticias\/wp-json\/wp\/v2\/users\/14"}],"replies":[{"embeddable":true,"href":"https:\/\/jundiai.sp.gov.br\/noticias\/wp-json\/wp\/v2\/comments?post=155198"}],"version-history":[{"count":6,"href":"https:\/\/jundiai.sp.gov.br\/noticias\/wp-json\/wp\/v2\/posts\/155198\/revisions"}],"predecessor-version":[{"id":155363,"href":"https:\/\/jundiai.sp.gov.br\/noticias\/wp-json\/wp\/v2\/posts\/155198\/revisions\/155363"}],"wp:attachment":[{"href":"https:\/\/jundiai.sp.gov.br\/noticias\/wp-json\/wp\/v2\/media?parent=155198"}],"wp:term":[{"taxonomy":"category","embeddable":true,"href":"https:\/\/jundiai.sp.gov.br\/noticias\/wp-json\/wp\/v2\/categories?post=155198"},{"taxonomy":"post_tag","embeddable":true,"href":"https:\/\/jundiai.sp.gov.br\/noticias\/wp-json\/wp\/v2\/tags?post=155198"},{"taxonomy":"ods","embeddable":true,"href":"https:\/\/jundiai.sp.gov.br\/noticias\/wp-json\/wp\/v2\/ods?post=155198"}],"curies":[{"name":"wp","href":"https:\/\/api.w.org\/{rel}","templated":true}]}}