{"id":155510,"date":"2015-09-21T14:39:04","date_gmt":"2015-09-21T17:39:04","guid":{"rendered":"https:\/\/jundiai.sp.gov.br\/noticias\/?p=155510"},"modified":"2016-11-04T11:46:36","modified_gmt":"2016-11-04T13:46:36","slug":"meninas-da-ginastica-de-jundiai-brilham-em-campinas","status":"publish","type":"post","link":"https:\/\/jundiai.sp.gov.br\/noticias\/2015\/09\/21\/meninas-da-ginastica-de-jundiai-brilham-em-campinas\/","title":{"rendered":"Meninas da gin\u00e1stica de Jundia\u00ed brilham em Campinas"},"content":{"rendered":"<p><strong>Atletas da equipe feminina de gin\u00e1stica art\u00edstica de Jundia\u00ed, que tem apoio da Prefeitura de Jundia\u00ed, fizeram exibi\u00e7\u00e3o de gala na Copa Campinas da modalidade, no s\u00e1bado (19), e pegaram a estrada de volta com 23 medalhas na bagagem.<br \/>\n<\/strong><br \/>\nA competi\u00e7\u00e3o regional individual foi no Col\u00e9gio Liceu Salesiano Nossa Senhora Auxiliadora, no Guanabara, em Campinas, e reuniu 350 participantes de v\u00e1rias cidades da regi\u00e3o.<\/p>\n<p>O torneio n\u00e3o premiou por equipes. Medalhas e trof\u00e9us foram garantidos com base na soma de pontos nos aparelhos, solo e salto, nos n\u00edveis b\u00e1sico, intermedi\u00e1rio, avan\u00e7ado e especial. <strong>Jundia\u00ed esteve representada por 43 meninas e 20 delas participaram da premia\u00e7\u00e3o.<\/strong><\/p>\n<p>\u201cUma competi\u00e7\u00e3o como esta \u00e9 importante para nossa equipe, porque s\u00e3o meninas de 6 e 7 anos que debutam em torneios. Este trabalho de base nos orgulha e o resultado \u00e9 fruto da dedica\u00e7\u00e3o de todas elas\u201d, comenta o coordenador t\u00e9cnico de Jundia\u00ed, Marco Ant\u00f4nio Fernandes, o Pirica.<\/p>\n<p><strong>LEIA TAMB\u00c9M<br \/>\n<a href=\"https:\/\/jundiai.sp.gov.br\/noticias\/2015\/09\/17\/apoio-de-empresa-vai-dar-gas-ao-esporte\/\" target=\"_blank\">Apoio de empresa vai dar g\u00e1s ao esporte<\/a><br \/>\n<a href=\"https:\/\/jundiai.sp.gov.br\/noticias\/2015\/09\/19\/prefeito-pedro-bigardi-entrega-melhorias-no-jardim-sorocabana\/\" target=\"_blank\">Prefeito entrega melhorias no Jardim Sorocabana<\/a><\/strong><\/p>\n<div id=\"attachment_155511\" style=\"width: 730px\" class=\"wp-caption aligncenter\"><a href=\"https:\/\/jundiai.sp.gov.br\/noticias\/wp-content\/uploads\/sites\/32\/2015\/09\/copa_campinas_jundia_ga_1G.jpg\"><img loading=\"lazy\" decoding=\"async\" aria-describedby=\"caption-attachment-155511\" src=\"https:\/\/jundiai.sp.gov.br\/noticias\/wp-content\/uploads\/sites\/32\/2015\/09\/copa_campinas_jundia_ga_1G.jpg\" alt=\" Meninas de Jundia\u00ed fizeram grande exibi\u00e7\u00e3o em torneio regional\" width=\"720\" height=\"513\" class=\"size-full wp-image-155511\" \/><\/a><p id=\"caption-attachment-155511\" class=\"wp-caption-text\"><br \/>Meninas de Jundia\u00ed fizeram grande exibi\u00e7\u00e3o em torneio regional<\/p><\/div>\n<p>Quatro jundiaienses roubaram a cena e com uma demonstra\u00e7\u00e3o de muita t\u00e9cnica e talento conquistaram o 1\u00ba lugar: Beatriz Gomes Silva, Lorena Rodrigues, Bruna Mendes e Tamires dos Santos. O quarteto foi impec\u00e1vel em suas respectivas categorias.<\/p>\n<p>Outras ginastas premiadas foram: Let\u00edcia Figueiredo (2\u00ba lugar); Isabela Kimie (2\u00ba); Ana Beatriz Tuono (2\u00ba); Melissa Marques (2\u00ba); Isabela Neris (2\u00ba), Tarcila da Silva (2\u00ba); Yasmin dos Santos (3\u00ba) Amanda Freitas (4\u00ba); Manoela Nascimento (4\u00ba); Bruna Garcia (5\u00ba); Maria Eduarda Brand\u00e3o (5\u00ba); Clara C\u00e2ndido (6\u00ba); Jaqueline Montalv\u00e3o (6\u00ba); Maria Eduarda Dias (6\u00ba); Larissa de Oliveira (8\u00ba) e Helo\u00edsa Lenardi (10\u00ba).<\/p>\n<p><em><strong>Ivan Lopes<br \/>\nFoto: Divulga\u00e7\u00e3o<\/strong><\/em><\/p>\n","protected":false},"excerpt":{"rendered":"<p>Atletas da equipe feminina de gin\u00e1stica art\u00edstica de Jundia\u00ed, que tem apoio da Prefeitura de Jundia\u00ed, fizeram exibi\u00e7\u00e3o de gala na Copa Campinas da modalidade, no s\u00e1bado (19), e pegaram a estrada de volta com 23 medalhas na bagagem. A competi\u00e7\u00e3o regional individual foi no Col\u00e9gio Liceu Salesiano Nossa Senhora Auxiliadora, no Guanabara, em Campinas, [&hellip;]<\/p>\n","protected":false},"author":21,"featured_media":0,"comment_status":"closed","ping_status":"closed","sticky":false,"template":"","format":"standard","meta":{"footnotes":""},"categories":[2],"tags":[35,136,468],"ods":[],"class_list":["post-155510","post","type-post","status-publish","format-standard","hentry","category-noticias","tag-esporte-e-lazer","tag-ginastica-artistica","tag-ginastica-artistica-feminina"],"_links":{"self":[{"href":"https:\/\/jundiai.sp.gov.br\/noticias\/wp-json\/wp\/v2\/posts\/155510","targetHints":{"allow":["GET"]}}],"collection":[{"href":"https:\/\/jundiai.sp.gov.br\/noticias\/wp-json\/wp\/v2\/posts"}],"about":[{"href":"https:\/\/jundiai.sp.gov.br\/noticias\/wp-json\/wp\/v2\/types\/post"}],"author":[{"embeddable":true,"href":"https:\/\/jundiai.sp.gov.br\/noticias\/wp-json\/wp\/v2\/users\/21"}],"replies":[{"embeddable":true,"href":"https:\/\/jundiai.sp.gov.br\/noticias\/wp-json\/wp\/v2\/comments?post=155510"}],"version-history":[{"count":2,"href":"https:\/\/jundiai.sp.gov.br\/noticias\/wp-json\/wp\/v2\/posts\/155510\/revisions"}],"predecessor-version":[{"id":155513,"href":"https:\/\/jundiai.sp.gov.br\/noticias\/wp-json\/wp\/v2\/posts\/155510\/revisions\/155513"}],"wp:attachment":[{"href":"https:\/\/jundiai.sp.gov.br\/noticias\/wp-json\/wp\/v2\/media?parent=155510"}],"wp:term":[{"taxonomy":"category","embeddable":true,"href":"https:\/\/jundiai.sp.gov.br\/noticias\/wp-json\/wp\/v2\/categories?post=155510"},{"taxonomy":"post_tag","embeddable":true,"href":"https:\/\/jundiai.sp.gov.br\/noticias\/wp-json\/wp\/v2\/tags?post=155510"},{"taxonomy":"ods","embeddable":true,"href":"https:\/\/jundiai.sp.gov.br\/noticias\/wp-json\/wp\/v2\/ods?post=155510"}],"curies":[{"name":"wp","href":"https:\/\/api.w.org\/{rel}","templated":true}]}}