{"id":155859,"date":"2015-09-23T16:20:07","date_gmt":"2015-09-23T19:20:07","guid":{"rendered":"https:\/\/jundiai.sp.gov.br\/noticias\/?p=155859"},"modified":"2016-11-04T11:46:59","modified_gmt":"2016-11-04T13:46:59","slug":"escola-do-bom-jardim-recebe-exposicao-que-resgata-producao-de-uva","status":"publish","type":"post","link":"https:\/\/jundiai.sp.gov.br\/noticias\/2015\/09\/23\/escola-do-bom-jardim-recebe-exposicao-que-resgata-producao-de-uva\/","title":{"rendered":"Emeb do Bom Jardim recebe exposi\u00e7\u00e3o que resgata produ\u00e7\u00e3o de uva"},"content":{"rendered":"<p><strong>A exposi\u00e7\u00e3o itinerante \u201cDo cultivo da videira \u00e0 nascen\u00e7a das mem\u00f3rias dos agricultores\u201d, que integra o projeto Museu Vai \u00e0 Escola &#8211; parceria entre as secretarias de <a href=\"http:\/\/educa.jundiai.sp.gov.br\/\" target=\"_blank\">Educa\u00e7\u00e3o<\/a> e <a href=\"http:\/\/cultura.jundiai.sp.gov.br\/\" target=\"_blank\">Cultura<\/a> e organizada pelo Museu Hist\u00f3rico e Cultural de Jundia\u00ed &#8211; foi aberta, na manh\u00e3 desta quarta-feira (23), na escola municipal Professora Odila Richter, no Bom Jardim. Como a mostra resgata tamb\u00e9m a hist\u00f3ria do bairro que \u00e9 produtor de uva e das fam\u00edlias, os av\u00f3s foram convidados para um ch\u00e1. O evento teve a participa\u00e7\u00e3o de mais de 130 pessoas.<br \/>\n<\/strong><br \/>\n\u201cEstamos realizando dois eventos que interagem. A exposi\u00e7\u00e3o resgata a hist\u00f3ria da regi\u00e3o, e os av\u00f3s que vivem aqui t\u00eam muitas lembran\u00e7as para contribuir. Hoje, existem poucos documentos sobre o Bom Jardim. A partir dessa mostra e desse contato com eles, vamos poder ampliar o trabalho realizado pelo Museu\u201d, explica a diretora da Emeb, Carolina Gasparotto Bertolo.<\/p>\n<p><strong>LEIA TAMB\u00c9M<br \/>\n<a href=\"https:\/\/jundiai.sp.gov.br\/noticias\/2015\/09\/22\/estudantes-da-rede-municipal-plantam-arvores-no-12o-gac\/\" target=\"_blank\">Estudantes da rede municipal plantam \u00e1rvores no 12\u00ba GAC<\/a><br \/>\n<a href=\"https:\/\/jundiai.sp.gov.br\/noticias\/2015\/09\/22\/jundiai-esta-na-mobilizacao-nacional-dia-de-ler-todo-dia\/\" target=\"_blank\">Em 1\u00ba de outubro, Jundia\u00ed se mobiliza na a\u00e7\u00e3o nacional \u2018Dia de Ler.Todo Dia!\u2019<\/a><\/strong><\/p>\n<div id=\"attachment_155861\" style=\"width: 730px\" class=\"wp-caption aligncenter\"><a href=\"https:\/\/jundiai.sp.gov.br\/noticias\/wp-content\/uploads\/sites\/32\/2015\/09\/DSC03269_G.jpg\"><img loading=\"lazy\" decoding=\"async\" aria-describedby=\"caption-attachment-155861\" class=\"size-full wp-image-155861\" src=\"https:\/\/jundiai.sp.gov.br\/noticias\/wp-content\/uploads\/sites\/32\/2015\/09\/DSC03269_G.jpg\" alt=\"Os organizadores comemoram o sucesso do evento\" width=\"720\" height=\"513\" \/><\/a><p id=\"caption-attachment-155861\" class=\"wp-caption-text\">Os organizadores comemoram o sucesso do evento<\/p><\/div>\n<p>Durante o ch\u00e1, al\u00e9m de apreciarem guloseimas preparadas pela equipe de cozinheiros da unidade, os av\u00f3s foram homenageados com can\u00e7\u00f5es sertanejas. A contadora de hist\u00f3rias e professora da Biblioteca Municipal Nelson Foot, D\u00e9bora Pavan, tamb\u00e9m participou e deu vida \u00e0 obra \u201cGuilherme Augusto Ara\u00fajo Fernandes\u201d, escrita por Mem Fox, que fala sobre mem\u00f3ria. Ap\u00f3s o ch\u00e1, todos foram convidados a apreciar a exposi\u00e7\u00e3o.<\/p>\n<p>\u201c\u00c9 mais uma atividade que vem ao encontro do trabalho que a administra\u00e7\u00e3o Pedro Bigardi realiza para a valoriza\u00e7\u00e3o e acolhimento dos idosos, e para que as gera\u00e7\u00f5es mais novas cres\u00e7am respeitando e cuidando dos mais velhos\u201d, destacou a coordena da Coordenadoria do Idoso, Cla\u00fadia Sartori, que prestigiou a iniciativa.<\/p>\n<div id=\"attachment_155860\" style=\"width: 410px\" class=\"wp-caption alignright\"><a href=\"https:\/\/jundiai.sp.gov.br\/noticias\/wp-content\/uploads\/sites\/32\/2015\/09\/DSC03233_G.jpg\"><img loading=\"lazy\" decoding=\"async\" aria-describedby=\"caption-attachment-155860\" class=\"size-full wp-image-155860\" src=\"https:\/\/jundiai.sp.gov.br\/noticias\/wp-content\/uploads\/sites\/32\/2015\/09\/DSC03233_G.jpg\" alt=\"Exposi\u00e7\u00e3o resgata hist\u00f3ria do bairro\" width=\"400\" height=\"400\" \/><\/a><p id=\"caption-attachment-155860\" class=\"wp-caption-text\">Exposi\u00e7\u00e3o resgata hist\u00f3ria do bairro<\/p><\/div>\n<p><strong>Mostra<\/strong><br \/>\n<strong>A exposi\u00e7\u00e3o, composta por fotografias, ferramentas agr\u00edcolas e pelo filme \u201cCiclo da Videira\u201d, de Nelson Steck, ficar\u00e1 na Emeb at\u00e9 24 de outubro.<\/strong> A mostra foi preparada para a Festa da Uva de 2014. A concep\u00e7\u00e3o e coordena\u00e7\u00e3o \u00e9 da soci\u00f3loga e educadora do Museu Hist\u00f3rico e Cultural, Creusa Claudino. A visita\u00e7\u00e3o \u00e9 aberta \u00e0 comunidade.<\/p>\n<p>Segundo a supervisora de Educa\u00e7\u00e3o Ambiental da Secretaria Municipal de Educa\u00e7\u00e3o, Claudete Formis, depois, os trabalhos ser\u00e3o levados para escolas de outros bairros produtores de uva, como Travi\u00fa, Corrupira e Caxambu. \u201cNas unidades participantes desse projeto, os professores recebem forma\u00e7\u00e3o sobre Educa\u00e7\u00e3o Patrimonial, trabalham com as crian\u00e7as e recebem a comunidade como forma de promover a descentraliza\u00e7\u00e3o da cultura na cidade.\u201d<\/p>\n<p><strong><em>Roberta de S\u00e1<br \/>\nFotos: Fot\u00f3grafos PMJ<\/em><\/strong><\/p>\n","protected":false},"excerpt":{"rendered":"<p>A exposi\u00e7\u00e3o itinerante \u201cDo cultivo da videira \u00e0 nascen\u00e7a das mem\u00f3rias dos agricultores\u201d, que integra o projeto Museu Vai \u00e0 Escola &#8211; parceria entre as secretarias de Educa\u00e7\u00e3o e Cultura e organizada pelo Museu Hist\u00f3rico e Cultural de Jundia\u00ed &#8211; foi aberta, na manh\u00e3 desta quarta-feira (23), na escola municipal Professora Odila Richter, no Bom [&hellip;]<\/p>\n","protected":false},"author":21,"featured_media":0,"comment_status":"closed","ping_status":"closed","sticky":false,"template":"","format":"standard","meta":{"footnotes":""},"categories":[2],"tags":[29,6,630,290],"ods":[],"class_list":["post-155859","post","type-post","status-publish","format-standard","hentry","category-noticias","tag-cultura","tag-educacao","tag-emeb","tag-museu-historico-e-cultural-solar-do-barao"],"_links":{"self":[{"href":"https:\/\/jundiai.sp.gov.br\/noticias\/wp-json\/wp\/v2\/posts\/155859","targetHints":{"allow":["GET"]}}],"collection":[{"href":"https:\/\/jundiai.sp.gov.br\/noticias\/wp-json\/wp\/v2\/posts"}],"about":[{"href":"https:\/\/jundiai.sp.gov.br\/noticias\/wp-json\/wp\/v2\/types\/post"}],"author":[{"embeddable":true,"href":"https:\/\/jundiai.sp.gov.br\/noticias\/wp-json\/wp\/v2\/users\/21"}],"replies":[{"embeddable":true,"href":"https:\/\/jundiai.sp.gov.br\/noticias\/wp-json\/wp\/v2\/comments?post=155859"}],"version-history":[{"count":6,"href":"https:\/\/jundiai.sp.gov.br\/noticias\/wp-json\/wp\/v2\/posts\/155859\/revisions"}],"predecessor-version":[{"id":155951,"href":"https:\/\/jundiai.sp.gov.br\/noticias\/wp-json\/wp\/v2\/posts\/155859\/revisions\/155951"}],"wp:attachment":[{"href":"https:\/\/jundiai.sp.gov.br\/noticias\/wp-json\/wp\/v2\/media?parent=155859"}],"wp:term":[{"taxonomy":"category","embeddable":true,"href":"https:\/\/jundiai.sp.gov.br\/noticias\/wp-json\/wp\/v2\/categories?post=155859"},{"taxonomy":"post_tag","embeddable":true,"href":"https:\/\/jundiai.sp.gov.br\/noticias\/wp-json\/wp\/v2\/tags?post=155859"},{"taxonomy":"ods","embeddable":true,"href":"https:\/\/jundiai.sp.gov.br\/noticias\/wp-json\/wp\/v2\/ods?post=155859"}],"curies":[{"name":"wp","href":"https:\/\/api.w.org\/{rel}","templated":true}]}}