{"id":155900,"date":"2015-09-23T17:46:28","date_gmt":"2015-09-23T20:46:28","guid":{"rendered":"https:\/\/jundiai.sp.gov.br\/noticias\/?p=155900"},"modified":"2016-11-04T11:44:48","modified_gmt":"2016-11-04T13:44:48","slug":"geresol-e-apresentado-a-representantes-da-prefeitura-de-sorocaba","status":"publish","type":"post","link":"https:\/\/jundiai.sp.gov.br\/noticias\/2015\/09\/23\/geresol-e-apresentado-a-representantes-da-prefeitura-de-sorocaba\/","title":{"rendered":"Geresol \u00e9 atra\u00e7\u00e3o em visita da Prefeitura de Sorocaba"},"content":{"rendered":"<p><strong>Representantes da Prefeitura de Sorocaba estiveram em Jundia\u00ed, nesta quarta-feira (23), para conhecer o Centro de Gerenciamento de Res\u00edduos S\u00f3lidos, o Geresol. A visita foi acompanhada pelo secret\u00e1rio de Servi\u00e7os P\u00fablicos de Jundia\u00ed, Aguinaldo Leite. Eles tamb\u00e9m estiveram no Pa\u00e7o Municipal, onde cumprimentaram o prefeito Pedro Bigardi.<\/strong><\/p>\n<p><strong>Al\u00e9m de mostrar o laborat\u00f3rio e a \u00e1rea de triagem de recicl\u00e1veis, o secret\u00e1rio mostrou equipamentos alem\u00e3es em teste para tratamento de res\u00edduos (leira e cont\u00eainer) e levou os visitantes para conhecer a nova esteira que realiza a triagem do res\u00edduo da constru\u00e7\u00e3o civil.<\/strong><\/p>\n<p><strong>LEIA TAMB\u00c9M<br \/>\n<a href=\"https:\/\/jundiai.sp.gov.br\/noticias\/2015\/09\/16\/geresol-amplia-capacidade-de-reciclagem-de-entulhos-para-90\/\" target=\"_blank\"><strong>Geresol amplia capacidade de reciclagem de entulhos a 90%<\/strong><\/a><br \/>\n<a href=\"https:\/\/jundiai.sp.gov.br\/noticias\/2015\/09\/18\/jundiai-recebe-certificado-por-uso-de-material-reciclado-em-obras\/\" target=\"_blank\">Jundia\u00ed recebe certificado por uso de material reciclado em obras<\/strong><\/a><\/p>\n<div id=\"attachment_155912\" style=\"width: 730px\" class=\"wp-caption aligncenter\"><a href=\"https:\/\/jundiai.sp.gov.br\/noticias\/wp-content\/uploads\/sites\/32\/2015\/09\/sorocaba_visita_geresol_P56G.jpg\"><img loading=\"lazy\" decoding=\"async\" aria-describedby=\"caption-attachment-155912\" src=\"https:\/\/jundiai.sp.gov.br\/noticias\/wp-content\/uploads\/sites\/32\/2015\/09\/sorocaba_visita_geresol_P56G-720x447.jpg\" alt=\"Representantes de Sorocaba conheceram o Geresol\" width=\"720\" height=\"447\" class=\"size-large wp-image-155912\" srcset=\"https:\/\/jundiai.sp.gov.br\/noticias\/wp-content\/uploads\/sites\/32\/2015\/09\/sorocaba_visita_geresol_P56G-720x447.jpg 720w, https:\/\/jundiai.sp.gov.br\/noticias\/wp-content\/uploads\/sites\/32\/2015\/09\/sorocaba_visita_geresol_P56G-300x186.jpg 300w, https:\/\/jundiai.sp.gov.br\/noticias\/wp-content\/uploads\/sites\/32\/2015\/09\/sorocaba_visita_geresol_P56G.jpg 1240w\" sizes=\"auto, (max-width: 720px) 100vw, 720px\" \/><\/a><p id=\"caption-attachment-155912\" class=\"wp-caption-text\">Representantes de Sorocaba conheceram o Geresol<\/p><\/div>\n<p><strong>O equipamento deixa o material ainda mais puro na hora do tratamento. \u201cNo Geresol s\u00e3o produzidos, com a reciclagem de materiais da constru\u00e7\u00e3o, itens como bica corrida, bica terra, areia, pedrisco, pedra e rach\u00e3o. Tudo isso vai para obras p\u00fablicas e j\u00e1 conseguimos uma economia de R$ 3 milh\u00f5es em 2014. Neste ano vai dobrar e chegar\u00e1 a R$ 6 milh\u00f5es\u201d, explicou Aguinaldo. <\/strong><\/p>\n<p>O secret\u00e1rio destacou que das mais de 17 mil toneladas de res\u00edduos da constru\u00e7\u00e3o que chegam mensalmente ao Geresol, 90% ser\u00e3o recicladas com o novo equipamento. \u201cAntes da esteira, nossa capacidade era para apenas 60%.\u201d <\/p>\n<p>Entre os visitantes estava o secret\u00e1rio de Meio Ambiente de Sorocaba, o engenheiro Clebson Aparecido Ribeiro; a diretora da \u00e1rea de gest\u00e3o ambiental e zoobot\u00e2nica Sara Regina de Amorim; e o assistente do secret\u00e1rio, Gabriel Bittencourt.<\/p>\n<div id=\"attachment_155911\" style=\"width: 730px\" class=\"wp-caption aligncenter\"><a href=\"https:\/\/jundiai.sp.gov.br\/noticias\/wp-content\/uploads\/sites\/32\/2015\/09\/sorocaba_visita_geresol_P14G.jpg\"><img loading=\"lazy\" decoding=\"async\" aria-describedby=\"caption-attachment-155911\" src=\"https:\/\/jundiai.sp.gov.br\/noticias\/wp-content\/uploads\/sites\/32\/2015\/09\/sorocaba_visita_geresol_P14G-720x531.jpg\" alt=\"Durante a visita ao Pa\u00e7o, os visitantes cumprimentaram o prefeito \" width=\"720\" height=\"531\" class=\"size-large wp-image-155911\" srcset=\"https:\/\/jundiai.sp.gov.br\/noticias\/wp-content\/uploads\/sites\/32\/2015\/09\/sorocaba_visita_geresol_P14G-720x531.jpg 720w, https:\/\/jundiai.sp.gov.br\/noticias\/wp-content\/uploads\/sites\/32\/2015\/09\/sorocaba_visita_geresol_P14G-300x221.jpg 300w, https:\/\/jundiai.sp.gov.br\/noticias\/wp-content\/uploads\/sites\/32\/2015\/09\/sorocaba_visita_geresol_P14G.jpg 1240w\" sizes=\"auto, (max-width: 720px) 100vw, 720px\" \/><\/a><p id=\"caption-attachment-155911\" class=\"wp-caption-text\">Durante a visita ao Pa\u00e7o, os visitantes cumprimentaram o prefeito<br \/><\/p><\/div>\n<p>Para Clebson, Jundia\u00ed \u00e9 refer\u00eancia no tratamento dos res\u00edduos. \u201c<strong>Viemos aqui para conhecer o uso dos materiais reciclados em obras p\u00fablicas e agora tivemos a grata surpresa de ver de perto todo o trabalho do Geresol. Trabalhamos em uma cidade com problemas semelhantes a Jundia\u00ed e por isso viemos conhecer o modelo<\/strong>.\u201d <\/p>\n<p>O secret\u00e1rio visitante destacou ainda que as solu\u00e7\u00f5es encontradas por Jundia\u00ed para os res\u00edduos s\u00e3o \u201cambientalmente e economicamente corretas\u201d. <\/p>\n<p><strong>Aguinaldo Leite lembrou que a exemplo de munic\u00edpios como Fortaleza (CE), Aparecida de Goi\u00e2nia, S\u00e3o Paulo, Belo Horizonte (MG), Contagem (MG), entre outras, Sorocaba veio a Jundia\u00ed para conhecer e compartilhar conhecimento<\/strong>. \u201c\u00c9 um interc\u00e2mbio que nos permite aprimorar e dividir o trabalho realizado no munic\u00edpio. Nossa ideia \u00e9 sempre compartilhar o conhecimento adquirido, ouvir contribui\u00e7\u00f5es e avan\u00e7ar cada vez mais.\u201d <\/p>\n<p>O secret\u00e1rio entregou aos visitantes o livro \u201cGest\u00e3o Sustent\u00e1vel de Res\u00edduos S\u00f3lidos Urbanos \u2013 Transfer\u00eancia de experi\u00eancias entre a Alemanha e o Brasil\u201d, do qual \u00e9 co-autor em parceria com Klaus Fricke, Christiane Pereira e Marius Bagnati.<\/p>\n<p><em><strong>Luana Dias<br \/>\nFotos: Paulo Gr\u00e9gio <\/strong><\/em><\/p>\n","protected":false},"excerpt":{"rendered":"<p>Comitiva passou pelo Geresol, onde viu de perto o laborat\u00f3rio e a \u00e1rea de triagem de recicl\u00e1veis al\u00e9m da tecnologia alem\u00e3 em teste  <\/p>\n","protected":false},"author":10,"featured_media":155917,"comment_status":"closed","ping_status":"closed","sticky":false,"template":"","format":"standard","meta":{"footnotes":""},"categories":[2],"tags":[660,68,661,341],"ods":[],"class_list":["post-155900","post","type-post","status-publish","format-standard","has-post-thumbnail","hentry","category-noticias","tag-3o-congresso-tecnico-brasil-alemanha","tag-centro-de-gerenciamento-de-residuos-solidos-geresol","tag-congresso-tecnico-brasil-alemanha","tag-servicos-publicos"],"_links":{"self":[{"href":"https:\/\/jundiai.sp.gov.br\/noticias\/wp-json\/wp\/v2\/posts\/155900","targetHints":{"allow":["GET"]}}],"collection":[{"href":"https:\/\/jundiai.sp.gov.br\/noticias\/wp-json\/wp\/v2\/posts"}],"about":[{"href":"https:\/\/jundiai.sp.gov.br\/noticias\/wp-json\/wp\/v2\/types\/post"}],"author":[{"embeddable":true,"href":"https:\/\/jundiai.sp.gov.br\/noticias\/wp-json\/wp\/v2\/users\/10"}],"replies":[{"embeddable":true,"href":"https:\/\/jundiai.sp.gov.br\/noticias\/wp-json\/wp\/v2\/comments?post=155900"}],"version-history":[{"count":6,"href":"https:\/\/jundiai.sp.gov.br\/noticias\/wp-json\/wp\/v2\/posts\/155900\/revisions"}],"predecessor-version":[{"id":155928,"href":"https:\/\/jundiai.sp.gov.br\/noticias\/wp-json\/wp\/v2\/posts\/155900\/revisions\/155928"}],"wp:featuredmedia":[{"embeddable":true,"href":"https:\/\/jundiai.sp.gov.br\/noticias\/wp-json\/wp\/v2\/media\/155917"}],"wp:attachment":[{"href":"https:\/\/jundiai.sp.gov.br\/noticias\/wp-json\/wp\/v2\/media?parent=155900"}],"wp:term":[{"taxonomy":"category","embeddable":true,"href":"https:\/\/jundiai.sp.gov.br\/noticias\/wp-json\/wp\/v2\/categories?post=155900"},{"taxonomy":"post_tag","embeddable":true,"href":"https:\/\/jundiai.sp.gov.br\/noticias\/wp-json\/wp\/v2\/tags?post=155900"},{"taxonomy":"ods","embeddable":true,"href":"https:\/\/jundiai.sp.gov.br\/noticias\/wp-json\/wp\/v2\/ods?post=155900"}],"curies":[{"name":"wp","href":"https:\/\/api.w.org\/{rel}","templated":true}]}}