{"id":156033,"date":"2015-09-24T16:27:48","date_gmt":"2015-09-24T19:27:48","guid":{"rendered":"https:\/\/jundiai.sp.gov.br\/noticias\/?p=156033"},"modified":"2016-11-04T11:47:05","modified_gmt":"2016-11-04T13:47:05","slug":"educacao-abre-encontro-de-socializacao-do-pnaic-na-segunda","status":"publish","type":"post","link":"https:\/\/jundiai.sp.gov.br\/noticias\/2015\/09\/24\/educacao-abre-encontro-de-socializacao-do-pnaic-na-segunda\/","title":{"rendered":"Educa\u00e7\u00e3o abre encontro de socializa\u00e7\u00e3o do PNAIC na segunda (28)"},"content":{"rendered":"<p><strong>A Secretaria Municipal de <a href=\"http:\/\/educa.jundiai.sp.gov.br\/\" target=\"_blank\">Educa\u00e7\u00e3o<\/a>, por meio da Diretoria de Ensino Fundamental, abre na pr\u00f3xima segunda-feira (28) o Encontro de Socializa\u00e7\u00e3o de Projetos e Pr\u00e1ticas Pedag\u00f3gicas \u201cCompartilhando Saberes e Fazeres\u201d e o 2\u00ba Semin\u00e1rio Municipal do PNAIC (Pacto Nacional pela Alfabetiza\u00e7\u00e3o na Idade Certa). O evento, voltado aos educadores da rede municipal de ensino, continua nos dias 29 e 30 com diversas atividades.<\/strong><\/p>\n<p>\u201cEsse evento ser\u00e1 de grande import\u00e2ncia para a forma\u00e7\u00e3o dos profissionais das escolas, por estimular a reflex\u00e3o sobre as pr\u00e1ticas pedag\u00f3gicas e a troca de experi\u00eancias. Ao mesmo tempo em que proporcionar\u00e1 a amplia\u00e7\u00e3o de conhecimentos, promover\u00e1 a valoriza\u00e7\u00e3o dos saberes e fazeres de gestores e docentes\u201d, destaca a diretora de Ensino Fundamental, Suzette Longo Verm\u00edglio.<\/p>\n<p><strong>LEIA TAMB\u00c9M<br \/>\n<a href=\"https:\/\/jundiai.sp.gov.br\/noticias\/2015\/09\/23\/escola-do-bom-jardim-recebe-exposicao-que-resgata-producao-de-uva\/\" target=\"_blank\">Emeb do Bom Jardim recebe exposi\u00e7\u00e3o que resgata produ\u00e7\u00e3o de uva<\/a><br \/>\n<a href=\"https:\/\/jundiai.sp.gov.br\/noticias\/2015\/09\/24\/2a-feira-de-profissoes-e-cultura-chega-ao-sao-camilo-neste-sabado-26\/\" target=\"_blank\">2\u00aa Feira de Profiss\u00f5es e Cultura chega ao S\u00e3o Camilo neste s\u00e1bado (26)<\/a><br \/>\n<a href=\"https:\/\/jundiai.sp.gov.br\/noticias\/2015\/09\/22\/jundiai-esta-na-mobilizacao-nacional-dia-de-ler-todo-dia\/\" target=\"_blank\">Em 1\u00ba de outubro, Jundia\u00ed se mobiliza na a\u00e7\u00e3o nacional \u2018Dia de Ler.Todo Dia!\u2019<\/a><\/strong><\/p>\n<p><strong>A abertura est\u00e1 marcada para as 19h, no <strong><a href=\"http:\/\/cultura.jundiai.sp.gov.br\/espacos-culturais\/teatro-polytheama\/\" target=\"_blank\">Teatro Polytheama<\/a><\/strong>. <\/strong>O professor, mestre e doutor em educa\u00e7\u00e3o escolar, Eliasaf Rodrigues de Assis, ministrar\u00e1 uma palestra com o tema \u201cFelicidade e Motiva\u00e7\u00e3o \u2013 Recursos de Aprendizagem.\u201d \u201cEle vai destacar o bom humor como um catalisador para relacionamentos humanos mais saud\u00e1veis\u201d, acrescenta.<\/p>\n<p><strong>Na ter\u00e7a (29) e quarta-feira (30), a atividade continua com as socializa\u00e7\u00f5es de trabalhos na Universidade Paulista (Unip). As apresenta\u00e7\u00f5es ocorrer\u00e3o das 8h \u00e0s 10h e das 14h \u00e0s 16h, nas salas do bloco D.<br \/>\n<\/strong><\/p>\n<p><strong><a href=\"http:\/\/educa.jundiai.sp.gov.br\/wp-content\/uploads\/sites\/6\/2015\/09\/Programa_Compartilhando-Saberes-e-Fazeres.doc_1.pdf\" target=\"_blank\">CONFIRA A PROGRAMA\u00c7\u00c3O COMPLETA<\/a><\/strong><\/p>\n<p><em><strong>Roberta de S\u00e1<\/strong><\/em><\/p>\n","protected":false},"excerpt":{"rendered":"<p>A Secretaria Municipal de Educa\u00e7\u00e3o, por meio da Diretoria de Ensino Fundamental, abre na pr\u00f3xima segunda-feira (28) o Encontro de Socializa\u00e7\u00e3o de Projetos e Pr\u00e1ticas Pedag\u00f3gicas \u201cCompartilhando Saberes e Fazeres\u201d e o 2\u00ba Semin\u00e1rio Municipal do PNAIC (Pacto Nacional pela Alfabetiza\u00e7\u00e3o na Idade Certa). O evento, voltado aos educadores da rede municipal de ensino, continua [&hellip;]<\/p>\n","protected":false},"author":21,"featured_media":0,"comment_status":"closed","ping_status":"closed","sticky":false,"template":"","format":"standard","meta":{"footnotes":""},"categories":[2],"tags":[6],"ods":[],"class_list":["post-156033","post","type-post","status-publish","format-standard","hentry","category-noticias","tag-educacao"],"_links":{"self":[{"href":"https:\/\/jundiai.sp.gov.br\/noticias\/wp-json\/wp\/v2\/posts\/156033","targetHints":{"allow":["GET"]}}],"collection":[{"href":"https:\/\/jundiai.sp.gov.br\/noticias\/wp-json\/wp\/v2\/posts"}],"about":[{"href":"https:\/\/jundiai.sp.gov.br\/noticias\/wp-json\/wp\/v2\/types\/post"}],"author":[{"embeddable":true,"href":"https:\/\/jundiai.sp.gov.br\/noticias\/wp-json\/wp\/v2\/users\/21"}],"replies":[{"embeddable":true,"href":"https:\/\/jundiai.sp.gov.br\/noticias\/wp-json\/wp\/v2\/comments?post=156033"}],"version-history":[{"count":4,"href":"https:\/\/jundiai.sp.gov.br\/noticias\/wp-json\/wp\/v2\/posts\/156033\/revisions"}],"predecessor-version":[{"id":156039,"href":"https:\/\/jundiai.sp.gov.br\/noticias\/wp-json\/wp\/v2\/posts\/156033\/revisions\/156039"}],"wp:attachment":[{"href":"https:\/\/jundiai.sp.gov.br\/noticias\/wp-json\/wp\/v2\/media?parent=156033"}],"wp:term":[{"taxonomy":"category","embeddable":true,"href":"https:\/\/jundiai.sp.gov.br\/noticias\/wp-json\/wp\/v2\/categories?post=156033"},{"taxonomy":"post_tag","embeddable":true,"href":"https:\/\/jundiai.sp.gov.br\/noticias\/wp-json\/wp\/v2\/tags?post=156033"},{"taxonomy":"ods","embeddable":true,"href":"https:\/\/jundiai.sp.gov.br\/noticias\/wp-json\/wp\/v2\/ods?post=156033"}],"curies":[{"name":"wp","href":"https:\/\/api.w.org\/{rel}","templated":true}]}}