{"id":156090,"date":"2015-09-25T12:07:53","date_gmt":"2015-09-25T15:07:53","guid":{"rendered":"https:\/\/jundiai.sp.gov.br\/noticias\/?p=156090"},"modified":"2016-11-04T11:47:08","modified_gmt":"2016-11-04T13:47:08","slug":"seguem-abertas-inscricoes-para-programa-jovens-instrumentistas","status":"publish","type":"post","link":"https:\/\/jundiai.sp.gov.br\/noticias\/2015\/09\/25\/seguem-abertas-inscricoes-para-programa-jovens-instrumentistas\/","title":{"rendered":"Seguem abertas inscri\u00e7\u00f5es para Programa Jovens Instrumentistas"},"content":{"rendered":"<p><strong>As inscri\u00e7\u00f5es para o \u201cPrograma Jovens Instrumentistas\u201d, da Secretaria de Cultura em parceria com a Comiss\u00e3o Municipal de M\u00fasica, continuam at\u00e9 14 de outubro. O projeto visa estimular a pr\u00e1tica da m\u00fasica de concerto e revelar novos talentos na cidade.<\/strong><\/p>\n<p><strong>Podem se inscrever jovens instrumentistas residentes em Jundia\u00ed ou estudantes de escolas de m\u00fasica da cidade, com idade m\u00e1xima de 25 anos. Os m\u00fasicos podem se candidatar como solistas ou conjunto (duos, trios, etc.), exclusivamente de instrumentos ac\u00fasticos. Os agraciados receber\u00e3o certificados de participa\u00e7\u00e3o assinados pelo prefeito Pedro Bigardi.<\/strong><\/p>\n<p><strong>O programa vai possibilitar a apresenta\u00e7\u00e3o dos selecionados nos dias 10, 11 e 12 de novembro, \u00e0s 20h, na Sala Prof. Jayr Accioly de Souza, do Museu Hist\u00f3rico e Cultural de Jundia\u00ed, \u201cSolar do Bar\u00e3o\u201d.<\/strong><\/p>\n<p><strong>LEIA TAMB\u00c9M<br \/>\n<a href=\"https:\/\/jundiai.sp.gov.br\/noticias\/2015\/09\/24\/polytheama-tera-programacao-especial-para-semana-da-crianca\/\" target=\"_blank\">Polytheama ter\u00e1 programa\u00e7\u00e3o para Semana da Crian\u00e7a<\/a><br \/>\n<a href=\"https:\/\/jundiai.sp.gov.br\/noticias\/2015\/09\/22\/musica-do-projeto-guri-abre-o-2o-forum-do-plano-diretor\/\" target=\"_blank\">M\u00fasica do Projeto Guri abre o 2\u00ba F\u00f3rum do Plano Diretor<\/a><\/strong><\/p>\n<p><a href=\"https:\/\/jundiai.sp.gov.br\/noticias\/wp-content\/uploads\/sites\/32\/2015\/09\/programa_jovens_instrumentistas_G1.jpg\"><img loading=\"lazy\" decoding=\"async\" class=\"alignleft size-full wp-image-156091\" src=\"https:\/\/jundiai.sp.gov.br\/noticias\/wp-content\/uploads\/sites\/32\/2015\/09\/programa_jovens_instrumentistas_G1.jpg\" alt=\"programa_jovens_instrumentistas_G\" width=\"400\" height=\"400\" \/><\/a><\/p>\n<p>Dos <strong>documentos necess\u00e1rios para inscri\u00e7\u00e3o<\/strong>, n\u00e3o podem faltar as c\u00f3pias da certid\u00e3o de nascimento e comprovante de resid\u00eancia. Um breve curr\u00edculo sobre a forma\u00e7\u00e3o musical do candidato tamb\u00e9m deve ser apresentado, junto com a ficha de inscri\u00e7\u00e3o.<\/p>\n<p>No caso de conjunto, haver\u00e1 necessidade de curr\u00edculo individual de cada integrante e hist\u00f3rico do grupo. Se o participante for menor de idade, a inscri\u00e7\u00e3o deve vir acompanhada de autoriza\u00e7\u00e3o do pai ou respons\u00e1vel, com firma reconhecida. Uma foto do m\u00fasico junto ao seu instrumento deve ser enviada para os e-mails: cfasanaro@jundiai.sp.gov.br e rbarufaldi@jundiai.sp.gov.br.<\/p>\n<p>Todo material de inscri\u00e7\u00e3o dever\u00e1 ser entregue no prazo na Casa da Cultura (rua Bar\u00e3o de Jundia\u00ed, 868, Centro), de segunda a sexta-feira, das 8h \u00e0s 17h. Para mais informa\u00e7\u00f5es, consulte regulamento ou telefone, (11) 4521 \u2013 1430.<\/p>\n<p><em><strong>Assessoria de Imprensa<\/strong><\/em><\/p>\n","protected":false},"excerpt":{"rendered":"<p>Podem se inscrever m\u00fasicos residentes em Jundia\u00ed ou estudantes de escolas de m\u00fasica da cidade, com no m\u00e1ximo 25 anos<\/p>\n","protected":false},"author":21,"featured_media":154859,"comment_status":"closed","ping_status":"closed","sticky":false,"template":"","format":"standard","meta":{"footnotes":""},"categories":[2],"tags":[29],"ods":[],"class_list":["post-156090","post","type-post","status-publish","format-standard","has-post-thumbnail","hentry","category-noticias","tag-cultura"],"_links":{"self":[{"href":"https:\/\/jundiai.sp.gov.br\/noticias\/wp-json\/wp\/v2\/posts\/156090","targetHints":{"allow":["GET"]}}],"collection":[{"href":"https:\/\/jundiai.sp.gov.br\/noticias\/wp-json\/wp\/v2\/posts"}],"about":[{"href":"https:\/\/jundiai.sp.gov.br\/noticias\/wp-json\/wp\/v2\/types\/post"}],"author":[{"embeddable":true,"href":"https:\/\/jundiai.sp.gov.br\/noticias\/wp-json\/wp\/v2\/users\/21"}],"replies":[{"embeddable":true,"href":"https:\/\/jundiai.sp.gov.br\/noticias\/wp-json\/wp\/v2\/comments?post=156090"}],"version-history":[{"count":11,"href":"https:\/\/jundiai.sp.gov.br\/noticias\/wp-json\/wp\/v2\/posts\/156090\/revisions"}],"predecessor-version":[{"id":156497,"href":"https:\/\/jundiai.sp.gov.br\/noticias\/wp-json\/wp\/v2\/posts\/156090\/revisions\/156497"}],"wp:featuredmedia":[{"embeddable":true,"href":"https:\/\/jundiai.sp.gov.br\/noticias\/wp-json\/wp\/v2\/media\/154859"}],"wp:attachment":[{"href":"https:\/\/jundiai.sp.gov.br\/noticias\/wp-json\/wp\/v2\/media?parent=156090"}],"wp:term":[{"taxonomy":"category","embeddable":true,"href":"https:\/\/jundiai.sp.gov.br\/noticias\/wp-json\/wp\/v2\/categories?post=156090"},{"taxonomy":"post_tag","embeddable":true,"href":"https:\/\/jundiai.sp.gov.br\/noticias\/wp-json\/wp\/v2\/tags?post=156090"},{"taxonomy":"ods","embeddable":true,"href":"https:\/\/jundiai.sp.gov.br\/noticias\/wp-json\/wp\/v2\/ods?post=156090"}],"curies":[{"name":"wp","href":"https:\/\/api.w.org\/{rel}","templated":true}]}}