{"id":156772,"date":"2015-10-01T18:05:11","date_gmt":"2015-10-01T21:05:11","guid":{"rendered":"https:\/\/jundiai.sp.gov.br\/noticias\/?p=156772"},"modified":"2016-11-04T11:48:52","modified_gmt":"2016-11-04T13:48:52","slug":"plano-diretor-apresenta-proposta-inovadora-para-jundiai-2","status":"publish","type":"post","link":"https:\/\/jundiai.sp.gov.br\/noticias\/2015\/10\/01\/plano-diretor-apresenta-proposta-inovadora-para-jundiai-2\/","title":{"rendered":"Plano Diretor apresenta proposta &#8216;inovadora&#8217; para Jundia\u00ed"},"content":{"rendered":"<p><a href=\"https:\/\/jundiai.sp.gov.br\/noticias\/wp-content\/uploads\/sites\/32\/2015\/09\/A5-II-forum-Plano-Diret-g2.jpg\"><img loading=\"lazy\" decoding=\"async\" class=\"alignright size-full wp-image-156489\" src=\"https:\/\/jundiai.sp.gov.br\/noticias\/wp-content\/uploads\/sites\/32\/2015\/09\/A5-II-forum-Plano-Diret-g2.jpg\" alt=\"A5 - II forum Plano Diret g\" width=\"330\" height=\"370\" \/><\/a><\/p>\n<p><strong>Uma boa surpresa aos moradores \u00e9 a expectativa dos t\u00e9cnicos envolvidos com a proposta preliminar de cidade que vai ser apresentada no s\u00e1bado (3), a partir das 8h30, no 2\u00ba F\u00f3rum do <a href=\"http:\/\/planodiretor.jundiai.sp.gov.br\/\" target=\"_blank\">Plano Diretor Participativo<\/a>, no campus do Centro Universit\u00e1rio Padre Anchieta. O resultado do trabalho desenvolvido desde o ano passado ainda \u00e9 um sigilo at\u00e9 mesmo para quem participou dos levantamentos nos mais diversos setores de governo.<\/strong><\/p>\n<p><span style=\"text-decoration: underline;\"><strong>INSCRI\u00c7\u00d5ES NO LOCAL DO EVENTO<\/strong><\/span><\/p>\n<p><strong>De acordo com a <a href=\"https:\/\/jundiai.sp.gov.br\/planejamento-e-meio-ambiente\/\" target=\"_blank\">Secretaria de Planejamento e Meio Ambiente<\/a>, um dos maiores desafios foi absorver mais de 500 propostas surgidas ao longo de quase 10 mil participa\u00e7\u00f5es em question\u00e1rios, reuni\u00f5es e internet dentro da an\u00e1lise t\u00e9cnica de todos os setores<\/strong>. Mas essa tamb\u00e9m foi a principal inova\u00e7\u00e3o do novo plano, que buscou traduzir tudo em texto-base acess\u00edvel antes de passar para a linguagem de projeto de lei.<\/p>\n<p><strong>LEIA TAMB\u00c9M<br \/>\n<a href=\"https:\/\/jundiai.sp.gov.br\/noticias\/2015\/09\/28\/plano-diretor-esclarece-acoes-sobre-2o-forum\/\" target=\"_blank\">Plano Diretor esclarece a\u00e7\u00f5es sobre 2\u00ba F\u00f3rum<\/a><\/strong><\/p>\n<p>O resultado, que ser\u00e1 conhecido por todos os presentes pela manh\u00e3 antes da escolha de representantes (delegados) por regi\u00f5es ou segmentos na parte da tarde, como orienta o Conselho Nacional de Cidades, \u00e9 uma proposta que segue <strong>os objetivos estrat\u00e9gicos apontados <\/strong>pelos pr\u00f3prios moradores ao longo de todas as etapas preparat\u00f3rias. <strong>S\u00e3o eles:<\/strong><\/p>\n<p><em><strong>1. Preserva\u00e7\u00e3o, Conserva\u00e7\u00e3o e Recupera\u00e7\u00e3o de Ecossistemas H\u00eddricos e Naturais;<\/strong><\/em><br \/>\n<em><strong>2. Prote\u00e7\u00e3o, Promo\u00e7\u00e3o e recupera\u00e7\u00e3o de Bens e Im\u00f3veis de Interesse Hist\u00f3rico Cultural e iniciativas culturais;<\/strong><\/em><br \/>\n<em><strong>3. Prote\u00e7\u00e3o e Promo\u00e7\u00e3o do Desenvolvimento Rural e da Produ\u00e7\u00e3o Agr\u00edcola;<\/strong><\/em><br \/>\n<em><strong>4. Fortalecimento da Base Econ\u00f4mica local;<\/strong><\/em><br \/>\n<em><strong>5. Melhoria na Mobilidade Urbana e nas condi\u00e7\u00f5es de acessibilidade;<\/strong><\/em><br \/>\n<em><strong>6. Regula\u00e7\u00e3o do Uso e Ocupa\u00e7\u00e3o do Solo e da Produ\u00e7\u00e3o Imobili\u00e1ria;<\/strong><\/em><br \/>\n<em><strong>7. Conten\u00e7\u00e3o da Urbaniza\u00e7\u00e3o dispersa e desordenada;<\/strong><\/em><br \/>\n<em><strong>8. Aproveitamento de Im\u00f3veis Ociosos localizados em \u00e1reas urbanas consolidadas;<\/strong><\/em><br \/>\n<em><strong>9. Melhoria das Condi\u00e7\u00f5es Urbanas dos bairros, com oferta adequada de equipamentos de educa\u00e7\u00e3o, sa\u00fade, esporte, lazer e cultura;<\/strong><\/em><br \/>\n<em><strong>10. Provis\u00e3o Habitacional de Interesse Social;<\/strong><\/em><br \/>\n<em><strong>11. Urbaniza\u00e7\u00e3o e regulariza\u00e7\u00e3o fundi\u00e1ria de assentamentos prec\u00e1rios ocupados pela popula\u00e7\u00e3o de baixa renda e de interesse espec\u00edfico;<\/strong><\/em><br \/>\n<em><strong>12. Gest\u00e3o Democr\u00e1tica com fortalecimento da participa\u00e7\u00e3o popular nas decis\u00f5es dos rumos da cidade.<\/strong><\/em><\/p>\n<p><em><strong>Jos\u00e9 Arnaldo de Oliveira<\/strong><\/em><\/p>\n","protected":false},"excerpt":{"rendered":"<p>Uma boa surpresa aos moradores \u00e9 a expectativa dos t\u00e9cnicos envolvidos com a proposta preliminar de cidade que vai ser apresentada no s\u00e1bado (3), a partir das 8h30, no 2\u00ba F\u00f3rum do Plano Diretor Participativo, no campus do Centro Universit\u00e1rio Padre Anchieta. O resultado do trabalho desenvolvido desde o ano passado ainda \u00e9 um sigilo [&hellip;]<\/p>\n","protected":false},"author":11,"featured_media":0,"comment_status":"closed","ping_status":"closed","sticky":false,"template":"","format":"standard","meta":{"footnotes":""},"categories":[2],"tags":[32,559],"ods":[],"class_list":["post-156772","post","type-post","status-publish","format-standard","hentry","category-noticias","tag-planejamento-e-meio-ambiente","tag-plano-diretor-participativo"],"_links":{"self":[{"href":"https:\/\/jundiai.sp.gov.br\/noticias\/wp-json\/wp\/v2\/posts\/156772","targetHints":{"allow":["GET"]}}],"collection":[{"href":"https:\/\/jundiai.sp.gov.br\/noticias\/wp-json\/wp\/v2\/posts"}],"about":[{"href":"https:\/\/jundiai.sp.gov.br\/noticias\/wp-json\/wp\/v2\/types\/post"}],"author":[{"embeddable":true,"href":"https:\/\/jundiai.sp.gov.br\/noticias\/wp-json\/wp\/v2\/users\/11"}],"replies":[{"embeddable":true,"href":"https:\/\/jundiai.sp.gov.br\/noticias\/wp-json\/wp\/v2\/comments?post=156772"}],"version-history":[{"count":2,"href":"https:\/\/jundiai.sp.gov.br\/noticias\/wp-json\/wp\/v2\/posts\/156772\/revisions"}],"predecessor-version":[{"id":158091,"href":"https:\/\/jundiai.sp.gov.br\/noticias\/wp-json\/wp\/v2\/posts\/156772\/revisions\/158091"}],"wp:attachment":[{"href":"https:\/\/jundiai.sp.gov.br\/noticias\/wp-json\/wp\/v2\/media?parent=156772"}],"wp:term":[{"taxonomy":"category","embeddable":true,"href":"https:\/\/jundiai.sp.gov.br\/noticias\/wp-json\/wp\/v2\/categories?post=156772"},{"taxonomy":"post_tag","embeddable":true,"href":"https:\/\/jundiai.sp.gov.br\/noticias\/wp-json\/wp\/v2\/tags?post=156772"},{"taxonomy":"ods","embeddable":true,"href":"https:\/\/jundiai.sp.gov.br\/noticias\/wp-json\/wp\/v2\/ods?post=156772"}],"curies":[{"name":"wp","href":"https:\/\/api.w.org\/{rel}","templated":true}]}}