{"id":156840,"date":"2015-10-02T15:38:21","date_gmt":"2015-10-02T18:38:21","guid":{"rendered":"https:\/\/jundiai.sp.gov.br\/noticias\/?p=156840"},"modified":"2016-11-04T11:48:55","modified_gmt":"2016-11-04T13:48:55","slug":"primeira-dama-participa-da-missa-em-comemoracao-aos-12-anos-do-hu","status":"publish","type":"post","link":"https:\/\/jundiai.sp.gov.br\/noticias\/2015\/10\/02\/primeira-dama-participa-da-missa-em-comemoracao-aos-12-anos-do-hu\/","title":{"rendered":"Primeira-dama participa da missa pelo anivers\u00e1rio do HU"},"content":{"rendered":"<p><strong>A primeira-dama Margarete Geraldo Bigardi, presidente do <a href=\"https:\/\/jundiai.sp.gov.br\/fundo-social-de-solidariedade\/\" target=\"_blank\">Fundo Social de Solidariedade (Funss)<\/a>, representou, na manh\u00e3 desta sexta-feira (2), o prefeito Pedro Bigardi e o secret\u00e1rio de Sa\u00fade, Lu\u00eds Carlos Casarin, na missa em A\u00e7\u00e3o de Gra\u00e7as pelo 12\u00ba anivers\u00e1rio do <a href=\"http:\/\/www.hufmj.com.br\/\" target=\"_blank\">Hospital Universit\u00e1rio de Jundia\u00ed<\/a>.<\/strong><\/p>\n<p><strong>LEIA MAIS<\/strong><br \/>\n<strong><a class=\"titulo-lista\" title=\"Come\u00e7a a campanha \u2018Outubro Rosa\u2019 em Jundia\u00ed\" href=\"https:\/\/jundiai.sp.gov.br\/noticias\/2015\/10\/01\/comeca-a-campanha-outubro-rosa-em-jundiai\/\" rel=\"bookmark\">Come\u00e7a a campanha \u2018Outubro Rosa\u2019 em Jundia\u00ed<\/a><\/strong><br \/>\n<strong><a class=\"titulo-lista\" title=\"Feira da Amizade: m\u00fasica, gastronomia e divers\u00e3o\" href=\"https:\/\/jundiai.sp.gov.br\/noticias\/2015\/10\/01\/feira-da-amizade-musica-gastronomia-e-diversao\/\" rel=\"bookmark\">Feira da Amizade: m\u00fasica, gastronomia e divers\u00e3o<\/a><\/strong><\/p>\n<div id=\"attachment_156841\" style=\"width: 730px\" class=\"wp-caption aligncenter\"><a href=\"https:\/\/jundiai.sp.gov.br\/noticias\/wp-content\/uploads\/sites\/32\/2015\/10\/Missa_HU_A_43g.jpg\"><img loading=\"lazy\" decoding=\"async\" aria-describedby=\"caption-attachment-156841\" class=\"size-full wp-image-156841\" src=\"https:\/\/jundiai.sp.gov.br\/noticias\/wp-content\/uploads\/sites\/32\/2015\/10\/Missa_HU_A_43g.jpg\" alt=\"Missa foi celebrada pelo bispo diocesano dom Vicente Costa\" width=\"720\" height=\"513\" \/><\/a><p id=\"caption-attachment-156841\" class=\"wp-caption-text\">Missa foi celebrada pelo bispo diocesano dom Vicente Costa<\/p><\/div>\n<p>A missa foi celebrada pelo bispo diocesano de Jundia\u00ed, dom Vicente Costa, acompanhado pelo padre Samuel Rom\u00e3o, no audit\u00f3rio do hospital, e contou com a presen\u00e7a dos membros da diretoria e com convidados, como m\u00e9dicos, enfermeiros e demais funcion\u00e1rios. O Coral Unimed, sob reg\u00eancia do maestro Andr\u00e9 Minutti, tamb\u00e9m marcou presen\u00e7a.<\/p>\n<p><strong>Margarete agradeceu o convite. \u201cFiquei muito contente de estar aqui em mais um ano. Parabenizo o hospital pelo anivers\u00e1rio e pelo trabalho que \u00e9 realizado com muita dedica\u00e7\u00e3o para os pacientes\u201d, disse.<\/strong><\/p>\n<p><em><strong>Carolina Namura<\/strong><\/em><br \/>\n<em><strong> Fotos: Alessandro Rosman<\/strong><\/em><\/p>\n","protected":false},"excerpt":{"rendered":"<p>A primeira-dama Margarete Geraldo Bigardi, presidente do Fundo Social de Solidariedade (Funss), representou, na manh\u00e3 desta sexta-feira (2), o prefeito Pedro Bigardi e o secret\u00e1rio de Sa\u00fade, Lu\u00eds Carlos Casarin, na missa em A\u00e7\u00e3o de Gra\u00e7as pelo 12\u00ba anivers\u00e1rio do Hospital Universit\u00e1rio de Jundia\u00ed. LEIA MAIS Come\u00e7a a campanha \u2018Outubro Rosa\u2019 em Jundia\u00ed Feira da [&hellip;]<\/p>\n","protected":false},"author":11,"featured_media":0,"comment_status":"closed","ping_status":"closed","sticky":false,"template":"","format":"standard","meta":{"footnotes":""},"categories":[2],"tags":[52,417,3],"ods":[],"class_list":["post-156840","post","type-post","status-publish","format-standard","hentry","category-noticias","tag-hospital-universitario-hu","tag-primeira-dama","tag-saude"],"_links":{"self":[{"href":"https:\/\/jundiai.sp.gov.br\/noticias\/wp-json\/wp\/v2\/posts\/156840","targetHints":{"allow":["GET"]}}],"collection":[{"href":"https:\/\/jundiai.sp.gov.br\/noticias\/wp-json\/wp\/v2\/posts"}],"about":[{"href":"https:\/\/jundiai.sp.gov.br\/noticias\/wp-json\/wp\/v2\/types\/post"}],"author":[{"embeddable":true,"href":"https:\/\/jundiai.sp.gov.br\/noticias\/wp-json\/wp\/v2\/users\/11"}],"replies":[{"embeddable":true,"href":"https:\/\/jundiai.sp.gov.br\/noticias\/wp-json\/wp\/v2\/comments?post=156840"}],"version-history":[{"count":3,"href":"https:\/\/jundiai.sp.gov.br\/noticias\/wp-json\/wp\/v2\/posts\/156840\/revisions"}],"predecessor-version":[{"id":156844,"href":"https:\/\/jundiai.sp.gov.br\/noticias\/wp-json\/wp\/v2\/posts\/156840\/revisions\/156844"}],"wp:attachment":[{"href":"https:\/\/jundiai.sp.gov.br\/noticias\/wp-json\/wp\/v2\/media?parent=156840"}],"wp:term":[{"taxonomy":"category","embeddable":true,"href":"https:\/\/jundiai.sp.gov.br\/noticias\/wp-json\/wp\/v2\/categories?post=156840"},{"taxonomy":"post_tag","embeddable":true,"href":"https:\/\/jundiai.sp.gov.br\/noticias\/wp-json\/wp\/v2\/tags?post=156840"},{"taxonomy":"ods","embeddable":true,"href":"https:\/\/jundiai.sp.gov.br\/noticias\/wp-json\/wp\/v2\/ods?post=156840"}],"curies":[{"name":"wp","href":"https:\/\/api.w.org\/{rel}","templated":true}]}}