{"id":157116,"date":"2015-10-06T17:07:24","date_gmt":"2015-10-06T20:07:24","guid":{"rendered":"https:\/\/jundiai.sp.gov.br\/noticias\/?p=157116"},"modified":"2016-11-04T12:51:17","modified_gmt":"2016-11-04T14:51:17","slug":"parque-corrupira-vai-receber-festa-gratuita-no-dia-12","status":"publish","type":"post","link":"https:\/\/jundiai.sp.gov.br\/noticias\/2015\/10\/06\/parque-corrupira-vai-receber-festa-gratuita-no-dia-12\/","title":{"rendered":"Parque Corrupira vai receber festa gratuita no dia 12"},"content":{"rendered":"<p><strong>Divers\u00e3o n\u00e3o vai faltar para a garotada no pr\u00f3ximo dia 12, no Parque Corrupira, na festa organizada pelo Fundo Social de Solidariedade (Funss) e Secretaria de Servi\u00e7os P\u00fablicos, por determina\u00e7\u00e3o do prefeito Pedro Bigardi. A expectativa \u00e9 de receber mais de 20 mil pessoas para celebrar o Dia da Crian\u00e7a. <\/strong><\/p>\n<p>&#8220;Ser\u00e1 um dia alegre, cheio de atra\u00e7\u00f5es para toda a fam\u00edlia, realizado com muito carinho&#8221;, conta o prefeito. <strong>O parque abre \u00e0s 6h e s\u00f3 fecha \u00e0s 17h. As crian\u00e7as ter\u00e3o \u00e0 disposi\u00e7\u00e3o brinquedos infl\u00e1veis, trenzinho, pipoca, algod\u00e3o doce, refrigerante e diversas atra\u00e7\u00f5es l\u00fadicas, tudo gratuito.<\/strong><\/p>\n<p>A anima\u00e7\u00e3o ficar\u00e1 por conta da banda Repercutindo Sons, projeto de musicaliza\u00e7\u00e3o infantil percussiva com instrumentos reciclados. O grupo, que mostra m\u00fasica de qualidade com tambores, panelas e cabos de vassoura, ter\u00e1 duas entradas. Uma \u00e0s 11h e outra \u00e0s 15h.<\/p>\n<p><strong>LEIA TAMB\u00c9M<br \/>\n<a href=\"https:\/\/jundiai.sp.gov.br\/noticias\/2015\/10\/05\/feira-da-amizade-2015-recebe-55-mil-visitantes\/\" target=\"_blank\">Feira da Amizade 2015 recebe 55 mil visitantes<\/a><\/strong><br \/>\n<a href=\"https:\/\/jundiai.sp.gov.br\/noticias\/2015\/09\/30\/secretario-de-servicos-publicos-fala-no-rwm-brasil\/\" target=\"_blank\"><strong>Secret\u00e1rio de Servi\u00e7os P\u00fablicos fala no RWM Brasil<\/strong><\/a><br \/>\n<a href=\"https:\/\/jundiai.sp.gov.br\/noticias\/2015\/10\/03\/prefeitura-promove-2o-forum-do-plano-diretor-participativo\/\" target=\"_blank\"><strong>Prefeitura promove 2\u00ba F\u00f3rum do Plano Diretor Participativo<\/strong><\/a><br \/>\n<a href=\"https:\/\/jundiai.sp.gov.br\/noticias\/2015\/10\/06\/caravana-cultural-no-dia-da-crianca-no-parque-da-cidade\/\" target=\"_blank\"><strong>Caravana Cultural no Dia da Crian\u00e7a agita Parque da Cidade<\/strong><\/a><\/p>\n<div id=\"attachment_157117\" style=\"width: 730px\" class=\"wp-caption aligncenter\"><a href=\"https:\/\/jundiai.sp.gov.br\/noticias\/wp-content\/uploads\/sites\/32\/2015\/10\/dia_criancas_c_G.jpg\"><img loading=\"lazy\" decoding=\"async\" aria-describedby=\"caption-attachment-157117\" class=\"size-large wp-image-157117\" src=\"https:\/\/jundiai.sp.gov.br\/noticias\/wp-content\/uploads\/sites\/32\/2015\/10\/dia_criancas_c_G-720x498.jpg\" alt=\"Brinquedos infl\u00e1veis e muitas atra\u00e7\u00f5es gratuitas estar\u00e3o \u00e0 disposi\u00e7\u00e3o no dia 12\" width=\"720\" height=\"498\" srcset=\"https:\/\/jundiai.sp.gov.br\/noticias\/wp-content\/uploads\/sites\/32\/2015\/10\/dia_criancas_c_G-720x498.jpg 720w, https:\/\/jundiai.sp.gov.br\/noticias\/wp-content\/uploads\/sites\/32\/2015\/10\/dia_criancas_c_G-300x208.jpg 300w, https:\/\/jundiai.sp.gov.br\/noticias\/wp-content\/uploads\/sites\/32\/2015\/10\/dia_criancas_c_G.jpg 1240w\" sizes=\"auto, (max-width: 720px) 100vw, 720px\" \/><\/a><p id=\"caption-attachment-157117\" class=\"wp-caption-text\">Brinquedos infl\u00e1veis e muitas atra\u00e7\u00f5es gratuitas estar\u00e3o \u00e0 disposi\u00e7\u00e3o no dia 12<\/p><\/div>\n<p>Al\u00e9m disso, o grupo Doces Sonhos far\u00e1 brincadeiras recreativas com as crian\u00e7as das 10h \u00e0s 12h e das 14h \u00e0s 16h. Tamb\u00e9m haver\u00e1 pintura art\u00edstica das 10h \u00e0s 12 e das 14h \u00e0s 16h.<\/p>\n<p>Estar\u00e3o dispon\u00edveis 140 churrasqueiras e 50 quiosques. A capacidade do estacionamento \u00e9 para 1.500 carros.<\/p>\n<p>&#8220;O evento \u00e9 tradi\u00e7\u00e3o em nossa cidade. O que n\u00f3s queremos \u00e9 mais uma vez a uni\u00e3o entre pais e filhos em um dia de divertimento e proximidade entre eles. Precisamos valorizar e explorar os espa\u00e7os que a nossa cidade possui&#8221;, comenta a primeira-dama e presidente do Fundo Social de Solidariedade, Margarete Geraldo Bigardi.<\/p>\n<p>O secret\u00e1rio de Servi\u00e7os P\u00fablicos Aguinaldo Leite frisa ainda que a ideia \u00e9 proporcionar um dia divertido para as fam\u00edlias. \u201c\u00c9 uma festa tradicional. A proposta \u00e9 trazer \u00e0 popula\u00e7\u00e3o um dia alegre, repleto de atra\u00e7\u00f5es.&#8221;<\/p>\n<p>O evento \u00e9 em parceria com a <strong><a href=\"http:\/\/www.ferraspari.com.br\/\" target=\"_blank\">Ferr\u00e1spari<\/a><\/strong> e o apoio \u00e9 da Secretaria de Cultura, Guarda Municipal, Secretaria de Transportes, Secretaria de Esportes, Secretaria de Sa\u00fade e Secretaria de Educa\u00e7\u00e3o.<\/p>\n<p><strong>\u00d4nibus<\/strong><br \/>\n<strong>Quem quiser participar do evento ter\u00e1 \u00e0 sua disposi\u00e7\u00e3o as linhas 563 (Terminal Cecap \u2013 Bairro dos Fernandes) e linha 703 (Rio Acima &#8211; Terminal Vila Arens), que passam pelo Parque de Corrupira. Nos Terminais Cecap e Vila Arens haver\u00e1 \u00f4nibus reserva (refor\u00e7o das linhas 563 e 703) para serem utilizados conforme a demanda de usu\u00e1rios. A opera\u00e7\u00e3o ser\u00e1 coordenada pelos profissionais das operadoras e Secretaria de Transportes (Setransp).<\/strong><\/p>\n<p>Durante e ap\u00f3s o t\u00e9rmino do evento, viagens especiais sair\u00e3o da frente do Parque de Corrupira para os terminais de Vila Arens e Cecap integrando-se com as linhas do Sistema Integrado de Transporte Urbano (Situ). As partidas tamb\u00e9m ser\u00e3o coordenadas.<\/p>\n<p><strong>LEIA TAMB\u00c9M<br \/>\n<a href=\"https:\/\/jundiai.sp.gov.br\/noticias\/2015\/10\/06\/novas-linhas-de-onibus-atendem-unidades-basicas-de-saude\/\" target=\"_blank\">Novas linhas de \u00f4nibus atendem Unidades B\u00e1sicas de Sa\u00fade<\/a><\/strong><\/p>\n<p><strong>Luana Dias<br \/>\nFoto: Arquivo PMJ<br \/>\n<\/strong><\/p>\n","protected":false},"excerpt":{"rendered":"<p>LEIA TAMB\u00c9M: confira como fica o funcionamento dos servi\u00e7os p\u00fablicos no abre e fecha de 12 de setembro<\/p>\n","protected":false},"author":10,"featured_media":157118,"comment_status":"closed","ping_status":"closed","sticky":false,"template":"","format":"standard","meta":{"footnotes":""},"categories":[2],"tags":[29,6,416,31,653,3,341,338],"ods":[],"class_list":["post-157116","post","type-post","status-publish","format-standard","has-post-thumbnail","hentry","category-noticias","tag-cultura","tag-educacao","tag-fundo-social-de-solidariedade-funss","tag-guarda-municipal","tag-parque-do-trabalhador-corrupira","tag-saude","tag-servicos-publicos","tag-transportes"],"_links":{"self":[{"href":"https:\/\/jundiai.sp.gov.br\/noticias\/wp-json\/wp\/v2\/posts\/157116","targetHints":{"allow":["GET"]}}],"collection":[{"href":"https:\/\/jundiai.sp.gov.br\/noticias\/wp-json\/wp\/v2\/posts"}],"about":[{"href":"https:\/\/jundiai.sp.gov.br\/noticias\/wp-json\/wp\/v2\/types\/post"}],"author":[{"embeddable":true,"href":"https:\/\/jundiai.sp.gov.br\/noticias\/wp-json\/wp\/v2\/users\/10"}],"replies":[{"embeddable":true,"href":"https:\/\/jundiai.sp.gov.br\/noticias\/wp-json\/wp\/v2\/comments?post=157116"}],"version-history":[{"count":12,"href":"https:\/\/jundiai.sp.gov.br\/noticias\/wp-json\/wp\/v2\/posts\/157116\/revisions"}],"predecessor-version":[{"id":158109,"href":"https:\/\/jundiai.sp.gov.br\/noticias\/wp-json\/wp\/v2\/posts\/157116\/revisions\/158109"}],"wp:featuredmedia":[{"embeddable":true,"href":"https:\/\/jundiai.sp.gov.br\/noticias\/wp-json\/wp\/v2\/media\/157118"}],"wp:attachment":[{"href":"https:\/\/jundiai.sp.gov.br\/noticias\/wp-json\/wp\/v2\/media?parent=157116"}],"wp:term":[{"taxonomy":"category","embeddable":true,"href":"https:\/\/jundiai.sp.gov.br\/noticias\/wp-json\/wp\/v2\/categories?post=157116"},{"taxonomy":"post_tag","embeddable":true,"href":"https:\/\/jundiai.sp.gov.br\/noticias\/wp-json\/wp\/v2\/tags?post=157116"},{"taxonomy":"ods","embeddable":true,"href":"https:\/\/jundiai.sp.gov.br\/noticias\/wp-json\/wp\/v2\/ods?post=157116"}],"curies":[{"name":"wp","href":"https:\/\/api.w.org\/{rel}","templated":true}]}}