{"id":157163,"date":"2015-10-06T17:59:57","date_gmt":"2015-10-06T20:59:57","guid":{"rendered":"https:\/\/jundiai.sp.gov.br\/noticias\/?p=157163"},"modified":"2016-11-04T12:51:23","modified_gmt":"2016-11-04T14:51:23","slug":"confira-a-programacao-completa-da-caravana-cultural","status":"publish","type":"post","link":"https:\/\/jundiai.sp.gov.br\/noticias\/2015\/10\/06\/confira-a-programacao-completa-da-caravana-cultural\/","title":{"rendered":"Confira a programa\u00e7\u00e3o completa da Caravana Cultural"},"content":{"rendered":"<p><strong>S\u00e1bado<\/strong><br \/>\nNo decorrer do dia &#8211; oficinas culturais de bexigas, pinturas faciais e atividades circenses. <\/p>\n<p><strong>8h30 <\/strong>&#8211; Banda Dia D &#8211; Coordenadoria da Pessoa Com Defici\u00eancia<\/p>\n<p><strong>9h <\/strong>&#8211; Abertura oficial com apresenta\u00e7\u00e3o da campanha #Inspire-se <\/p>\n<p><strong>9h45<\/strong> &#8211; Teatro &#8220;Rei le\u00e3o&#8221; &#8211; Apae Jundia\u00ed e Guarda Municipal de Jundia\u00ed<\/p>\n<p><strong>10h15<\/strong> &#8211; Banda Dia D &#8211; Coordenadoria da Pessoa Com Defici\u00eancia<br \/>\nBem-Te-Vi Jundia\u00ed<\/p>\n<p><strong>10h45<\/strong> &#8211; Aula \u2013 Movimento Inspire-se com UDJR e FCD<\/p>\n<p><strong>11h15 <\/strong>&#8211; Aula de Alongamento &#8211; CRJ &#8211; Centro de Reabilita\u00e7\u00e3o Jundia\u00ed<\/p>\n<p><strong>11h45<\/strong> \u2013 Apresenta\u00e7\u00e3o da banda Claudio Maroto. Participa\u00e7\u00e3o ACSJ (Associa\u00e7\u00e3o e Clube dos Surdos de Jundia\u00ed)<\/p>\n<p><strong>12h15<\/strong> \u2013 Atividades de dan\u00e7a<\/p>\n<p><strong>12h45<\/strong> &#8211; #Inspire-se<br \/>\nAula de Alongamento &#8211; CRJ &#8211; Centro de Reabilita\u00e7\u00e3o Jundia\u00ed<\/p>\n<p><strong>13h15<\/strong> &#8211; Orquestra de Violeiros Terra da Uva<\/p>\n<p><strong>14h15<\/strong> \u2013 Mostra de dan\u00e7a com o Peama, Secretaria de Esportes e Pastoral dos Surdos e da Pessoa com Defici\u00eancia<\/p>\n<p><strong>14h45<\/strong> &#8211; M\u00fasica em libras Ateal (Associa\u00e7\u00e3o Terap\u00eautica de Estimula\u00e7\u00e3o Auditiva e Linguagem)<\/p>\n<p><strong>15h<\/strong> \u2013 Escola de Ballet DAC (apresenta\u00e7\u00e3o de dan\u00e7a)<\/p>\n<p><strong>15h30 <\/strong>\u2013 Lilian Ferret Studio de Dan\u00e7a (apresenta\u00e7\u00e3o de dan\u00e7a)<\/p>\n<p><strong>16h<\/strong> \u2013 La Bella Arte (apresenta\u00e7\u00e3o de dan\u00e7a)<\/p>\n<p><strong>16h15<\/strong> &#8211; Causos, Cantigas e Can\u00e7\u00f5es com Eufra Modesto<\/p>\n<p><strong>17h15<\/strong> &#8211; Encerramento.<\/p>\n<p><strong>Domingo <\/strong><br \/>\nNo decorrer do dia &#8211; oficinas culturais de bexigas, pinturas faciais e atividades circenses.<\/p>\n<p><strong>09h30<\/strong> \u2013 Alongamento com a Academia Ak One<\/p>\n<p><strong>10h<\/strong> \u2013 Atividade de dan\u00e7a r\u00edtmica<\/p>\n<p><strong>11h<\/strong> \u2013 Teatro Oficina Ballet (apresenta\u00e7\u00e3o de pe\u00e7a musical infantil)<\/p>\n<p><strong>11h20<\/strong> \u2013 Monalisa Pizzolato (apresenta\u00e7\u00e3o de dan\u00e7a)<\/p>\n<p><strong>12h<\/strong> \u2013 Teatro: \u201cSenhor Dod\u00f3i\u201d<\/p>\n<p><strong>12h50<\/strong> \u2013 Studio La Danse (apresenta\u00e7\u00e3o de dan\u00e7a)<\/p>\n<p><strong>13h20<\/strong> \u2013 Escola Pio X<\/p>\n<p><strong>13h40<\/strong> \u2013 Teatro \u201cA caixa\u201d, com a Cia. S\u00e3o Gen\u00e9sio<\/p>\n<p><strong>14h50 <\/strong>\u2013 Amira Dan\u00e7a e Movimento (apresenta\u00e7\u00e3o de dan\u00e7a)<\/p>\n<p><strong>15h30<\/strong> &#8211; Teatro \u201cA cigarra e a Formiga\u201d com a Cia S\u00e3o Gen\u00e9sio<\/p>\n<p><strong>16h15<\/strong> \u2013 Lar An\u00e1lia Franco (apresenta\u00e7\u00e3o de dan\u00e7a)<\/p>\n<p><strong>16h30<\/strong> &#8211; Orquestra de Violeiros de Paul\u00ednia<\/p>\n<p><strong>17h30<\/strong> \u2013 Cinema \u2013 exibi\u00e7\u00e3o de curtas-metragens<\/p>\n","protected":false},"excerpt":{"rendered":"<p>S\u00e1bado No decorrer do dia &#8211; oficinas culturais de bexigas, pinturas faciais e atividades circenses. 8h30 &#8211; Banda Dia D &#8211; Coordenadoria da Pessoa Com Defici\u00eancia 9h &#8211; Abertura oficial com apresenta\u00e7\u00e3o da campanha #Inspire-se 9h45 &#8211; Teatro &#8220;Rei le\u00e3o&#8221; &#8211; Apae Jundia\u00ed e Guarda Municipal de Jundia\u00ed 10h15 &#8211; Banda Dia D &#8211; Coordenadoria [&hellip;]<\/p>\n","protected":false},"author":10,"featured_media":0,"comment_status":"closed","ping_status":"closed","sticky":false,"template":"","format":"standard","meta":{"footnotes":""},"categories":[2],"tags":[509,29,66],"ods":[],"class_list":["post-157163","post","type-post","status-publish","format-standard","hentry","category-noticias","tag-coordenadoria-dos-direitos-das-pessoas-com-deficiencia","tag-cultura","tag-dae"],"_links":{"self":[{"href":"https:\/\/jundiai.sp.gov.br\/noticias\/wp-json\/wp\/v2\/posts\/157163","targetHints":{"allow":["GET"]}}],"collection":[{"href":"https:\/\/jundiai.sp.gov.br\/noticias\/wp-json\/wp\/v2\/posts"}],"about":[{"href":"https:\/\/jundiai.sp.gov.br\/noticias\/wp-json\/wp\/v2\/types\/post"}],"author":[{"embeddable":true,"href":"https:\/\/jundiai.sp.gov.br\/noticias\/wp-json\/wp\/v2\/users\/10"}],"replies":[{"embeddable":true,"href":"https:\/\/jundiai.sp.gov.br\/noticias\/wp-json\/wp\/v2\/comments?post=157163"}],"version-history":[{"count":2,"href":"https:\/\/jundiai.sp.gov.br\/noticias\/wp-json\/wp\/v2\/posts\/157163\/revisions"}],"predecessor-version":[{"id":157167,"href":"https:\/\/jundiai.sp.gov.br\/noticias\/wp-json\/wp\/v2\/posts\/157163\/revisions\/157167"}],"wp:attachment":[{"href":"https:\/\/jundiai.sp.gov.br\/noticias\/wp-json\/wp\/v2\/media?parent=157163"}],"wp:term":[{"taxonomy":"category","embeddable":true,"href":"https:\/\/jundiai.sp.gov.br\/noticias\/wp-json\/wp\/v2\/categories?post=157163"},{"taxonomy":"post_tag","embeddable":true,"href":"https:\/\/jundiai.sp.gov.br\/noticias\/wp-json\/wp\/v2\/tags?post=157163"},{"taxonomy":"ods","embeddable":true,"href":"https:\/\/jundiai.sp.gov.br\/noticias\/wp-json\/wp\/v2\/ods?post=157163"}],"curies":[{"name":"wp","href":"https:\/\/api.w.org\/{rel}","templated":true}]}}