{"id":157182,"date":"2015-10-06T18:27:41","date_gmt":"2015-10-06T21:27:41","guid":{"rendered":"https:\/\/jundiai.sp.gov.br\/noticias\/?p=157182"},"modified":"2016-11-04T12:51:21","modified_gmt":"2016-11-04T14:51:21","slug":"confira-a-relacao-preliminar-dos-representantes-indicados-no-forum","status":"publish","type":"post","link":"https:\/\/jundiai.sp.gov.br\/noticias\/2015\/10\/06\/confira-a-relacao-preliminar-dos-representantes-indicados-no-forum\/","title":{"rendered":"Confira a rela\u00e7\u00e3o preliminar dos representantes indicados no f\u00f3rum"},"content":{"rendered":"<p><strong>Entidades acad\u00eamicas, profissionais e de pesquisa:<\/strong><\/p>\n<p>Cl\u00e1udio Cunha (Fatec\/Unianchieta)<\/p>\n<p>Suplente: Natan Solini<\/p>\n<p>Liliana de Camargo Traldi Bezerra (Conselho Regional de Engenharia)<\/p>\n<p>Suplente: Jos\u00e9 Maria de Lima<\/p>\n<p>Luiz Dias da Silveira J\u00fanior (Ordem dos Advogados do Brasil)<\/p>\n<p>Suplente: Liliane Azarias Schuller<\/p>\n<p>Mari\u00e2ngela Mazzola Mendes (Instituto dos Arquitetos do Brasil)<\/p>\n<p>Suplente: Rafael Benassi<\/p>\n<p>Norival Antonio de Freitas (Conselho Regional de Corretores de Im\u00f3veis)<\/p>\n<p>Suplente: Carlos Galv\u00e3o<\/p>\n<p>Roberval Guitarrari (Associa\u00e7\u00e3o dos Engenheiros de Jundia\u00ed)<\/p>\n<p>Suplente: Joyce Chichini<\/p>\n<p>Rosana Ferrari (Instituto dos Arquitetos do Brasil)<\/p>\n<p>Suplente: Suzana Traldi<\/p>\n<p>S\u00edlvio Eduardo Drezza (Associa\u00e7\u00e3o dos Engenheiros de Jundia\u00ed)<\/p>\n<p>Suplente: Jesus Antonio Ribeiro<\/p>\n<p><strong>ONGs e Coletivos:<\/strong><\/p>\n<p>Cl\u00e1udio Franchini (Centro de Orienta\u00e7\u00e3o Ambiental Terra Integrada)<\/p>\n<p>Daniel Andreoli Rodrigues Motta (Cultura Jundiahy)<\/p>\n<p>Eduardo Hon\u00f3rio (Clube 28 de Setembro)<\/p>\n<p>Gianlucca Hernandez (Pedala Jundia\u00ed)<\/p>\n<p>Suplente: Reginaldo Manoel da Costa (Coletivo Marcha Jundia\u00ed)<\/p>\n<p>Trabalhadores:<\/p>\n<p>Antonio Marcos Tebom (Central \u00danica dos Trabalhadores)<\/p>\n<p>Suplente: Jo\u00e3o Luiz Leite<\/p>\n<p>Douglas Yamagata (Sindicato dos Banc\u00e1rios)<\/p>\n<p>Suplente: S\u00e9rgio Hideo Kaneko<\/p>\n<p>Eduardo Eli de Souza (Sindicato dos Gr\u00e1ficos)<\/p>\n<p><strong>F\u00e9 Juncal (Associa\u00e7\u00e3o dos Aposentados e Pensionistas)<\/strong><\/p>\n<p>Suplente: Geraldo Luiz da Costa<\/p>\n<p>Jos\u00e9 Dalmar Acorinte (Sindicato dos Professores)<\/p>\n<p>Suplente: Elisabete Belon<\/p>\n<p>Juliano Chagas (Sindicato dos Servidores do Munic\u00edpio)<\/p>\n<p>Luiz Antonio Pellegrini Bandini &#8211; (Sindicato dos Engenheiros do Estado)<\/p>\n<p>Suplente: Jos\u00e9 Augusto de Moraes<\/p>\n<p>Natanael \u201cCa\u00ea\u201d Onofre Matias (Sindicato dos Metal\u00fargicos)<\/p>\n<p>Suplente: Rosemary Prado<\/p>\n<p><strong>Empresas:<\/strong><\/p>\n<p>Afonso Peche Filho (Associa\u00e7\u00e3o Agr\u00edcola de Jundia\u00ed)<\/p>\n<p>Antonio Roberto Losqui (Sindicato Rural de Jundia\u00ed)<\/p>\n<p>Suplente: Neusa Liborio Sutti<\/p>\n<p>Dirceu Francisco Cardoso (Sindicato dos Corretores de Im\u00f3veis do Estado)<\/p>\n<p>Jos\u00e9 Henrique Losqui (Entreposto Central de Abastecimento de Jundia\u00ed)<\/p>\n<p>Suplente: Olavo Savieto<\/p>\n<p>M\u00e1rcio Viotti (Centro das Ind\u00fastrias do Estado de S\u00e3o Paulo)<\/p>\n<p>Nivaldo Jos\u00e9 Callegari (Associa\u00e7\u00e3o das Empresas e Profissionais do Setor Imobili\u00e1rio)<\/p>\n<p><strong>Movimentos Sociais:<\/strong><\/p>\n<p>A lista preliminar dos representantes de movimentos sociais (regi\u00f5es da cidade) torna-se definitiva com o encaminhamento de comprovantes de resid\u00eancia. Veja os representantes indicados no f\u00f3rum:<\/p>\n<p><strong>Regi\u00e3o 1<\/strong> (Rio das Pedras, Medeiros, Eloy Chaves e Ermida)<\/p>\n<p>Titulares: Marcos Leite Boriero e Helena Cristina Alves de Oliveira<\/p>\n<p>Suplente: Jo\u00e3o Miguel Alves<\/p>\n<p><strong>Regi\u00e3o 2<\/strong> (Parque Industrial, Novo Horizonte, Fazenda Grande, Casa Branca, Distrito Industrial e Tulipas)<\/p>\n<p>Titulares: Valdeci Mantovam, Daniel Donato Ferreira e Josu\u00e9 Soares da Silva<\/p>\n<p>Suplente: Vitor Jos\u00e9 Teles<\/p>\n<p><strong>Regi\u00e3o 3<\/strong> (Bom Jardim, Travi\u00fa, \u00c1gua Doce e Poste)<\/p>\n<p>Titular: Herick Gustavo De Marchi<\/p>\n<p>Suplente: Augusto Chechinato<\/p>\n<p><strong>Regi\u00e3o 4<\/strong> (Fernandes, Currupira, CECAP, Engordadouro, Hortol\u00e2ndia, Parque Centen\u00e1rio e Torres de S\u00e3o Jos\u00e9)<\/p>\n<p>Titulares: Rodrigo Pavan Benassi, Luiz Felipe Miranda Grubba, Christiano Basile e Valter Luiz Galli<\/p>\n<p>Suplentes: Francisco Gomes e Claudemir Pinheiro<\/p>\n<p><strong>Regi\u00e3o 5 <\/strong>(S\u00e3o Jos\u00e9 da Pedra Santa, Fazenda Concei\u00e7\u00e3o, Rio Acima, Champirra, Mato Dentro, Jundia\u00ed Mirim, Marco Leite e Pinheirinho)<\/p>\n<p>Titular: Cleverson In\u00e1cio Teixeira<\/p>\n<p>Suplente: Isaura Paulo<\/p>\n<p><strong>Regi\u00e3o 6<\/strong> (Ponte Alta, Campo Verde, Roseira, Ivoturucaia, Toca, Caxambu, Nova Odessa e Vale Azul)<\/p>\n<p>Titular: Danielle Tega<\/p>\n<p>Suplente: Pedro Paulino<\/p>\n<p><strong>Regi\u00e3o 7<\/strong> (Nambi, Tamoio, Tarum\u00e3, S\u00e3o Camilo, Col\u00f4nia, Ponte S\u00e3o Jo\u00e3o e Jardim Pacaembu)<br \/>\nTitulares: Luciano Libano de Alc\u00e2ntara, S\u00e9rgio Eduardo G. Aguiar, Daniel Silva, Gelson Jos\u00e9 da Silva e Edite Lopes da Silveira<\/p>\n<p>Suplentes: Saul de Souza Arange e Clodoaldo Ferreira Dias<\/p>\n<p><strong>Regi\u00e3o 8<\/strong> (Ch\u00e1cara Urbana, Jardim Bot\u00e2nico, Horto Florestal, Centro, Vila Municipal e Vila Rio Branco)<\/p>\n<p>Titulares: Maria de F\u00e1tima e Enea Torricelly<\/p>\n<p>Suplente: Paulo Roberto Fornario<\/p>\n<p><strong>Regi\u00e3o 9<\/strong> (Alvorada, Pracatu, Aeroporto, Mois\u00e9s, Anhangaba\u00fa, Retiro, Samambaia, Gramad\u00e3o e Malota)<\/p>\n<p>Titulares: Gustavo Diniz de Faria, Fabio Fernandes e Aparecida Rodrigues das Neves<\/p>\n<p>Suplente: Silvio de Rezende Duarte Filho<\/p>\n<p><strong>Regi\u00e3o 10<\/strong> (Vianelo, Jardim do Lago, Agapeama, Vila Arens e Vila Progresso)<\/p>\n<p>Titulares: Indal\u00e9cia Moraes, Rafael Massucato de Almeida, Ant\u00f4nio Carlos Cesar Bezerra e Sumara Mesquita<\/p>\n<p>Suplentes: Claudio Marin e Silvio de Rezende Duarte Filho<\/p>\n<p><strong>Regi\u00e3o 11<\/strong> (Cristais, Castanho, Tijuco Preto, Santa Gertrudes e Vila Militar)<\/p>\n<p>Titular: Amarildo Costa Cust\u00f3dio<\/p>\n<p>Suplente: Andrea Ferreira Barbosa<\/p>\n<p><strong>Regi\u00e3o 12<\/strong> (Terra Nova, Santa Clara e Serra do Japi)<\/p>\n<p>Titular: Rog\u00e9rio Cabrera Merlo<\/p>\n<p>Suplente: Jos\u00e9 do Caf\u00e9 Rodrigues<\/p>\n<p><strong>Regi\u00e3o 13<\/strong> (Bonfiglioli, Maring\u00e1, Vila Rami)<\/p>\n<p>Titular: Jos\u00e9 Claudio da Silva, Pedro Nolasco Camargo Guimar\u00e3es e Gisele Galafacci<\/p>\n<p>Suplente: Afonso Maria Zeni<\/p>\n","protected":false},"excerpt":{"rendered":"<p>Entidades acad\u00eamicas, profissionais e de pesquisa: Cl\u00e1udio Cunha (Fatec\/Unianchieta) Suplente: Natan Solini Liliana de Camargo Traldi Bezerra (Conselho Regional de Engenharia) Suplente: Jos\u00e9 Maria de Lima Luiz Dias da Silveira J\u00fanior (Ordem dos Advogados do Brasil) Suplente: Liliane Azarias Schuller Mari\u00e2ngela Mazzola Mendes (Instituto dos Arquitetos do Brasil) Suplente: Rafael Benassi Norival Antonio de Freitas [&hellip;]<\/p>\n","protected":false},"author":10,"featured_media":0,"comment_status":"closed","ping_status":"closed","sticky":false,"template":"","format":"standard","meta":{"footnotes":""},"categories":[2],"tags":[32,559],"ods":[],"class_list":["post-157182","post","type-post","status-publish","format-standard","hentry","category-noticias","tag-planejamento-e-meio-ambiente","tag-plano-diretor-participativo"],"_links":{"self":[{"href":"https:\/\/jundiai.sp.gov.br\/noticias\/wp-json\/wp\/v2\/posts\/157182","targetHints":{"allow":["GET"]}}],"collection":[{"href":"https:\/\/jundiai.sp.gov.br\/noticias\/wp-json\/wp\/v2\/posts"}],"about":[{"href":"https:\/\/jundiai.sp.gov.br\/noticias\/wp-json\/wp\/v2\/types\/post"}],"author":[{"embeddable":true,"href":"https:\/\/jundiai.sp.gov.br\/noticias\/wp-json\/wp\/v2\/users\/10"}],"replies":[{"embeddable":true,"href":"https:\/\/jundiai.sp.gov.br\/noticias\/wp-json\/wp\/v2\/comments?post=157182"}],"version-history":[{"count":2,"href":"https:\/\/jundiai.sp.gov.br\/noticias\/wp-json\/wp\/v2\/posts\/157182\/revisions"}],"predecessor-version":[{"id":157186,"href":"https:\/\/jundiai.sp.gov.br\/noticias\/wp-json\/wp\/v2\/posts\/157182\/revisions\/157186"}],"wp:attachment":[{"href":"https:\/\/jundiai.sp.gov.br\/noticias\/wp-json\/wp\/v2\/media?parent=157182"}],"wp:term":[{"taxonomy":"category","embeddable":true,"href":"https:\/\/jundiai.sp.gov.br\/noticias\/wp-json\/wp\/v2\/categories?post=157182"},{"taxonomy":"post_tag","embeddable":true,"href":"https:\/\/jundiai.sp.gov.br\/noticias\/wp-json\/wp\/v2\/tags?post=157182"},{"taxonomy":"ods","embeddable":true,"href":"https:\/\/jundiai.sp.gov.br\/noticias\/wp-json\/wp\/v2\/ods?post=157182"}],"curies":[{"name":"wp","href":"https:\/\/api.w.org\/{rel}","templated":true}]}}