{"id":157228,"date":"2015-10-07T14:45:41","date_gmt":"2015-10-07T17:45:41","guid":{"rendered":"https:\/\/jundiai.sp.gov.br\/noticias\/?p=157228"},"modified":"2016-11-04T12:51:28","modified_gmt":"2016-11-04T14:51:28","slug":"escola-do-jardim-america-recebe-a-visita-do-prefeito","status":"publish","type":"post","link":"https:\/\/jundiai.sp.gov.br\/noticias\/2015\/10\/07\/escola-do-jardim-america-recebe-a-visita-do-prefeito\/","title":{"rendered":"Escola do Jardim Am\u00e9rica recebe a visita do prefeito"},"content":{"rendered":"<p><strong>Em meio \u00e0 comemora\u00e7\u00e3o do Dia das Crian\u00e7as (12 de outubro), a escola municipal Professora Anna Pontes Chagas, no Jardim Am\u00e9rica, recebeu nesta quarta-feira (7) a visita do prefeito <a href=\"https:\/\/jundiai.sp.gov.br\/gabinete\/prefeito\/\">Pedro Bigardi<\/a> e do secret\u00e1rio de <a href=\"https:\/\/jundiai.sp.gov.br\/educacao\/\">Educa\u00e7\u00e3o<\/a>, Jos\u00e9 Renato Polli. Eles foram conferir obras realizadas na \u00e1rea externa da unidade.<\/strong><\/p>\n<p><strong>LEIA MAIS<\/strong><br \/>\n<strong><a class=\"titulo-lista\" title=\"Secretaria de Educa\u00e7\u00e3o faz sarau liter\u00e1rio na biblioteca\" href=\"https:\/\/jundiai.sp.gov.br\/noticias\/2015\/10\/06\/secretaria-de-educacao-faz-sarau-literario-na-biblioteca\/\" rel=\"bookmark\">Secretaria de Educa\u00e7\u00e3o faz sarau liter\u00e1rio na biblioteca<\/a><\/strong><br \/>\n<strong><a class=\"titulo-lista\" title=\"Prefeito recebe convite para premia\u00e7\u00e3o da Olimp\u00edada de Reda\u00e7\u00e3o\" href=\"https:\/\/jundiai.sp.gov.br\/noticias\/2015\/10\/02\/prefeito-recebe-convite-para-premiacao-da-olimpiada-de-redacao\/\" rel=\"bookmark\">Prefeito recebe convite para premia\u00e7\u00e3o da Olimp\u00edada de Reda\u00e7\u00e3o<\/a><\/strong><\/p>\n<div id=\"attachment_157229\" style=\"width: 730px\" class=\"wp-caption aligncenter\"><a href=\"https:\/\/jundiai.sp.gov.br\/noticias\/wp-content\/uploads\/sites\/32\/2015\/10\/emeb_anna_pontes_chagas_P-49G.jpg\"><img loading=\"lazy\" decoding=\"async\" aria-describedby=\"caption-attachment-157229\" class=\"size-full wp-image-157229\" src=\"https:\/\/jundiai.sp.gov.br\/noticias\/wp-content\/uploads\/sites\/32\/2015\/10\/emeb_anna_pontes_chagas_P-49G.jpg\" alt=\"Prefeito visitou as instala\u00e7\u00f5es da escola e conversou com funcion\u00e1rios e alunos\" width=\"720\" height=\"513\" \/><\/a><p id=\"caption-attachment-157229\" class=\"wp-caption-text\">Prefeito visitou as instala\u00e7\u00f5es da escola e conversou com funcion\u00e1rios e alunos<\/p><\/div>\n<p><strong>A escola recebeu um brinquedo de madeira e foi instalada uma cobertura met\u00e1lica. O investimento foi de quase R$ 10 mil. A Secretaria de Educa\u00e7\u00e3o tamb\u00e9m forneceu tintas e um trabalho de pintura diferenciado foi feito pela zeladoria da unidade, que atualmente conta com cerca de 200 alunos de quatro e cinco anos.<\/strong><\/p>\n<p>\u201cEssas melhorias eram um sonho. As crian\u00e7as est\u00e3o gostando muito e os professores explorando bastante as novidades. Realmente, \u00e9 um motivo de alegria. Estamos agradecidos\u201d, comentou a diretora Marisa Balastreire Angelo.<\/p>\n<p>O prefeito Pedro Bigardi aproveitou e conheceu todos os ambientes da Emeb, conversou com alunos e assistiu \u00e0 pe\u00e7a teatral \u201cJo\u00e3o e Maria\u201d. <strong>\u201c\u00c9 muito bom visitar as escolas e estar nesse ambiente. As crian\u00e7as querem conversar, se aproximar e eu gosto de dialogar com eles, de ter esse contato direto\u201d<\/strong>, comentou o prefeito, enquanto era rodeado pelos alunos.<\/p>\n<div id=\"attachment_157230\" style=\"width: 730px\" class=\"wp-caption aligncenter\"><a href=\"https:\/\/jundiai.sp.gov.br\/noticias\/wp-content\/uploads\/sites\/32\/2015\/10\/emeb_anna_pontes_chagas_P-234G.jpg\"><img loading=\"lazy\" decoding=\"async\" aria-describedby=\"caption-attachment-157230\" class=\"size-full wp-image-157230\" src=\"https:\/\/jundiai.sp.gov.br\/noticias\/wp-content\/uploads\/sites\/32\/2015\/10\/emeb_anna_pontes_chagas_P-234G.jpg\" alt=\"Emeb ganhou novo brinquedo e cobertura met\u00e1lica\" width=\"720\" height=\"513\" \/><\/a><p id=\"caption-attachment-157230\" class=\"wp-caption-text\">Emeb ganhou novo brinquedo e cobertura met\u00e1lica<\/p><\/div>\n<p><strong>Interven\u00e7\u00f5es<\/strong><br \/>\nPedro Bigardi lembrou que, recentemente, al\u00e9m do Anna Pontes, em torno de 15 escolas municipais receberam melhorias e h\u00e1 quatro Emebs em constru\u00e7\u00e3o. \u201c\u00c9 um conjunto de a\u00e7\u00f5es importantes. Estamos percorrendo as unidades, vistoriando as obras, e aproveitando para conversar com a equipe, com professores e funcion\u00e1rios para ouvir as demandas.\u201d<\/p>\n<p>\u201cTodas essas obras fazem parte de uma programa\u00e7\u00e3o de reformas. Agora, estamos visitando para conferir o trabalho que feito em benef\u00edcio da comunidade. Temos uma grande preocupa\u00e7\u00e3o com o fator humano\u201d, acrescentou o secret\u00e1rio de Educa\u00e7\u00e3o.<\/p>\n<p><strong>A atividade integra o <a href=\"https:\/\/jundiai.sp.gov.br\/noticias\/tag\/prefeitura-em-acao\/\">Programa Prefeitura em A\u00e7\u00e3o<\/a>, que est\u00e1 beneficiando toda a cidade.<\/strong><\/p>\n<p><strong>Participaram da visita<\/strong> o diretor de Projetos, Luciano Lopes Ferro, e a diretora de Educa\u00e7\u00e3o Infantil 2, Isabel Cristina da Costa, e a supervisora, Eliane Calderon, da Secretaria de Educa\u00e7\u00e3o, al\u00e9m do chefe de Gabinete, Alan Piccolo, do vereador Rafael Purgato e do assessor especial Edicarlos Vieira.<\/p>\n<p><strong>Veja Mais<\/strong><br \/>\n<iframe loading=\"lazy\" src=\"https:\/\/www.youtube.com\/embed\/Z1b5-_isDN8\" width=\"420\" height=\"315\" frameborder=\"0\" allowfullscreen=\"allowfullscreen\"><\/iframe><\/p>\n<p><em><strong>Roberta de S\u00e1<\/strong><\/em><br \/>\n<em><strong> Fotos: Paulo Gr\u00e9gio<\/strong><\/em><\/p>\n","protected":false},"excerpt":{"rendered":"<p>A atividade educacional integra o Programa Prefeitura em A\u00e7\u00e3o, que est\u00e1 beneficiando toda a cidade<\/p>\n","protected":false},"author":11,"featured_media":157233,"comment_status":"closed","ping_status":"closed","sticky":false,"template":"","format":"standard","meta":{"footnotes":""},"categories":[2],"tags":[6,630,58,615],"ods":[],"class_list":["post-157228","post","type-post","status-publish","format-standard","has-post-thumbnail","hentry","category-noticias","tag-educacao","tag-emeb","tag-prefeito","tag-prefeitura-em-acao"],"_links":{"self":[{"href":"https:\/\/jundiai.sp.gov.br\/noticias\/wp-json\/wp\/v2\/posts\/157228","targetHints":{"allow":["GET"]}}],"collection":[{"href":"https:\/\/jundiai.sp.gov.br\/noticias\/wp-json\/wp\/v2\/posts"}],"about":[{"href":"https:\/\/jundiai.sp.gov.br\/noticias\/wp-json\/wp\/v2\/types\/post"}],"author":[{"embeddable":true,"href":"https:\/\/jundiai.sp.gov.br\/noticias\/wp-json\/wp\/v2\/users\/11"}],"replies":[{"embeddable":true,"href":"https:\/\/jundiai.sp.gov.br\/noticias\/wp-json\/wp\/v2\/comments?post=157228"}],"version-history":[{"count":9,"href":"https:\/\/jundiai.sp.gov.br\/noticias\/wp-json\/wp\/v2\/posts\/157228\/revisions"}],"predecessor-version":[{"id":158119,"href":"https:\/\/jundiai.sp.gov.br\/noticias\/wp-json\/wp\/v2\/posts\/157228\/revisions\/158119"}],"wp:featuredmedia":[{"embeddable":true,"href":"https:\/\/jundiai.sp.gov.br\/noticias\/wp-json\/wp\/v2\/media\/157233"}],"wp:attachment":[{"href":"https:\/\/jundiai.sp.gov.br\/noticias\/wp-json\/wp\/v2\/media?parent=157228"}],"wp:term":[{"taxonomy":"category","embeddable":true,"href":"https:\/\/jundiai.sp.gov.br\/noticias\/wp-json\/wp\/v2\/categories?post=157228"},{"taxonomy":"post_tag","embeddable":true,"href":"https:\/\/jundiai.sp.gov.br\/noticias\/wp-json\/wp\/v2\/tags?post=157228"},{"taxonomy":"ods","embeddable":true,"href":"https:\/\/jundiai.sp.gov.br\/noticias\/wp-json\/wp\/v2\/ods?post=157228"}],"curies":[{"name":"wp","href":"https:\/\/api.w.org\/{rel}","templated":true}]}}