{"id":157260,"date":"2015-10-07T15:22:24","date_gmt":"2015-10-07T18:22:24","guid":{"rendered":"https:\/\/jundiai.sp.gov.br\/noticias\/?p=157260"},"modified":"2016-11-04T12:51:27","modified_gmt":"2016-11-04T14:51:27","slug":"caravana-cultural-tera-programacao-para-pessoas-com-deficiencia","status":"publish","type":"post","link":"https:\/\/jundiai.sp.gov.br\/noticias\/2015\/10\/07\/caravana-cultural-tera-programacao-para-pessoas-com-deficiencia\/","title":{"rendered":"Caravana Cultural ter\u00e1 programa\u00e7\u00e3o para pessoas com defici\u00eancia"},"content":{"rendered":"<p><strong>O fim de semana (10 e 11 de outubro) ser\u00e1 agitado no <a href=\"http:\/\/parquedacidade.jundiai.sp.gov.br\/\">Parque da Cidade<\/a>\u00a0para todos os participantes. Pensando na acessibilidade, o Conselho Municipal da Pessoa com Defici\u00eancia (CMPCD) organizou uma programa\u00e7\u00e3o com dan\u00e7a, m\u00fasica e teatro para as pessoas com defici\u00eancia, pela Caravana Cultural, projeto itinerante patrocinado pela <a href=\"https:\/\/www.akzonobel.com\/br\/\" target=\"_blank\">Akzo Nobel<\/a>, por meio da Lei Rouanet, em parceria com a <a href=\"http:\/\/www.daejundiai.com.br\/\" target=\"_blank\">DAE Jundia\u00ed<\/a>.<\/strong><\/p>\n<p><strong>LEIA MAIS<\/strong><br \/>\n<strong><a href=\"https:\/\/jundiai.sp.gov.br\/noticias\/2015\/10\/06\/parque-corrupira-vai-receber-festa-gratuita-no-dia-12\/\" target=\"_blank\">Parque Corrupira vai receber festa gratuita no dia 12<\/a><\/strong><br \/>\n<strong><a href=\"https:\/\/jundiai.sp.gov.br\/noticias\/2015\/10\/07\/semana-da-crianca-no-polytheama-comeca-nesta-quinta-8\/\" target=\"_blank\">Polytheama: Semana da Crian\u00e7a come\u00e7a na quinta (8)<\/a><\/strong><br \/>\n<strong><a href=\"https:\/\/jundiai.sp.gov.br\/noticias\/2015\/10\/06\/caravana-cultural-no-dia-da-crianca-no-parque-da-cidade\/\" target=\"_blank\">Caravana Cultural no Dia da Crian\u00e7a agita Parque da Cidade<\/a><\/strong><\/p>\n<p><a href=\"https:\/\/jundiai.sp.gov.br\/noticias\/wp-content\/uploads\/sites\/32\/2015\/10\/Facebook2-1-1.jpg\"><img loading=\"lazy\" decoding=\"async\" class=\"alignleft size-full wp-image-157263\" src=\"https:\/\/jundiai.sp.gov.br\/noticias\/wp-content\/uploads\/sites\/32\/2015\/10\/Facebook2-1-1.jpg\" alt=\"caravana cultural\" width=\"330\" height=\"370\" \/><\/a><\/p>\n<p>O evento, que ser\u00e1 das 9h \u00e0s 18h, tamb\u00e9m conta com apoio da <strong><a href=\"https:\/\/jundiai.sp.gov.br\/gabinete\/coordenadoria-dos-direitos-das-pessoas-com-deficiencia\/\">Coordenadoria dos Direitos das Pessoas com Defici\u00eancia (Copede)<\/a> <\/strong>e secretarias de <strong><a href=\"https:\/\/jundiai.sp.gov.br\/agricultura-e-abastecimento\/\">Agricultura, Abastecimento e Turismo<\/a><\/strong>, <strong><a href=\"https:\/\/jundiai.sp.gov.br\/comunicacao\/\">Comunica\u00e7\u00e3o Social<\/a><\/strong>, <strong><a href=\"https:\/\/jundiai.sp.gov.br\/cultura\/\">Cultura<\/a><\/strong>, <strong><a href=\"https:\/\/jundiai.sp.gov.br\/esporte-e-lazer\/\">Esportes e Lazer<\/a><\/strong>, <strong><a href=\"https:\/\/jundiai.sp.gov.br\/saude\/\">Sa\u00fade<\/a><\/strong>, <strong><a href=\"https:\/\/jundiai.sp.gov.br\/servicos-publicos\/\">Servi\u00e7os P\u00fablicos<\/a><\/strong> e <strong><a href=\"https:\/\/jundiai.sp.gov.br\/mobilidade\/\">Transportes<\/a><\/strong>.<\/p>\n<p>Celebrando o Dia Nacional da Pessoa com Defici\u00eancia F\u00edsica, comemorado no domingo, institui\u00e7\u00f5es de Jundia\u00ed estar\u00e3o presentes. \u201cEntre a programa\u00e7\u00e3o, ter\u00e3o atividades culturais, zumba e tendas tem\u00e1ticas de acordo com a institui\u00e7\u00e3o\u201d, explicou Reinaldo Fernandes, titular da Copede. \u201cA inten\u00e7\u00e3o \u00e9 reunir todas as pessoas com defici\u00eancia para mostrar a uni\u00e3o. Vale lembrar que toda popula\u00e7\u00e3o est\u00e1 convidada, pois a programa\u00e7\u00e3o \u00e9 para todos\u201d, completou.<\/p>\n<p>Segundo Alceb\u00edades Nascimento J\u00fanior, presidente interino do Conselho, o evento vai trazer visibilidade \u00e0s pessoas com defici\u00eancia. \u201cA potencialidade ser\u00e1 mostrada por meio de atividades culturais\u201d, disse. \u201c\u00c9 importante lembrar que vai ser um dia para que as pessoas com defici\u00eancia saiam da rotina da \u00e1rea da sa\u00fade e tenham um espa\u00e7o de lazer e entretenimento\u201d, destacou.<\/p>\n<p><b>Mobilidade<\/b><br \/>\nCom organiza\u00e7\u00e3o da Secretaria de Transportes, duas linhas de transporte coletivo ter\u00e3o aten\u00e7\u00e3o especial nos dias do evento. No Terminal Central haver\u00e1 ve\u00edculos extras caso a demanda seja grande para o Terminal Hortol\u00e2ndia, de onde sai a linha adaptada 578 \u2013 Jundia\u00ed Mirim via Parque da Cidade, que tamb\u00e9m ter\u00e1 \u00f4nibus extra dispon\u00edvel.<\/p>\n<p>J\u00e1 as pessoas com defici\u00eancia que j\u00e1 s\u00e3o cadastradas no programa Circula Jundia\u00ed Adaptado podem fazer cadastro para transporte nos dias do evento. Para se inscrever basta preencher <strong><a href=\"https:\/\/docs.google.com\/a\/jundiai.sp.gov.br\/forms\/d\/1p2YUUvh0HxWrT6yOE5SL8FRwzrRg5VNg4Ejo5RthXA8\/viewform\">a ficha de matr\u00edcula<\/a><\/strong> at\u00e9 a manh\u00e3 desta quinta-feira (8).<\/p>\n<p><strong>Mais informa\u00e7\u00f5es com a Coordenadoria dos Direitos das Pessoas com Defici\u00eancia de Jundia\u00ed pelo telefone 4589-8445 ou via <a href=\"https:\/\/www.facebook.com\/Coordenadoria-dos-Direitos-das-Pessoas-com-Defici%C3%AAncia-de-Jundia%C3%AD-1441418992774268\/timeline\/?ref=hl\">Facebook<\/a>.<\/strong><\/p>\n<p><em><strong>Assessoria de Imprensa<\/strong><\/em><br \/>\n<em><strong> Fotos: divulga\u00e7\u00e3o<\/strong><\/em><\/p>\n<p>&nbsp;<\/p>\n","protected":false},"excerpt":{"rendered":"<p>O fim de semana (10 e 11 de outubro) ser\u00e1 agitado no Parque da Cidade\u00a0para todos os participantes. Pensando na acessibilidade, o Conselho Municipal da Pessoa com Defici\u00eancia (CMPCD) organizou uma programa\u00e7\u00e3o com dan\u00e7a, m\u00fasica e teatro para as pessoas com defici\u00eancia, pela Caravana Cultural, projeto itinerante patrocinado pela Akzo Nobel, por meio da Lei [&hellip;]<\/p>\n","protected":false},"author":11,"featured_media":0,"comment_status":"closed","ping_status":"closed","sticky":false,"template":"","format":"standard","meta":{"footnotes":""},"categories":[2],"tags":[41,339,509,29,66,35,47,3,341,338],"ods":[],"class_list":["post-157260","post","type-post","status-publish","format-standard","hentry","category-noticias","tag-agricultura-abastecimento-e-turismo","tag-comunicacao-social","tag-coordenadoria-dos-direitos-das-pessoas-com-deficiencia","tag-cultura","tag-dae","tag-esporte-e-lazer","tag-parque-da-cidade","tag-saude","tag-servicos-publicos","tag-transportes"],"_links":{"self":[{"href":"https:\/\/jundiai.sp.gov.br\/noticias\/wp-json\/wp\/v2\/posts\/157260","targetHints":{"allow":["GET"]}}],"collection":[{"href":"https:\/\/jundiai.sp.gov.br\/noticias\/wp-json\/wp\/v2\/posts"}],"about":[{"href":"https:\/\/jundiai.sp.gov.br\/noticias\/wp-json\/wp\/v2\/types\/post"}],"author":[{"embeddable":true,"href":"https:\/\/jundiai.sp.gov.br\/noticias\/wp-json\/wp\/v2\/users\/11"}],"replies":[{"embeddable":true,"href":"https:\/\/jundiai.sp.gov.br\/noticias\/wp-json\/wp\/v2\/comments?post=157260"}],"version-history":[{"count":5,"href":"https:\/\/jundiai.sp.gov.br\/noticias\/wp-json\/wp\/v2\/posts\/157260\/revisions"}],"predecessor-version":[{"id":158121,"href":"https:\/\/jundiai.sp.gov.br\/noticias\/wp-json\/wp\/v2\/posts\/157260\/revisions\/158121"}],"wp:attachment":[{"href":"https:\/\/jundiai.sp.gov.br\/noticias\/wp-json\/wp\/v2\/media?parent=157260"}],"wp:term":[{"taxonomy":"category","embeddable":true,"href":"https:\/\/jundiai.sp.gov.br\/noticias\/wp-json\/wp\/v2\/categories?post=157260"},{"taxonomy":"post_tag","embeddable":true,"href":"https:\/\/jundiai.sp.gov.br\/noticias\/wp-json\/wp\/v2\/tags?post=157260"},{"taxonomy":"ods","embeddable":true,"href":"https:\/\/jundiai.sp.gov.br\/noticias\/wp-json\/wp\/v2\/ods?post=157260"}],"curies":[{"name":"wp","href":"https:\/\/api.w.org\/{rel}","templated":true}]}}