{"id":157370,"date":"2015-10-08T14:54:12","date_gmt":"2015-10-08T17:54:12","guid":{"rendered":"https:\/\/jundiai.sp.gov.br\/noticias\/?p=157370"},"modified":"2016-11-04T11:44:58","modified_gmt":"2016-11-04T13:44:58","slug":"guardas-municipais-ganham-identidade-funcional-de-inativo","status":"publish","type":"post","link":"https:\/\/jundiai.sp.gov.br\/noticias\/2015\/10\/08\/guardas-municipais-ganham-identidade-funcional-de-inativo\/","title":{"rendered":"Guardas Municipais ganham &#8216;Identidade Funcional de Inativo&#8217;"},"content":{"rendered":"<p><strong>A <a href=\"http:\/\/imprensaoficial.jundiai.sp.gov.br\/edicao-4097\/\" target=\"_blank\">edi\u00e7\u00e3o desta quarta-feira (7) da Imprensa Oficial do Munic\u00edpio de Jundia\u00ed<\/a> traz publicada na p\u00e1gina 16 a portaria 29, de 1\u00ba de outubro de 2015, assinada pelo comandante da Guarda Municipal, Jos\u00e9 Roberto\u00a0Ferraz, que garante ao guarda municipal aposentado a \u201cCarteira de Identidade Funcional dos Inativos\u201d.<\/strong><\/p>\n<p>A cria\u00e7\u00e3o do documento era uma antiga reivindica\u00e7\u00e3o dos GMs e vai atender todo efetivo que j\u00e1 prestou servi\u00e7o \u00e0 corpora\u00e7\u00e3o, independentemente da \u00e9poca de atua\u00e7\u00e3o.<\/p>\n<div id=\"attachment_157371\" style=\"width: 410px\" class=\"wp-caption alignleft\"><a href=\"https:\/\/jundiai.sp.gov.br\/noticias\/wp-content\/uploads\/sites\/32\/2015\/10\/Comte_GM_Ferraz_c_24_G.jpg\"><img loading=\"lazy\" decoding=\"async\" aria-describedby=\"caption-attachment-157371\" class=\"size-full wp-image-157371\" src=\"https:\/\/jundiai.sp.gov.br\/noticias\/wp-content\/uploads\/sites\/32\/2015\/10\/Comte_GM_Ferraz_c_24_G.jpg\" alt=\"Comandante Ferraz diz que portaria \u00e9 o reconhecido dos servi\u00e7os prestados pelos GMs aposentados\" width=\"400\" height=\"400\" \/><\/a><p id=\"caption-attachment-157371\" class=\"wp-caption-text\">Comandante Ferraz diz que portaria \u00e9 o reconhecido dos servi\u00e7os prestados pelos GMs aposentados<\/p><\/div>\n<p>\u201c\u00c9 uma forma de reconhecimento a todos que fizeram parte e dedicaram 30 anos de suas vidas \u00e0 Guarda Municipal. Quem fez carreira e se aposentou n\u00e3o \u00e9 um ex-GM e sim um GM aposentado, com todos os m\u00e9ritos\u201d, comenta Ferraz.<\/p>\n<p><strong>De acordo com o comandante da Guarda Municipal, a \u201cIdentidade Funcional do Inativo\u201d eterniza o aposentado como GM. O documento segue as mesmas caracter\u00edsticas de credenciais usadas por policiais militares e civis que se aposentaram.<\/strong><\/p>\n<p>Ferraz ainda enfatizou que o documento tem car\u00e1ter institucional e traz informa\u00e7\u00f5es pessoais do guarda, al\u00e9m do status do cargo que exercia quando de sua aposentadoria. Para obter a carteirinha \u00e9 s\u00f3 fazer a solicita\u00e7\u00e3o.<\/p>\n<p><em><strong>Ivan Lopes<br \/>\nFoto: Arquivo PMJ<\/strong><\/em><\/p>\n","protected":false},"excerpt":{"rendered":"<p>A cria\u00e7\u00e3o do documento era uma antiga reivindica\u00e7\u00e3o dos GMs e vai atender todo efetivo que j\u00e1 prestou servi\u00e7o \u00e0 corpora\u00e7\u00e3o<\/p>\n","protected":false},"author":21,"featured_media":157375,"comment_status":"closed","ping_status":"closed","sticky":false,"template":"","format":"standard","meta":{"footnotes":""},"categories":[2],"tags":[31,424],"ods":[],"class_list":["post-157370","post","type-post","status-publish","format-standard","has-post-thumbnail","hentry","category-noticias","tag-guarda-municipal","tag-servidores"],"_links":{"self":[{"href":"https:\/\/jundiai.sp.gov.br\/noticias\/wp-json\/wp\/v2\/posts\/157370","targetHints":{"allow":["GET"]}}],"collection":[{"href":"https:\/\/jundiai.sp.gov.br\/noticias\/wp-json\/wp\/v2\/posts"}],"about":[{"href":"https:\/\/jundiai.sp.gov.br\/noticias\/wp-json\/wp\/v2\/types\/post"}],"author":[{"embeddable":true,"href":"https:\/\/jundiai.sp.gov.br\/noticias\/wp-json\/wp\/v2\/users\/21"}],"replies":[{"embeddable":true,"href":"https:\/\/jundiai.sp.gov.br\/noticias\/wp-json\/wp\/v2\/comments?post=157370"}],"version-history":[{"count":5,"href":"https:\/\/jundiai.sp.gov.br\/noticias\/wp-json\/wp\/v2\/posts\/157370\/revisions"}],"predecessor-version":[{"id":157427,"href":"https:\/\/jundiai.sp.gov.br\/noticias\/wp-json\/wp\/v2\/posts\/157370\/revisions\/157427"}],"wp:featuredmedia":[{"embeddable":true,"href":"https:\/\/jundiai.sp.gov.br\/noticias\/wp-json\/wp\/v2\/media\/157375"}],"wp:attachment":[{"href":"https:\/\/jundiai.sp.gov.br\/noticias\/wp-json\/wp\/v2\/media?parent=157370"}],"wp:term":[{"taxonomy":"category","embeddable":true,"href":"https:\/\/jundiai.sp.gov.br\/noticias\/wp-json\/wp\/v2\/categories?post=157370"},{"taxonomy":"post_tag","embeddable":true,"href":"https:\/\/jundiai.sp.gov.br\/noticias\/wp-json\/wp\/v2\/tags?post=157370"},{"taxonomy":"ods","embeddable":true,"href":"https:\/\/jundiai.sp.gov.br\/noticias\/wp-json\/wp\/v2\/ods?post=157370"}],"curies":[{"name":"wp","href":"https:\/\/api.w.org\/{rel}","templated":true}]}}