{"id":157384,"date":"2015-10-08T15:08:28","date_gmt":"2015-10-08T18:08:28","guid":{"rendered":"https:\/\/jundiai.sp.gov.br\/noticias\/?p=157384"},"modified":"2016-11-04T11:44:58","modified_gmt":"2016-11-04T13:44:58","slug":"potencial-de-jundiai-e-elogiado-em-inauguracao-de-concessionaria","status":"publish","type":"post","link":"https:\/\/jundiai.sp.gov.br\/noticias\/2015\/10\/08\/potencial-de-jundiai-e-elogiado-em-inauguracao-de-concessionaria\/","title":{"rendered":"Potencial de Jundia\u00ed \u00e9 elogiado em inaugura\u00e7\u00e3o de concession\u00e1ria"},"content":{"rendered":"<p><strong>O prefeito Pedro Bigardi prestigiou a inaugura\u00e7\u00e3o da Volvo Andreta Premium na noite desta quarta-feira (8). O chefe do Executivo destacou que o munic\u00edpio tem atra\u00eddo diversas empresas do setor de com\u00e9rcio. \u201cToda semana, a cidade ganha um novo empreendimento. Isso mostra que Jundia\u00ed tem potencial e que h\u00e1 muita gente investindo aqui\u201d, comentou.<\/strong><\/p>\n<p>Ele frisou ainda que novas empresas e com\u00e9rcios colaboram para o crescimento econ\u00f4mico e o desenvolvimento. \u201cExiste, al\u00e9m disso, a gera\u00e7\u00e3o de empregos\u201d, destacou Bigardi, que salientou tamb\u00e9m que, na contram\u00e3o da crise econ\u00f4mica, <strong>Jundia\u00ed foi destaque no <a href=\"https:\/\/jundiai.sp.gov.br\/noticias\/2015\/08\/26\/publicacao-britanica-aponta-jundiai-como-destino-de-investimentos\/\" target=\"_blank\">ranking da FDI Magazine\u2019s American Cities of the Future 2015-2016<\/a> \u2013 publica\u00e7\u00e3o especializada em investimentos internacionais do grupo brit\u00e2nico The Financial Times \u2013 como uma das dez cidades do continente americano mais promissoras para receber investimentos estrangeiros<\/strong>.<\/p>\n<p><strong>LEIA TAMB\u00c9M<br \/>\n<a href=\"https:\/\/jundiai.sp.gov.br\/noticias\/2015\/10\/07\/conselho-de-ciencia-e-tecnologia-se-reune-no-dia-15\/\" target=\"_blank\"><strong>Conselho de Ci\u00eancia e Tecnologia se re\u00fane no dia 15<\/strong><\/a><br \/>\n<a href=\"https:\/\/jundiai.sp.gov.br\/noticias\/2015\/10\/08\/instituto-federal-e-etecvav-abrem-120-vagas-para-cursos-tecnicos\/\" target=\"_blank\">Instituto Federal e Etecvav abrem 120 vagas para cursos t\u00e9cnicos<\/a><\/strong><\/p>\n<div id=\"attachment_157388\" style=\"width: 730px\" class=\"wp-caption aligncenter\"><a href=\"https:\/\/jundiai.sp.gov.br\/noticias\/wp-content\/uploads\/sites\/32\/2015\/10\/andreta_volvo_D77g.jpg\"><img loading=\"lazy\" decoding=\"async\" aria-describedby=\"caption-attachment-157388\" class=\"size-large wp-image-157388\" src=\"https:\/\/jundiai.sp.gov.br\/noticias\/wp-content\/uploads\/sites\/32\/2015\/10\/andreta_volvo_D77g-720x579.jpg\" alt=\"Prefeito destacou que munic\u00edpio tem atra\u00eddo importantes investimentos\" width=\"720\" height=\"579\" srcset=\"https:\/\/jundiai.sp.gov.br\/noticias\/wp-content\/uploads\/sites\/32\/2015\/10\/andreta_volvo_D77g-720x579.jpg 720w, https:\/\/jundiai.sp.gov.br\/noticias\/wp-content\/uploads\/sites\/32\/2015\/10\/andreta_volvo_D77g-300x241.jpg 300w, https:\/\/jundiai.sp.gov.br\/noticias\/wp-content\/uploads\/sites\/32\/2015\/10\/andreta_volvo_D77g.jpg 1240w\" sizes=\"auto, (max-width: 720px) 100vw, 720px\" \/><\/a><p id=\"caption-attachment-157388\" class=\"wp-caption-text\">Prefeito destacou que munic\u00edpio tem atra\u00eddo importantes investimentos<\/p><\/div>\n<p>O estudo feito pela FDI Intelligence, divis\u00e3o do The Financial Times, analisou dados de 421 cidades das tr\u00eas Am\u00e9ricas. Jundia\u00ed aparece no \u2018Top 10\u2019 entre 77 cidades de m\u00e9dio porte (de 350 mil a 500 mil habitantes) do continente americano na categoria potencial econ\u00f4mico. Al\u00e9m de Jundia\u00ed, figuram no ranking, em categorias diferentes, outras cinco cidades brasileiras: Sete Lagoas (MG), S\u00e3o Paulo (SP), Resende e Itatiaia (RJ) e Vit\u00f3ria (ES).<\/p>\n<p>E o potencial de Jundia\u00ed tem chamado a aten\u00e7\u00e3o dos investidores. \u201cA regi\u00e3o \u00e9 privilegiada, tem uma malha rodovi\u00e1ria invej\u00e1vel e \u00e9 destaque quando o assunto \u00e9 desenvolvimento econ\u00f4mico\u201d, comentou Jos\u00e9 Maur\u00edcio Andreta Junior, presidente do Grupo Andreta. Assim como ele, o presidente da Volvo no Brasil, Lu\u00eds Resende, tamb\u00e9m elogiou. \u201cEstamos encantados com a cidade.\u201d<\/p>\n<p>O secret\u00e1rio de Esportes, Cristiano Lopes, tamb\u00e9m compareceu, assim como o superintendente da TVE, Thiago Godinho, e o vereador Gustavo Martinelli.<\/p>\n<p><em><strong>Luana Dias<br \/>\nFoto: Dorival Pinheiro Filho <\/strong><\/em><\/p>\n","protected":false},"excerpt":{"rendered":"<p>O prefeito Pedro Bigardi prestigiou a inaugura\u00e7\u00e3o da Volvo Andreta Premium na noite desta quarta-feira (8). O chefe do Executivo destacou que o munic\u00edpio tem atra\u00eddo diversas empresas do setor de com\u00e9rcio. \u201cToda semana, a cidade ganha um novo empreendimento. Isso mostra que Jundia\u00ed tem potencial e que h\u00e1 muita gente investindo aqui\u201d, comentou. Ele [&hellip;]<\/p>\n","protected":false},"author":10,"featured_media":0,"comment_status":"closed","ping_status":"closed","sticky":false,"template":"","format":"standard","meta":{"footnotes":""},"categories":[2],"tags":[365,58],"ods":[],"class_list":["post-157384","post","type-post","status-publish","format-standard","hentry","category-noticias","tag-desenvolvimento-economico-ciencia-e-tecnologia","tag-prefeito"],"_links":{"self":[{"href":"https:\/\/jundiai.sp.gov.br\/noticias\/wp-json\/wp\/v2\/posts\/157384","targetHints":{"allow":["GET"]}}],"collection":[{"href":"https:\/\/jundiai.sp.gov.br\/noticias\/wp-json\/wp\/v2\/posts"}],"about":[{"href":"https:\/\/jundiai.sp.gov.br\/noticias\/wp-json\/wp\/v2\/types\/post"}],"author":[{"embeddable":true,"href":"https:\/\/jundiai.sp.gov.br\/noticias\/wp-json\/wp\/v2\/users\/10"}],"replies":[{"embeddable":true,"href":"https:\/\/jundiai.sp.gov.br\/noticias\/wp-json\/wp\/v2\/comments?post=157384"}],"version-history":[{"count":5,"href":"https:\/\/jundiai.sp.gov.br\/noticias\/wp-json\/wp\/v2\/posts\/157384\/revisions"}],"predecessor-version":[{"id":158126,"href":"https:\/\/jundiai.sp.gov.br\/noticias\/wp-json\/wp\/v2\/posts\/157384\/revisions\/158126"}],"wp:attachment":[{"href":"https:\/\/jundiai.sp.gov.br\/noticias\/wp-json\/wp\/v2\/media?parent=157384"}],"wp:term":[{"taxonomy":"category","embeddable":true,"href":"https:\/\/jundiai.sp.gov.br\/noticias\/wp-json\/wp\/v2\/categories?post=157384"},{"taxonomy":"post_tag","embeddable":true,"href":"https:\/\/jundiai.sp.gov.br\/noticias\/wp-json\/wp\/v2\/tags?post=157384"},{"taxonomy":"ods","embeddable":true,"href":"https:\/\/jundiai.sp.gov.br\/noticias\/wp-json\/wp\/v2\/ods?post=157384"}],"curies":[{"name":"wp","href":"https:\/\/api.w.org\/{rel}","templated":true}]}}