{"id":157573,"date":"2015-10-10T18:27:09","date_gmt":"2015-10-10T21:27:09","guid":{"rendered":"https:\/\/jundiai.sp.gov.br\/noticias\/?p=157573"},"modified":"2016-11-04T13:01:21","modified_gmt":"2016-11-04T15:01:21","slug":"cijun-e-destaque-nacional-como-prestadora-de-servico","status":"publish","type":"post","link":"https:\/\/jundiai.sp.gov.br\/noticias\/2015\/10\/10\/cijun-e-destaque-nacional-como-prestadora-de-servico\/","title":{"rendered":"Cijun \u00e9 destaque nacional como prestadora de servi\u00e7o"},"content":{"rendered":"<p><strong>A <a href=\"http:\/\/www.cijun.sp.gov.br\/\" target=\"_blank\">Companhia de Inform\u00e1tica de Jundia\u00ed (Cijun)<\/a>, empresa de inform\u00e1tica do munic\u00edpio, est\u00e1 entre as 200 empresas do <a href=\"http:\/\/www.forumeditorial.com.br\/wp-content\/uploads\/2015\/10\/AnuarioInformaticaHoje2015.pdf\" target=\"_blank\">Anu\u00e1rio Inform\u00e1tica Hoje<\/a>. Ela foi destaque no segmento de mercado Prestadores de Servi\u00e7os\/Governo &#8211; Pequeno Porte.<\/strong><\/p>\n<p>A pesquisa avalia h\u00e1 30 anos consecutivos o desempenho econ\u00f4mico-financeiro das maiores empresas de inform\u00e1tica do Brasil, por meio da <strong><a href=\"http:\/\/portal.fgv.br\/\" target=\"_blank\">Funda\u00e7\u00e3o Get\u00falio Vargas<\/a><\/strong>. E premia aquelas com o melhor desempenho em seus respectivos segmentos: hardware, software, servi\u00e7os, servi\u00e7os\/governo, integradores e canais de comercializa\u00e7\u00e3o. As empresas s\u00e3o divididas em Pequeno, M\u00e9dio e Grande Portes.<\/p>\n<p>Os novos procedimentos da Cijun fazem parte do planejamento estrat\u00e9gico da empresa e refor\u00e7am aspectos do setor tecnol\u00f3gico que integram o <strong><a href=\"https:\/\/jundiai.sp.gov.br\/noticias\/wp-content\/uploads\/sites\/32\/2015\/02\/Programa-de-Metas-2013.2016.pdf\" target=\"_blank\">Programa de Metas<\/a><\/strong> do governo. \u201cA Cijun tem um hist\u00f3rico de contribui\u00e7\u00e3o ao trabalho do governo e, mais especificamente agora, com o Gilberto Novaes, um profundo conhecedor do assunto de tecnologia, e isso ajuda ainda mais a gente avan\u00e7ar. O pr\u00eamio \u00e9 o reconhecimento do trabalho realizado por toda equipe da Cijun e \u00e9 por isso que Jundia\u00ed \u00e9 refer\u00eancia nacional\u201d, afirmou o prefeito Pedro Bigardi.<\/p>\n<p><strong>LEIA TAMB\u00c9M<br \/>\n<a href=\"https:\/\/jundiai.sp.gov.br\/noticias\/2015\/09\/11\/jundiai-e-tema-de-congresso-de-informatica-na-bahia\/\" target=\"_blank\"><strong>Jundia\u00ed \u00e9 tema de congresso de inform\u00e1tica na Bahia<\/strong><\/a><br \/>\n<a href=\"https:\/\/jundiai.sp.gov.br\/noticias\/2015\/09\/23\/comunicacao-digital-de-jundiai-e-a-1a-entre-46-prefeituras-de-sp-2\/\" target=\"_blank\">Comunica\u00e7\u00e3o digital de Jundia\u00ed \u00e9 a 1\u00aa entre 46 prefeituras<\/a><\/strong><\/p>\n<div id=\"attachment_157593\" style=\"width: 730px\" class=\"wp-caption aligncenter\"><a href=\"https:\/\/jundiai.sp.gov.br\/noticias\/wp-content\/uploads\/sites\/32\/2015\/10\/prefeito_e_gilberto_premio_cijun_P13G.jpg\"><img loading=\"lazy\" decoding=\"async\" aria-describedby=\"caption-attachment-157593\" class=\"size-large wp-image-157593\" src=\"https:\/\/jundiai.sp.gov.br\/noticias\/wp-content\/uploads\/sites\/32\/2015\/10\/prefeito_e_gilberto_premio_cijun_P13G-720x521.jpg\" alt=\"O planejamento tecnologico da Cijun integra o Programa de Metas\" width=\"720\" height=\"521\" srcset=\"https:\/\/jundiai.sp.gov.br\/noticias\/wp-content\/uploads\/sites\/32\/2015\/10\/prefeito_e_gilberto_premio_cijun_P13G-720x521.jpg 720w, https:\/\/jundiai.sp.gov.br\/noticias\/wp-content\/uploads\/sites\/32\/2015\/10\/prefeito_e_gilberto_premio_cijun_P13G-300x217.jpg 300w, https:\/\/jundiai.sp.gov.br\/noticias\/wp-content\/uploads\/sites\/32\/2015\/10\/prefeito_e_gilberto_premio_cijun_P13G.jpg 1240w\" sizes=\"auto, (max-width: 720px) 100vw, 720px\" \/><\/a><p id=\"caption-attachment-157593\" class=\"wp-caption-text\">O planejamento tecnol\u00f3gico da Cijun integra o Programa de Metas<\/p><\/div>\n<p>Para Gilberto Novaes, diretor-presidente da Cijun, <strong>o pr\u00eamio trouxe fortalecimento e mostra que \u00e9 poss\u00edvel fazer mais com menos.<\/strong> \u201cEstar entre as 200 maiores empresas de TI que operam no Pa\u00eds e ser o destaque no seguimento servi\u00e7os\/governo &#8211; pequeno porte \u00e9 um orgulho muito grande. Fazer parte desse governo realizador e vitorioso \u00e9 muito bacana, sempre lembrando que ningu\u00e9m faz sucesso sozinho\u201d, orgulha-se.<\/p>\n<p>Para o futuro, Gilberto espera continuar a atender da melhor forma poss\u00edvel o cliente priorit\u00e1rio, que \u00e9 Prefeitura de Jundia\u00ed. \u201c<strong>Expandir nossa rede de fibra \u00f3tica, implantar novos e melhores pontos de wi-fi p\u00fablico e telecentros; criar e otimizar sistemas que facilitem a vida do cidad\u00e3o e do servidor p\u00fablico, que principalmente tragam agilidade, transpar\u00eancia, praticidade e economia \u00e0 administra\u00e7\u00e3o p\u00fablica e que possibilite cada vez mais que servi\u00e7os\/solicita\u00e7\u00f5es sejam realizados remotamente, sem a necessidade de se deslocar at\u00e9 algum local f\u00edsico<\/strong>\u201d, conclui.<\/p>\n<div id=\"attachment_157584\" style=\"width: 410px\" class=\"wp-caption alignleft\"><a href=\"https:\/\/jundiai.sp.gov.br\/noticias\/wp-content\/uploads\/sites\/32\/2015\/10\/20151008_201049_G.jpg\"><img loading=\"lazy\" decoding=\"async\" aria-describedby=\"caption-attachment-157584\" class=\"size-large wp-image-157584\" src=\"https:\/\/jundiai.sp.gov.br\/noticias\/wp-content\/uploads\/sites\/32\/2015\/10\/20151008_201049_G-720x405.jpg\" alt=\"A premia\u00e7\u00e3o ocorreu nessa quinta-feira (8) em S\u00e3o Paulo\" width=\"400\" height=\"400\" \/><\/a><p id=\"caption-attachment-157584\" class=\"wp-caption-text\">A premia\u00e7\u00e3o ocorreu nessa quinta-feira (8) em S\u00e3o Paulo<\/p><\/div>\n<p><strong>Inova\u00e7\u00f5es<\/strong><br \/>\nConforme divulgado na revista, a Cijun instalou um anel de comunica\u00e7\u00e3o \u00f3ptico na cidade, com cerca de 45 quil\u00f4metros, e tem planos de atingir 400 quil\u00f4metros nos pr\u00f3ximos anos, atendendo 100% dos servi\u00e7os p\u00fablicos com mais economia, segundo Gilberto.<\/p>\n<p>Esse sistema permitiu \u00e0 Prefeitura de Jundia\u00ed criar novas zonas de Wi-Fi para atender a demanda por conex\u00f5es na cidade, al\u00e9m de agilizar outros servi\u00e7os aos cidad\u00e3os.<\/p>\n<p>A Cijun tamb\u00e9m trabalhou na moderniza\u00e7\u00e3o da infraestrutura de software da Prefeitura, criando APIs ou interfaces de programa\u00e7\u00e3o de aplicativos, para facilitar a conectividade com solu\u00e7\u00f5es de terceiros, e adotou computa\u00e7\u00e3o em nuvem e ferramentas de colabora\u00e7\u00e3o para algumas \u00e1reas, preparando o ambiente para o chamado governo eletr\u00f4nico m\u00f3vel (m-gov).<\/p>\n<p>Al\u00e9m disso, esse ano, implementou o <strong><a href=\"https:\/\/jundiai.sp.gov.br\/noticias\/2015\/06\/26\/com-sistema-eletronico-jundiai-ganha-pioneirismo-nacional\/\" target=\"_blank\">Sistema Eletr\u00f4nico de Informa\u00e7\u00f5es (SEI)<\/a><\/strong>, uma plataforma desenvolvida em software livre que permite transferir toda a gest\u00e3o de documentos e processos eletr\u00f4nicos administrativos para um ambiente virtual.<\/p>\n<p><strong>Veja Mais<\/strong><br \/>\n<iframe loading=\"lazy\" width=\"420\" height=\"315\" src=\"https:\/\/www.youtube.com\/embed\/WyY6r1hO1dc\" frameborder=\"0\" allowfullscreen><\/iframe><\/p>\n<p><em><strong>Isabela Silva<br \/>\nFotos: Paulo Gr\u00e9gio e Divulga\u00e7\u00e3o <\/strong><\/em><\/p>\n","protected":false},"excerpt":{"rendered":"<p>Empresa fica entre as 200 maiores de TI que operam no Pa\u00eds e \u00e9 destaque no seguimento servi\u00e7os\/governo<\/p>\n","protected":false},"author":10,"featured_media":157588,"comment_status":"closed","ping_status":"closed","sticky":false,"template":"","format":"standard","meta":{"footnotes":""},"categories":[2],"tags":[235,58],"ods":[],"class_list":["post-157573","post","type-post","status-publish","format-standard","has-post-thumbnail","hentry","category-noticias","tag-companhia-de-informatica-de-jundiai-cijun","tag-prefeito"],"_links":{"self":[{"href":"https:\/\/jundiai.sp.gov.br\/noticias\/wp-json\/wp\/v2\/posts\/157573","targetHints":{"allow":["GET"]}}],"collection":[{"href":"https:\/\/jundiai.sp.gov.br\/noticias\/wp-json\/wp\/v2\/posts"}],"about":[{"href":"https:\/\/jundiai.sp.gov.br\/noticias\/wp-json\/wp\/v2\/types\/post"}],"author":[{"embeddable":true,"href":"https:\/\/jundiai.sp.gov.br\/noticias\/wp-json\/wp\/v2\/users\/10"}],"replies":[{"embeddable":true,"href":"https:\/\/jundiai.sp.gov.br\/noticias\/wp-json\/wp\/v2\/comments?post=157573"}],"version-history":[{"count":9,"href":"https:\/\/jundiai.sp.gov.br\/noticias\/wp-json\/wp\/v2\/posts\/157573\/revisions"}],"predecessor-version":[{"id":158219,"href":"https:\/\/jundiai.sp.gov.br\/noticias\/wp-json\/wp\/v2\/posts\/157573\/revisions\/158219"}],"wp:featuredmedia":[{"embeddable":true,"href":"https:\/\/jundiai.sp.gov.br\/noticias\/wp-json\/wp\/v2\/media\/157588"}],"wp:attachment":[{"href":"https:\/\/jundiai.sp.gov.br\/noticias\/wp-json\/wp\/v2\/media?parent=157573"}],"wp:term":[{"taxonomy":"category","embeddable":true,"href":"https:\/\/jundiai.sp.gov.br\/noticias\/wp-json\/wp\/v2\/categories?post=157573"},{"taxonomy":"post_tag","embeddable":true,"href":"https:\/\/jundiai.sp.gov.br\/noticias\/wp-json\/wp\/v2\/tags?post=157573"},{"taxonomy":"ods","embeddable":true,"href":"https:\/\/jundiai.sp.gov.br\/noticias\/wp-json\/wp\/v2\/ods?post=157573"}],"curies":[{"name":"wp","href":"https:\/\/api.w.org\/{rel}","templated":true}]}}